{"id":205769,"date":"2023-07-14T00:00:58","date_gmt":"2023-07-13T22:00:58","guid":{"rendered":"https:\/\/smago.de\/ws2\/?p=205769"},"modified":"2023-07-13T17:49:19","modified_gmt":"2023-07-13T15:49:19","slug":"bb-4","status":"publish","type":"post","link":"https:\/\/smago.de\/ws2\/comedy\/bb-4\/","title":{"rendered":"BERNHARD BRINK, JOCHEN BUSSE u.a. <br>Heute (14.07.2023) in der Sendung &#8222;3nach9&#8220; zu Gast!"},"content":{"rendered":"<p><span class=\"title columns\"><span class=\"subtitle\">&#8222;Die Bremer Talk-Show&#8220; \/\/\u00a0<\/span><\/span>NDR Fernsehen + HR Fernsehen, 22:00 Uhr &#8211; 00:05 Uhr! Moderation: Judith Rakers und Giovanni di Lorenzo!<br \/>\n<!--more--><\/p>\n<div class=\"left-list-col columns\"><\/div>\n<div><\/div>\n<div><\/div>\n<div><\/div>\n<div id=\"2znm8k-accordion\" class=\"accordion-content\" role=\"tabpanel\" data-tab-content=\"\" aria-labelledby=\"2znm8k-accordion-label\" aria-hidden=\"false\">\n<div class=\"event-detail\" style=\"text-align: justify;\">\n<div class=\"detail-top row collapse \">\n<div class=\"row collapse\">\n<div class=\"center-list-col columns mb-20 pr-20\">\n<div class=\"eventText\">\n<p><strong>Judith Rakers und Giovanni di Lorenzo begr\u00fc\u00dfen folgende G\u00e4ste &#8230;:<\/strong><\/p>\n<\/div>\n<\/div>\n<\/div>\n<\/div>\n<\/div>\n<\/div>\n<p>&nbsp;<\/p>\n<p>&nbsp;<\/p>\n<div id=\"2znm8k-accordion\" class=\"accordion-content\" role=\"tabpanel\" data-tab-content=\"\" aria-labelledby=\"2znm8k-accordion-label\" aria-hidden=\"false\">\n<div class=\"event-detail\" style=\"text-align: justify;\">\n<div class=\"detail-top row collapse \">\n<div class=\"row collapse\">\n<div class=\"center-list-col columns mb-20 pr-20\">\n<div class=\"eventText\">\n<ul>\n<li>Jochen Busse, Schauspieler<\/li>\n<li>Evelyn Burdecki, Reality-TV-Star<\/li>\n<li>Bernhard Brink, Schlagers\u00e4nger<\/li>\n<li>Susanne Foitzik, Biologin und Ameisenforscherin<\/li>\n<li>Timon Krause, Mentalist<\/li>\n<li>Christine Th\u00fcrmer, Langstreckenwanderin und Abenteurerin<\/li>\n<\/ul>\n<\/div>\n<\/div>\n<\/div>\n<\/div>\n<\/div>\n<\/div>\n<p>&nbsp;<\/p>\n<p>&nbsp;<\/p>\n<p>&nbsp;<\/p>\n<p>&nbsp;<\/p>\n<p>&nbsp;<\/p>\n<div id=\"2znm8k-accordion\" class=\"accordion-content\" role=\"tabpanel\" data-tab-content=\"\" aria-labelledby=\"2znm8k-accordion-label\" aria-hidden=\"false\">\n<ul style=\"text-align: justify;\">\n<li><strong>Jochen Busse<\/strong><\/li>\n<\/ul>\n<p>&nbsp;<\/p>\n<p style=\"text-align: justify;\">Er bescheinigt sich einen &#8222;\u00fcberperfektionierten \u00c4sthetizismus&#8220;: der Schauspieler Jochen Busse. Schon mit zw\u00f6lf Jahren wei\u00df der 1941 in Iserlohn geborene Busse, dass er auf die B\u00fchne will. Sein Berufswunsch wird von seinem Elternhaus nicht akzeptiert, doch er widersetzt sich dem, finanziert seine Schauspielausbildung mit Aushilfsjobs als Autow\u00e4scher und Lagerarbeiter und avanciert zu einem der beliebtesten und popul\u00e4rsten Protagonisten der TV-Unterhaltung und des Boulevardtheaters. Zehn Jahre lang moderierte Busse &#8222;7 Tage, 7 K\u00f6pfe&#8220;, feiert Erfolge als Amtsrat Hagen Krause in &#8222;Das Amt&#8220; und brilliert zuletzt in der Theaterkom\u00f6die &#8222;Komplexe V\u00e4ter&#8220;. \u00dcber seine mehr als 60 Jahre andauernde Karriere und welche L\u00fcge ihn sein ganzes Leben lang begleitet, berichtet Busse bei &#8222;3nach9&#8220;.<\/p>\n<\/div>\n<p>&nbsp;<\/p>\n<p>&nbsp;<\/p>\n<p>&nbsp;<\/p>\n<p>&nbsp;<\/p>\n<p>&nbsp;<\/p>\n<div id=\"2znm8k-accordion\" class=\"accordion-content\" role=\"tabpanel\" data-tab-content=\"\" aria-labelledby=\"2znm8k-accordion-label\" aria-hidden=\"false\">\n<ul style=\"text-align: justify;\">\n<li><strong>Evelyn Burdecki<\/strong><\/li>\n<\/ul>\n<p>&nbsp;<\/p>\n<p style=\"text-align: justify;\">Entwaffnend authentisch und erfrischend humorvoll ist sie in ihrem Auftreten: Evelyn Burdecki. Sie suchte ihren Traummann im Paradies, schwofte \u00fcbers Tanzparkett, wurde Dschungel-K\u00f6nigin und bewertete Talente als Jurymitglied. &#8222;Nicht so schlaue Menschen halten mich f\u00fcr ein Dummchen&#8220;, hat sie letztens verraten. Aber je mehr sie untersch\u00e4tzt wird, desto eher kann sie \u00fcberraschen, wei\u00df die D\u00fcsseldorferin. Als Tochter polnischer Eltern, die in der Sicherheits- und Reinigungsbranche arbeiteten, hat sie es in ihrer Kindheit nicht immer leicht gehabt. Was sie von ihnen lernte und auch zur\u00fcckgab und warum sie drei Berufsausbildungen abbrach, berichtet Evelyn Burdecki bei &#8222;3nach9&#8220;.<\/p>\n<\/div>\n<p>&nbsp;<\/p>\n<p>&nbsp;<\/p>\n<p>&nbsp;<\/p>\n<p>&nbsp;<\/p>\n<p>&nbsp;<\/p>\n<div id=\"2znm8k-accordion\" class=\"accordion-content\" role=\"tabpanel\" data-tab-content=\"\" aria-labelledby=\"2znm8k-accordion-label\" aria-hidden=\"false\">\n<ul style=\"text-align: justify;\">\n<li><strong>Bernhard Brink<\/strong><\/li>\n<\/ul>\n<p>&nbsp;<\/p>\n<p style=\"text-align: justify;\">Spiel, Satz und Sieg &#8230; Eigentlich verortet man Bernhard Brink seit mehr als 50 Jahren auf den Schlagerb\u00fchnen der Republik. Was viele nicht wissen: 1969 wurde er Jugendlandesmeister Niedersachsens im Tennis, noch heute spielt der 71-J\u00e4hrige regelm\u00e4\u00dfig mit seinem Team vom Tennis-Club 1899 e.V. Blau-Weiss Punktspiele in der h\u00f6chsten Berliner Liga. Seinem Job ist er auch nach einem halben Jahrhundert treu geblieben: Mit gut 50 Albumver\u00f6ffentlichungen und doppelt so vielen Singles z\u00e4hlt er noch immer zu den erfolgreichsten deutschsprachigen Schlagerstars. \u00dcber mangelnde Auftrittsm\u00f6glichkeiten kann sich Bernhard Brink auch in diesem Sommer wahrlich nicht beklagen. \u00dcber den Stellenwert von Schlagermusik in der aktuellen Zeit und Geschichten, die ihn mit Dieter Thomas Heck und Rudi Carrell verbinden, berichtet Bernhard Brink bei &#8222;3nach9&#8220;.<\/p>\n<\/div>\n<p>&nbsp;<\/p>\n<p>&nbsp;<\/p>\n<p>&nbsp;<\/p>\n<p>&nbsp;<\/p>\n<p>&nbsp;<\/p>\n<div id=\"2znm8k-accordion\" class=\"accordion-content\" role=\"tabpanel\" data-tab-content=\"\" aria-labelledby=\"2znm8k-accordion-label\" aria-hidden=\"false\">\n<ul style=\"text-align: justify;\">\n<li><strong>Susanne Foitzik<\/strong><\/li>\n<\/ul>\n<p>&nbsp;<\/p>\n<p style=\"text-align: justify;\">Im Fr\u00fchling und Sommer haben sie Hochsaison. Sie s\u00e4ubern Parks und G\u00e4rten, pflegen Blattl\u00e4use und marschieren auf Futtersuche in H\u00e4user und Wohnungen ein. Die Rede ist von Ameisen. Susanne Foitzik ist eine weltweit anerkannte Koryph\u00e4e auf dem Gebiet der Ameisenforschung. Die Biologin forschte schon w\u00e4hrend ihrer Promotion zum Verhalten und der Evolution von Ameisen, lehrte in den USA und in M\u00fcnchen und hat aktuell einen Lehrstuhl an der Johannes Gutenberg-Universit\u00e4t Mainz inne. Bei &#8222;3nach9&#8220; berichtet die Professorin \u00fcber die beeindruckenden sechsbeinigen Insekten, die eigene Formen der Arbeitsteilung, Kommunikation und Selbstorganisation entwickelt haben.<\/p>\n<\/div>\n<p>&nbsp;<\/p>\n<p>&nbsp;<\/p>\n<p>&nbsp;<\/p>\n<p>&nbsp;<\/p>\n<p>&nbsp;<\/p>\n<div id=\"2znm8k-accordion\" class=\"accordion-content\" role=\"tabpanel\" data-tab-content=\"\" aria-labelledby=\"2znm8k-accordion-label\" aria-hidden=\"false\">\n<ul style=\"text-align: justify;\">\n<li><strong>Timon Krause<\/strong><\/li>\n<\/ul>\n<p>&nbsp;<\/p>\n<p style=\"text-align: justify;\">Ok, tanzen kann er auch. Ziemlich gut sogar. Das hat Timon Krause in diesem Jahr schon eindrucksvoll bei &#8222;Let\u00b4s Dance&#8220; unter Beweis gestellt. Seine eigentliche Spezialit\u00e4t sind allerdings seine mentalen F\u00e4higkeiten. Der studierte Philosoph ist ein Mentalist und kann innerhalb von k\u00fcrzester Zeit die Gedanken seines Gegen\u00fcbers lesen. Menschen sind vorhersehbar, sagt er und erkennt beispielsweise anhand von K\u00f6rpersprache, wie Menschen die Wahrheit sagen oder l\u00fcgen. Bei &#8222;3nach9&#8220; wird er auch die Gestik und Mimik des Moderatorenteams genauer unter die Lupe nehmen, denn je besser sich Menschen verstehen, desto \u00e4hnlicher werden sie sich in Sprechrhythmus, Gestik und Mimik.<\/p>\n<\/div>\n<p>&nbsp;<\/p>\n<p>&nbsp;<\/p>\n<p>&nbsp;<\/p>\n<p>&nbsp;<\/p>\n<p>&nbsp;<\/p>\n<div id=\"2znm8k-accordion\" class=\"accordion-content\" role=\"tabpanel\" data-tab-content=\"\" aria-labelledby=\"2znm8k-accordion-label\" aria-hidden=\"false\">\n<ul style=\"text-align: justify;\">\n<li><strong>Christine Th\u00fcrmer<\/strong><\/li>\n<\/ul>\n<p>&nbsp;<\/p>\n<p style=\"text-align: justify;\">Seit fast 20 Jahren ist sie jetzt unterwegs in der Welt, mehr als 60.000 Kilometer hat sie dabei zu Fu\u00df hinter sich gelassen und gilt damit als &#8222;meistgewanderte&#8220; Frau der Welt. Die geb\u00fcrtige Forchheimerin Christine Th\u00fcrmer wundert sich manchmal selbst \u00fcber ihre Ausdauer, attestiert sie sich doch Plattf\u00fc\u00dfe, X-Beine und f\u00fcnf Kilo zu viel auf den Rippen. Die ehemalige Managerin begab sich in einer unfreiwilligen Berufspause auf ihre erste Langstreckenwanderung und fing Feuer. Allein dreimal ist sie mittlerweile von Mexiko nach Kanada gegangen und hat ganze Kontinente wie Australien und Europa durchquert. Warum die Langstreckenwanderin dabei am liebsten allein unterwegs ist und welche wertvollen Tipps sie Wanderern mit auf deren Weg geben kann, berichtet die Abenteurerin bei &#8222;3nach9&#8220;.<\/p>\n<\/div>\n<p>&nbsp;<\/p>\n<p>&nbsp;<\/p>\n<figure id=\"attachment_205779\" aria-describedby=\"caption-attachment-205779\" style=\"width: 800px\" class=\"wp-caption alignnone\"><img decoding=\"async\" loading=\"lazy\" class=\"size-large wp-image-205779\" src=\"https:\/\/smago.de\/ws2\/wp-content\/uploads\/2093\/07\/11_3nach9_PW2823-1-800x448.jpg\" alt=\"\" width=\"800\" height=\"448\" srcset=\"https:\/\/smago.de\/ws2\/wp-content\/uploads\/2093\/07\/11_3nach9_PW2823-1-800x448.jpg 800w, https:\/\/smago.de\/ws2\/wp-content\/uploads\/2093\/07\/11_3nach9_PW2823-1-522x292.jpg 522w, https:\/\/smago.de\/ws2\/wp-content\/uploads\/2093\/07\/11_3nach9_PW2823-1-268x150.jpg 268w, https:\/\/smago.de\/ws2\/wp-content\/uploads\/2093\/07\/11_3nach9_PW2823-1-768x430.jpg 768w, https:\/\/smago.de\/ws2\/wp-content\/uploads\/2093\/07\/11_3nach9_PW2823-1-1536x860.jpg 1536w, https:\/\/smago.de\/ws2\/wp-content\/uploads\/2093\/07\/11_3nach9_PW2823-1-2048x1147.jpg 2048w, https:\/\/smago.de\/ws2\/wp-content\/uploads\/2093\/07\/11_3nach9_PW2823-1-392x220.jpg 392w, https:\/\/smago.de\/ws2\/wp-content\/uploads\/2093\/07\/11_3nach9_PW2823-1-130x73.jpg 130w, https:\/\/smago.de\/ws2\/wp-content\/uploads\/2093\/07\/11_3nach9_PW2823-1-794x445.jpg 794w, https:\/\/smago.de\/ws2\/wp-content\/uploads\/2093\/07\/11_3nach9_PW2823-1-870x487.jpg 870w, https:\/\/smago.de\/ws2\/wp-content\/uploads\/2093\/07\/11_3nach9_PW2823-1-292x164.jpg 292w, https:\/\/smago.de\/ws2\/wp-content\/uploads\/2093\/07\/11_3nach9_PW2823-1-435x244.jpg 435w\" sizes=\"(max-width: 800px) 100vw, 800px\" \/><figcaption id=\"caption-attachment-205779\" class=\"wp-caption-text\"><em>G\u00e4stegruppe vom 14.07.2023<\/em><\/p>\n<p><em>\u00a9 Radio Bremen \/ Matthias Hornung<\/em><\/figcaption><\/figure>\n","protected":false},"excerpt":{"rendered":"<p>&#8222;Die Bremer Talk-Show&#8220; \/\/\u00a0NDR Fernsehen + HR Fernsehen, 22:00 Uhr &#8211; 00:05 Uhr! Moderation: Judith Rakers und Giovanni di Lorenzo!<\/p>\n","protected":false},"author":2,"featured_media":205779,"comment_status":"open","ping_status":"closed","sticky":false,"template":"","format":"standard","meta":{"_FSMCFIC_featured_image_caption":"","_FSMCFIC_featured_image_nocaption":"","_FSMCFIC_featured_image_hide":""},"categories":[3,29,128],"tags":[215],"acf":[],"_links":{"self":[{"href":"https:\/\/smago.de\/ws2\/wp-json\/wp\/v2\/posts\/205769"}],"collection":[{"href":"https:\/\/smago.de\/ws2\/wp-json\/wp\/v2\/posts"}],"about":[{"href":"https:\/\/smago.de\/ws2\/wp-json\/wp\/v2\/types\/post"}],"author":[{"embeddable":true,"href":"https:\/\/smago.de\/ws2\/wp-json\/wp\/v2\/users\/2"}],"replies":[{"embeddable":true,"href":"https:\/\/smago.de\/ws2\/wp-json\/wp\/v2\/comments?post=205769"}],"version-history":[{"count":4,"href":"https:\/\/smago.de\/ws2\/wp-json\/wp\/v2\/posts\/205769\/revisions"}],"predecessor-version":[{"id":205781,"href":"https:\/\/smago.de\/ws2\/wp-json\/wp\/v2\/posts\/205769\/revisions\/205781"}],"wp:featuredmedia":[{"embeddable":true,"href":"https:\/\/smago.de\/ws2\/wp-json\/wp\/v2\/media\/205779"}],"wp:attachment":[{"href":"https:\/\/smago.de\/ws2\/wp-json\/wp\/v2\/media?parent=205769"}],"wp:term":[{"taxonomy":"category","embeddable":true,"href":"https:\/\/smago.de\/ws2\/wp-json\/wp\/v2\/categories?post=205769"},{"taxonomy":"post_tag","embeddable":true,"href":"https:\/\/smago.de\/ws2\/wp-json\/wp\/v2\/tags?post=205769"}],"curies":[{"name":"wp","href":"https:\/\/api.w.org\/{rel}","templated":true}]}}