{"id":205398,"date":"2023-07-07T00:00:16","date_gmt":"2023-07-06T22:00:16","guid":{"rendered":"https:\/\/smago.de\/ws2\/?p=205398"},"modified":"2023-07-06T14:56:21","modified_gmt":"2023-07-06T12:56:21","slug":"michael-holm-simone-sommerland-u-a-heute-07-07-2023-in-der-ndr-talk-show-zu-gast","status":"publish","type":"post","link":"https:\/\/smago.de\/ws2\/kinderprogramm\/michael-holm-simone-sommerland-u-a-heute-07-07-2023-in-der-ndr-talk-show-zu-gast\/","title":{"rendered":"MICHAEL HOLM, SIMONE SOMMERLAND u.a. <br>Heute (07.07.2023) in der &#8222;NDR Talk Show&#8220; zu Gast!"},"content":{"rendered":"<p>NDR Fernsehen + HR Fernsehen, 22:00 Uhr &#8211; 00:00 Uhr! Moderation:\u00a0<span class=\"title columns\"><span class=\"subtitle\">Barbara Sch\u00f6neberger und Hubertus Meyer-Burckhardt<\/span><\/span><span class=\"labels columns\"><span class=\"tip-label hasThumbImage mr10\" title=\"TV-Tipp!\">!<br \/>\n<!--more--><\/span><\/span><\/p>\n<div id=\"1fd353-accordion\" class=\"accordion-content\" role=\"tabpanel\" data-tab-content=\"\" aria-labelledby=\"1fd353-accordion-label\" aria-hidden=\"false\">\n<div class=\"event-detail\">\n<div class=\"detail-top row collapse \">\n<div class=\"row collapse\">\n<div class=\"left-list-col columns\"><\/div>\n<\/div>\n<\/div>\n<\/div>\n<\/div>\n<p>&nbsp;<\/p>\n<p>&nbsp;<\/p>\n<p style=\"text-align: justify;\"><strong>G\u00e4ste:<\/strong><\/p>\n<p>&nbsp;<\/p>\n<p>&nbsp;<\/p>\n<ul style=\"text-align: justify;\">\n<li>Michael Holm, S\u00e4nger, Texter und Komponist<\/li>\n<li>Dr. Christian Klepp, Naturfotograf<\/li>\n<li>Simone Stiers aka Simone Sommerland, Kindermusikerin<\/li>\n<li>Michael Mittermeier, Comedian<\/li>\n<li>Bruce Darnell, Model und Choreograf<\/li>\n<li>Mitra Kassai, Musikmanagerin und Gr\u00fcnderin der gemeinn\u00fctzigen Initiative Oll Inklusiv gUG<\/li>\n<\/ul>\n<p>&nbsp;<\/p>\n<p>&nbsp;<\/p>\n<p>&nbsp;<\/p>\n<p>&nbsp;<\/p>\n<p>&nbsp;<\/p>\n<ul style=\"text-align: justify;\">\n<li><strong>Michael Holm, S\u00e4nger, Texter und Komponist<\/strong><\/li>\n<\/ul>\n<p>&nbsp;<\/p>\n<p style=\"text-align: justify;\">Michael Holm hat als Texter, Komponist und S\u00e4nger Schlagergeschichte geschrieben. Mit dem Millionenhit &#8222;Mendocino&#8220; startet 1969 seine Karriere, unz\u00e4hlige weitere Hits folgen. Dass er sich auch den Rex-Gildo-Schlachtruf &#8222;Hossa&#8220; ausgedacht hat, wissen aber nur wenige: er ist der Texter des Schlagerklassikers &#8222;Fiesta Mexicana&#8220;. Auch f\u00fcr Howard Carpendale, Peter Maffay, Mary Roos, Roy Black oder Guildo Horn schreibt er Hits. Als in Deutschland Mitte der achtziger Jahre kaum noch jemand Schlager h\u00f6ren will, komponiert er, inspiriert von einer S\u00fcdamerikareise, Instrumentalmusik. Vor allem in Japan, Korea und in den USA ist er damit erfolgreich, dreimal wird er f\u00fcr den Grammy nominiert. Dar\u00fcber hinaus ist der clevere Gesch\u00e4ftsmann im internationalen Verlagsgesch\u00e4ft t\u00e4tig. Im Juli wird der Allrounder 80 Jahre alt. In seiner Autobiographie und in der NDR Talk Show erz\u00e4hlt er aus seinem bewegten Leben.<\/p>\n<p>&nbsp;<\/p>\n<p>&nbsp;<\/p>\n<p>&nbsp;<\/p>\n<ul style=\"text-align: justify;\">\n<li><strong>Dr. Christian Klepp, Naturfotograf<\/strong><\/li>\n<\/ul>\n<p>&nbsp;<\/p>\n<p style=\"text-align: justify;\">F\u00fcr ein gutes Foto ist ihm kein Weg zu weit, keine Reise zu gef\u00e4hrlich, keine Strapaze zu viel. Seine Mission: Die Sch\u00f6nheit der Welt im Bild festzuhalten, um damit ein gr\u00f6\u00dferes Bewusstsein f\u00fcr die Fragilit\u00e4t des Planeten zu schaffen. Dr. Christian Klepp studierte Meteorologie und Geologie an der Universit\u00e4t Hamburg und promovierte im Fachbereich Geowissenschaften. Er arbeitet als Dozent und ist seit mehr als 20 Jahren aktiv in der internationalen Klimaforschung t\u00e4tig. W\u00e4hrend unz\u00e4hliger Forschungsreisen in die abgelegensten Winkel des Planeten gewinnt er einen tiefen Einblick in die Landschaften und ihre Entstehung. Seit drei Jahrzehnten sucht der preisgekr\u00f6nte Fotograf mit seiner Kamera nach unber\u00fchrten Landschaften der Erde. Seine Abenteuerlust und tiefe Liebe f\u00fcr den Planeten f\u00fchrte 2019 zur Verschmelzung seines Berufs mit der Landschaftsfotografie.<\/p>\n<p>&nbsp;<\/p>\n<p>&nbsp;<\/p>\n<p>&nbsp;<\/p>\n<p>&nbsp;<\/p>\n<ul style=\"text-align: justify;\">\n<li><strong>Simone Stiers aka Simone Sommerland, Kindermusikerin<\/strong><\/li>\n<\/ul>\n<p>&nbsp;<\/p>\n<p style=\"text-align: justify;\">Mehr als 440 Wochen ist sie mit dem Album &#8222;Die 30 besten Spiel- und Bewegungslieder&#8220; in den deutschen Charts vertreten &#8211; so lang wie bisher noch keiner: Simone Stiers, besser bekannt als Simone Sommerland ist die erfolgreichste Kindermusikerin Deutschlands. Mit ihren Liedern begeistert die Westf\u00e4lin nicht nur Millionen Kinder, sondern deren Eltern gleich mit. Was 2010 in einem kleinen Studio in Olfen beginnt, entwickelt sich zur Megakarriere: Gold- und Platinauszeichnungen f\u00fcr inzwischen mehr als 40 Alben. Au\u00dferdem tritt sie mit Johnny Logan, Thomas Anders oder auch Ingrid Peters auf. In diesem Jahr ist die Musikerin, die schon f\u00fcr &#8222;Die Schl\u00fcmpfe&#8220; gesungen hat, auf gro\u00dfer Tour durch Deutschland unterwegs. Dazwischen macht die dreifache Mutter Halt in der &#8222;NDR Talk Show&#8220; und holt bei Moderatoren, G\u00e4sten und Zuschauern wieder das Kind heraus.<\/p>\n<p>&nbsp;<\/p>\n<p>&nbsp;<\/p>\n<p>&nbsp;<\/p>\n<p>&nbsp;<\/p>\n<ul style=\"text-align: justify;\">\n<li><strong>Michael Mittermeier, Comedian<\/strong><\/li>\n<\/ul>\n<p>&nbsp;<\/p>\n<p style=\"text-align: justify;\">Er gilt als deutscher Stand-up-Pionier, ihm ist es als einem der ganz wenigen Komiker*innen gelungen, deutschen Humor ins Ausland zu exportieren: Michael Mittermeier. Seit mehr als 30 Jahren steht er auf der B\u00fchne. 1966 im oberbayerischen Dorfen als Sohn streng katholischer Eltern geboren, beginnt seine Comedy-Karriere Ende der 1980er-Jahre. Der 57-J\u00e4hrige steht f\u00fcr intelligenten Humor und Wortwitz. Mit seinen B\u00fchnenprogrammen begeistert er Millionen Zuschauerinnen und Zuschauer in Deutschland, \u00d6sterreich und der Schweiz. Jetzt ist er mit seinem 13. Comedy-Programm unterwegs: #13. Angeblich soll die Zahl ja Ungl\u00fcck bringen, aber Ungl\u00fcck ist doch nur die Vorstufe von Humor, so Michael Mittermeier.<\/p>\n<p>&nbsp;<\/p>\n<p>&nbsp;<\/p>\n<p>&nbsp;<\/p>\n<p>&nbsp;<\/p>\n<ul style=\"text-align: justify;\">\n<li><strong>Bruce Darnell, Model und Choreograf<\/strong><\/li>\n<\/ul>\n<p>&nbsp;<\/p>\n<p style=\"text-align: justify;\">Er ist der Mann, der 2007 bei &#8222;Germany`s Next Topmodel&#8220; mehr Drama forderte und die Handtasche zum Leben erweckte: Choreograf Bruce Darnell. Sein starker Akzent und der Satz &#8222;Die Handtasche musss lebendig sein&#8220; machen ihn ber\u00fchmt. Sechs Jahre lang dient er in seiner Heimat als Fallschirmj\u00e4ger bei der US-Armee, bevor er nach Deutschland kommt und als Model durchstartet. Mittlerweile ist Bruce seit mehr als 20 Jahren im deutschen Showgesch\u00e4ft unterwegs. Bis 2020 sitzt er neben Dieter Bohlen in der Jury von &#8222;Das Supertalent&#8220;. Jetzt ist der 65-J\u00e4hrige in dem YouTube-Format &#8222;The Moving Sofa&#8220; zu sehen. Auf dem Sofa, das an wechselnden Orten aufgestellt wird, spricht Bruce mit ganz normalen Leuten, um die Stimmung im Land zu erfassen und ihnen eine Stimme zu geben.<\/p>\n<p>&nbsp;<\/p>\n<p>&nbsp;<\/p>\n<p>&nbsp;<\/p>\n<p>&nbsp;<\/p>\n<ul style=\"text-align: justify;\">\n<li><strong>Mitra Kassai, Musikmanagerin und Gr\u00fcnderin der gemeinn\u00fctzigen Initiative Oll Inklusiv gUG<\/strong><\/li>\n<\/ul>\n<p>&nbsp;<\/p>\n<p style=\"text-align: justify;\">&#8222;In unserem Land k\u00f6nnen alte Menschen sehr einsam werden&#8220;, sagt die Musikmanagerin Mitra Kassai. Und dagegen wollte die 50-J\u00e4hrige etwas tun und gr\u00fcndet vor sechs Jahren die Initiative Oll Inklusiv, in der sich mittlerweile 40 Ehrenamtliche engagieren. Ihr eigener Egoismus habe sie dahin gebracht. Die Frage: Was m\u00f6chte ich selber im Alter erleben? Durch ihre Kontakte in die Musik- und Kulturszene stand schnell das erste Format &#8222;Die Halbpension&#8220;. Ein bunter Sonntagnachmittag in unterschiedlichen Hamburger Clubs, barrierefrei und kostenlos f\u00fcr alle ab 60. Das Programm startet mit einer Lesung oder einem Konzert, danach kommt das &#8222;Musik-Bingo&#8220;. &#8222;Wer die meisten Titel erraten hat, bekommt einen Eierlik\u00f6r.&#8220; Den Abschluss macht der Tanz. &#8222;Eine Seniorita hat mal gesagt, wenn sie zu Hause sind, sind sie Oma und Opa, Witwe und Witwer. Bei der Halbpension sind sie wieder Uschi, Peter oder Gerhard.&#8220; Dar\u00fcber hinaus gibt es andere Angebote wie Ausfl\u00fcge zum Wacken Open Air, Bosse-Konzert oder zum Graffiti-Workshop. Mitra Kassai geht es mit Oll Inklusiv aber nicht nur darum, die \u00e4ltere Generation zu entertainen. Denn sie wei\u00df auch: &#8222;Von den \u00c4lteren k\u00f6nnen wir einiges lernen, wenn wir ihnen auf Augenh\u00f6he begegnen. Sie zeigen mir immer wieder, wie wichtig es ist, das Leben bewusst zu genie\u00dfen.&#8220;<\/p>\n<p>&nbsp;<\/p>\n<p>&nbsp;<\/p>\n<figure id=\"attachment_194977\" aria-describedby=\"caption-attachment-194977\" style=\"width: 800px\" class=\"wp-caption alignnone\"><img decoding=\"async\" loading=\"lazy\" class=\"size-large wp-image-194977\" src=\"https:\/\/smago.de\/ws2\/wp-content\/uploads\/2023\/01\/1_NDR_Talk_Show_Logo_2022-800x448.jpg\" alt=\"\" width=\"800\" height=\"448\" srcset=\"https:\/\/smago.de\/ws2\/wp-content\/uploads\/2023\/01\/1_NDR_Talk_Show_Logo_2022-800x448.jpg 800w, https:\/\/smago.de\/ws2\/wp-content\/uploads\/2023\/01\/1_NDR_Talk_Show_Logo_2022-522x292.jpg 522w, https:\/\/smago.de\/ws2\/wp-content\/uploads\/2023\/01\/1_NDR_Talk_Show_Logo_2022-268x150.jpg 268w, https:\/\/smago.de\/ws2\/wp-content\/uploads\/2023\/01\/1_NDR_Talk_Show_Logo_2022-768x430.jpg 768w, https:\/\/smago.de\/ws2\/wp-content\/uploads\/2023\/01\/1_NDR_Talk_Show_Logo_2022-1536x860.jpg 1536w, https:\/\/smago.de\/ws2\/wp-content\/uploads\/2023\/01\/1_NDR_Talk_Show_Logo_2022-2048x1147.jpg 2048w, https:\/\/smago.de\/ws2\/wp-content\/uploads\/2023\/01\/1_NDR_Talk_Show_Logo_2022-392x220.jpg 392w, https:\/\/smago.de\/ws2\/wp-content\/uploads\/2023\/01\/1_NDR_Talk_Show_Logo_2022-130x73.jpg 130w, https:\/\/smago.de\/ws2\/wp-content\/uploads\/2023\/01\/1_NDR_Talk_Show_Logo_2022-794x445.jpg 794w, https:\/\/smago.de\/ws2\/wp-content\/uploads\/2023\/01\/1_NDR_Talk_Show_Logo_2022-870x487.jpg 870w, https:\/\/smago.de\/ws2\/wp-content\/uploads\/2023\/01\/1_NDR_Talk_Show_Logo_2022-292x164.jpg 292w, https:\/\/smago.de\/ws2\/wp-content\/uploads\/2023\/01\/1_NDR_Talk_Show_Logo_2022-435x244.jpg 435w\" sizes=\"(max-width: 800px) 100vw, 800px\" \/><figcaption id=\"caption-attachment-194977\" class=\"wp-caption-text\"><em>\u00a9 NDR<\/em><\/figcaption><\/figure>\n","protected":false},"excerpt":{"rendered":"<p>NDR Fernsehen + HR Fernsehen, 22:00 Uhr &#8211; 00:00 Uhr! Moderation:\u00a0Barbara Sch\u00f6neberger und Hubertus Meyer-Burckhardt!<\/p>\n","protected":false},"author":2,"featured_media":186173,"comment_status":"open","ping_status":"closed","sticky":false,"template":"","format":"standard","meta":{"_FSMCFIC_featured_image_caption":"","_FSMCFIC_featured_image_nocaption":"","_FSMCFIC_featured_image_hide":""},"categories":[20,29,128],"tags":[254],"acf":[],"_links":{"self":[{"href":"https:\/\/smago.de\/ws2\/wp-json\/wp\/v2\/posts\/205398"}],"collection":[{"href":"https:\/\/smago.de\/ws2\/wp-json\/wp\/v2\/posts"}],"about":[{"href":"https:\/\/smago.de\/ws2\/wp-json\/wp\/v2\/types\/post"}],"author":[{"embeddable":true,"href":"https:\/\/smago.de\/ws2\/wp-json\/wp\/v2\/users\/2"}],"replies":[{"embeddable":true,"href":"https:\/\/smago.de\/ws2\/wp-json\/wp\/v2\/comments?post=205398"}],"version-history":[{"count":2,"href":"https:\/\/smago.de\/ws2\/wp-json\/wp\/v2\/posts\/205398\/revisions"}],"predecessor-version":[{"id":205400,"href":"https:\/\/smago.de\/ws2\/wp-json\/wp\/v2\/posts\/205398\/revisions\/205400"}],"wp:featuredmedia":[{"embeddable":true,"href":"https:\/\/smago.de\/ws2\/wp-json\/wp\/v2\/media\/186173"}],"wp:attachment":[{"href":"https:\/\/smago.de\/ws2\/wp-json\/wp\/v2\/media?parent=205398"}],"wp:term":[{"taxonomy":"category","embeddable":true,"href":"https:\/\/smago.de\/ws2\/wp-json\/wp\/v2\/categories?post=205398"},{"taxonomy":"post_tag","embeddable":true,"href":"https:\/\/smago.de\/ws2\/wp-json\/wp\/v2\/tags?post=205398"}],"curies":[{"name":"wp","href":"https:\/\/api.w.org\/{rel}","templated":true}]}}