{"id":204860,"date":"2023-06-29T12:19:14","date_gmt":"2023-06-29T10:19:14","guid":{"rendered":"https:\/\/smago.de\/ws2\/?p=204860"},"modified":"2023-06-30T00:22:03","modified_gmt":"2023-06-29T22:22:03","slug":"eric-philippi-mit-wir-bleiben-noch-nimmt-er-kurs-auf-sein-zweites-album","status":"publish","type":"post","link":"https:\/\/smago.de\/ws2\/pop-schlager\/eric-philippi-mit-wir-bleiben-noch-nimmt-er-kurs-auf-sein-zweites-album\/","title":{"rendered":"ERIC PHILIPPI <br>Mit \u201eWir bleiben noch\u201c nimmt er Kurs auf sein zweites Album!\u00a0"},"content":{"rendered":"<p style=\"text-align: justify;\">Auch er selbst musste bekannterma\u00dfen erst ein paar Umwege nehmen, bis sein Weg in die Spitzenregion der Charts und auf die gro\u00dfen B\u00fchnen f\u00fchrte &#8230;!<br \/>\n<!--more--><\/p>\n<p>&nbsp;<\/p>\n<p>&nbsp;<\/p>\n<p>&nbsp;<\/p>\n<p style=\"text-align: justify;\">Mit seinem Sensations-Deb\u00fct \u201eSchockverliebt\u201c konnte ERIC PHILIPPI nicht nur die Offiziellen Deutschen Album Charts aufmischen, sondern binnen k\u00fcrzester Zeit auch zur festen Gr\u00f6\u00dfe auf den wichtigsten B\u00fchnen des Landes avancieren. Nun schl\u00e4gt der 26-J\u00e4hrige in dieser Woche das n\u00e4chste Kapitel auf: Mit der brandneuen Single \u201eWir bleiben noch\u201c nimmt er Kurs aufs gleichnamige zweite Album, das im Fr\u00fchjahr 2024 erscheinen soll.<\/p>\n<p style=\"text-align: justify;\">Auch er selbst musste bekannterma\u00dfen erst ein paar Umwege nehmen, bis sein Weg in die Spitzenregion der Charts und auf die gro\u00dfen B\u00fchnen f\u00fchrte \u2013 aber ganz klar ist er gekommen, um zu bleiben: \u201eWir bleiben noch\u201c hei\u00dft passend auch die Auftakt-Single, mit der Eric Philippi in dieser Woche sein zweites Album ank\u00fcndigt. W\u00e4hrend der gleichnamige Longplayer im Fr\u00fchjahr 2024 erscheinen soll, ist die titelgebende Single bereits ab dem 30. Juni \u00fcberall verf\u00fcgbar.<\/p>\n<p style=\"text-align: justify;\">Im Jahr 1997 geboren, zog es Eric Philippi schon als kleinen Jungen auf die B\u00fchne &#8211; denn er war gewisserma\u00dfen der Entertainer der Gro\u00dffamilie. Obwohl der S\u00e4nger und Multiinstrumentalist (u.a. Trompete, Klavier) schon als Kind regelm\u00e4\u00dfig auf s\u00e4mtlichen Festen und Partys auftrat, entschied er sich zun\u00e4chst f\u00fcr eine Ausbildung als KFZ-Mechatroniker. W\u00e4hrend er nebenher schon erste Preise gewann (u.a. Newcomer-Wettbewerb des Saarl\u00e4ndischen Radiosenders \u201eRadio Sal\u00fc\u201c, 2015), war nach einer Geburtstagsfeier seines Chefs, bei der aus einem \u201ekleinen St\u00e4ndchen\u201c ein vollwertiges Spontankonzert geworden war, allen klar, dass er \u201enicht unter die Hebeb\u00fchne, sondern auf die Showb\u00fchne\u201c geh\u00f6rte. Mit dem Deb\u00fctalbum \u201eSchockverliebt\u201c eroberte Eric Philippi dann im September 2021 die Top-15 der Offiziellen Deutschen Albumcharts \u2013 und pr\u00e4sentierte im August 2022 die erweiterte 2CD-Version \u201eSchockverliebt (Die Zweite)\u201c mit einer Vielzahl neuer Eigenkompositionen, die gleich noch ein zweites Mal die Top-15 aufmischen sollte.<\/p>\n<p style=\"text-align: justify;\">\u201eWir haben uns so vermisst\u201c \u2013 aber jetzt geht\u2019s wieder los: Mit der Auftakt-Single \u201eWir bleiben noch\u201c nimmt Eric Philippi ab sofort Kurs auf sein zweites Album!<\/p>\n<p style=\"text-align: justify;\">Die Single \u201eWir bleiben noch\u201c erscheint am 30.06.2023.<\/p>\n","protected":false},"excerpt":{"rendered":"<p>Auch er selbst musste bekannterma\u00dfen erst ein paar Umwege nehmen, bis sein Weg in die Spitzenregion der Charts und auf<\/p>\n","protected":false},"author":2,"featured_media":204927,"comment_status":"open","ping_status":"closed","sticky":false,"template":"","format":"standard","meta":{"_FSMCFIC_featured_image_caption":"","_FSMCFIC_featured_image_nocaption":"","_FSMCFIC_featured_image_hide":""},"categories":[28],"tags":[1691],"acf":[],"_links":{"self":[{"href":"https:\/\/smago.de\/ws2\/wp-json\/wp\/v2\/posts\/204860"}],"collection":[{"href":"https:\/\/smago.de\/ws2\/wp-json\/wp\/v2\/posts"}],"about":[{"href":"https:\/\/smago.de\/ws2\/wp-json\/wp\/v2\/types\/post"}],"author":[{"embeddable":true,"href":"https:\/\/smago.de\/ws2\/wp-json\/wp\/v2\/users\/2"}],"replies":[{"embeddable":true,"href":"https:\/\/smago.de\/ws2\/wp-json\/wp\/v2\/comments?post=204860"}],"version-history":[{"count":3,"href":"https:\/\/smago.de\/ws2\/wp-json\/wp\/v2\/posts\/204860\/revisions"}],"predecessor-version":[{"id":204929,"href":"https:\/\/smago.de\/ws2\/wp-json\/wp\/v2\/posts\/204860\/revisions\/204929"}],"wp:featuredmedia":[{"embeddable":true,"href":"https:\/\/smago.de\/ws2\/wp-json\/wp\/v2\/media\/204927"}],"wp:attachment":[{"href":"https:\/\/smago.de\/ws2\/wp-json\/wp\/v2\/media?parent=204860"}],"wp:term":[{"taxonomy":"category","embeddable":true,"href":"https:\/\/smago.de\/ws2\/wp-json\/wp\/v2\/categories?post=204860"},{"taxonomy":"post_tag","embeddable":true,"href":"https:\/\/smago.de\/ws2\/wp-json\/wp\/v2\/tags?post=204860"}],"curies":[{"name":"wp","href":"https:\/\/api.w.org\/{rel}","templated":true}]}}