{"id":204721,"date":"2023-06-27T22:43:49","date_gmt":"2023-06-27T20:43:49","guid":{"rendered":"https:\/\/smago.de\/ws2\/?p=204721"},"modified":"2023-06-27T22:44:11","modified_gmt":"2023-06-27T20:44:11","slug":"halleluja-paul-halleluja-paul-bei-badeunfall-auf-korfu-verstorben","status":"publish","type":"post","link":"https:\/\/smago.de\/ws2\/schlager\/halleluja-paul-halleluja-paul-bei-badeunfall-auf-korfu-verstorben\/","title":{"rendered":"HALLELUJA PAUL <br>Halleluja Paul bei Badeunfall auf Korfu verstorben!"},"content":{"rendered":"<p>Paul Kellner, so sein b\u00fcrgerlicher Name, war der Bruder von Toni Kellner!<br \/>\n<!--more--><\/p>\n<p>&nbsp;<\/p>\n<p>&nbsp;<\/p>\n<p style=\"text-align: justify;\">\n<p style=\"text-align: justify;\">HALLELUJA PAUL ist tot. Der 73-j\u00e4hrige, der sich auf Korfu (Griechenland) im Urlaub befand, sei vom Schwimmen im Meer nicht mehr lebend zur\u00fcck gekommen, hei\u00dft es.<\/p>\n<p style=\"text-align: justify;\">Paul Kellner, so sein b\u00fcrgerlicher Name, war der Bruder des legend\u00e4ren Musikmanagers Toni Kellner.<\/p>\n<p style=\"text-align: justify;\">Vor gut zehn Jahren hatte Halleluja Paul bei TELAMO die CD &#8222;Zeit f\u00fcr ein Lied&#8220; ver\u00f6ffentlicht. Das Album, welches gleich 14 Lieder beinhaltete, konnte sich auf Rang 32 der \u00f6sterreichischen Charts platzieren.<\/p>\n<p style=\"text-align: justify;\">Als Pfarrer wirkte er zu jener Zeit haupts\u00e4chlich in der ber\u00fchmten Wallfahrtskirche Maria Lavant und Umgebung in Osttirol.<\/p>\n<p style=\"text-align: justify;\">\n<p>&nbsp;<\/p>\n<p>&nbsp;<\/p>\n<p>&nbsp;<\/p>\n<p><strong>Halleluja Paul<\/strong> (Quelle: TELAMO; 2013)<\/p>\n<p>&nbsp;<\/p>\n<p>&nbsp;<\/p>\n<p style=\"text-align: justify;\">Ein Original in Gottes Auftrag! So k\u00f6nnte man ihn beschreiben, den HALLELUJA PAUL. Ein waschechter Priester ist er, praktizierend in Maria Lavant in Tirol. Und jetzt auch noch S\u00e4nger? Was f\u00fcr einen Spa\u00df hat sich der liebe Gott denn da erlaubt?<\/p>\n<p style=\"text-align: justify;\">Der Weg des HALLELUJA PAUL begann erst relativ sp\u00e4t eine geradlinige Form anzunehmen. So ganz geradlinig wurde er allerdings nie und sollte er auch nicht werden. Daf\u00fcr ist PAUL zu experimentierfreudig, zu lebensfroh und \u2013 zu verr\u00fcckt. Im positivsten Sinne. Paul ist ein charismatischer Schalk, aber einer mit festem Glauben, lebensbejahenden Grunds\u00e4tzen und einer nicht zu stoppenden Lust auf die Menschen. Nach Absolvierung der Erzieherschule in Tirol war PAUL in den 1980er Jahren in der Lebenshilfe Innsbruck und Lienz f\u00fcr geistig Behinderte t\u00e4tig. Den Menschen mit k\u00f6rperlicher oder geistiger Behinderung gilt heute noch sein besonderes Augenmerk. In den 1990er Jahren absolvierte er dann das Theologiestudium in Innsbruck und wurde 2001 zum Priester geweiht. Heute praktiziert PAUL haupts\u00e4chlich in der ber\u00fchmten Wallfahrtskirche Maria Lavant und Umgebung in Osttirol.<\/p>\n<p style=\"text-align: justify;\">Das HALLELUJA vor seinem Namen hat sich PAUL selbst erarbeitet. Es ist seine Gru\u00dfformel, wo auch immer er auf Menschen trifft. Es ist sein Gru\u00df am Telefon, auf der Stra\u00dfe und nat\u00fcrlich in der Kirche. Er liebt dieses Wort, ob gesprochen oder gesungen, weil er es ernst nimmt: &#8222;Lobpreiset Gott&#8220; hei\u00dft es w\u00f6rtlich \u00fcbersetzt. PAUL lebt nach dieser Maxime und wird nicht m\u00fcde Gottes Wort zu verk\u00fcnden und ihn zu loben. Gern greift der Priester mit der hohen, kraftvollen Tenorstimme zur Gitarre und stimmt den Segensgru\u00df an, wann und wo auch immer es ihm gerade in den Sinn kommt. Nicht alle Vorgesetzten in der Kirche sehen das gern \u2013 viele Menschen in der Gemeinde allerdings lieben ihren HALLELUJA PAUL genau daf\u00fcr! Und der sieht das Ganze von der philosophischen Seite: \u201eDie Vernunft kann nur reden. Es ist die Liebe, die singt!\u201c<\/p>\n<p style=\"text-align: justify;\">Diese Liebe zur Musik, zum Glauben und zu den Menschen zu teilen und zu verbreiten hat sich der HALLELUJA PAUL auch f\u00fcr die Zukunft zur Aufgabe gemacht. Im Sommer 2011 erscheint seine erste eigene Single: &#8222;Liebe deinen N\u00e4chsten&#8220;. Musikalisches Gesp\u00fcr trifft hier auf Erfahrung mit Menschen und dem Glauben. Was daraus entstand, ist unvergleichlich und alles Andere als gew\u00f6hnlich. Die Musik ist so mitrei\u00dfend wie der K\u00fcnstler selbst, der Text authentisch und von gesellschaftlicher Relevanz. Im gleichen Geist soll es auch hiernach weitergehen. Das erste Album von HALLELUJA PAUL (&#8222;Zeit f\u00fcr ein Lied&#8220;) ist in Arbeit. Es wird am 10. Mai 2013 erscheinen.<\/p>\n<p style=\"text-align: justify;\">Die Lieder von HALLELUJA PAUL verbreiten Hoffnung mit missionarischer Kraft, sie sollen Himmel und Erde verbinden und einen neuen Zugang zum Glauben erm\u00f6glichen. &#8222;Du musst an das Gute in dir glauben&#8220;, erkl\u00e4rt HALLELUJA PAUL seine Motivation. Er hat seinen eigenen Weg gefunden und l\u00e4sst sich darin auch heute nicht mehr beirren. Seine absolute Hingabe zu seinem Glauben gepaart mit seinem leidenschaftlichen Gesang macht ihn zu einem &#8222;sakralen Unikat&#8220; \u2013 und vielleicht zu einem Vorreiter f\u00fcr einen Weg der Kirche zu neuen Ufern. Die Menschen lieben ihn; das ist erwiesen. Der liebe Gott muss eine gute Idee gehabt haben, als er den HALLELUJA PAUL auf den Weg schickte.<\/p>\n<p>&nbsp;<\/p>\n<p>&nbsp;<\/p>\n<p>&nbsp;<\/p>\n<p><img decoding=\"async\" loading=\"lazy\" class=\"alignnone size-large wp-image-204725\" src=\"https:\/\/smago.de\/ws2\/wp-content\/uploads\/2023\/06\/paul_back-2-800x683.jpeg\" alt=\"\" width=\"800\" height=\"683\" srcset=\"https:\/\/smago.de\/ws2\/wp-content\/uploads\/2023\/06\/paul_back-2-800x683.jpeg 800w, https:\/\/smago.de\/ws2\/wp-content\/uploads\/2023\/06\/paul_back-2-522x445.jpeg 522w, https:\/\/smago.de\/ws2\/wp-content\/uploads\/2023\/06\/paul_back-2-176x150.jpeg 176w, https:\/\/smago.de\/ws2\/wp-content\/uploads\/2023\/06\/paul_back-2-768x655.jpeg 768w, https:\/\/smago.de\/ws2\/wp-content\/uploads\/2023\/06\/paul_back-2-319x272.jpeg 319w, https:\/\/smago.de\/ws2\/wp-content\/uploads\/2023\/06\/paul_back-2-703x600.jpeg 703w, https:\/\/smago.de\/ws2\/wp-content\/uploads\/2023\/06\/paul_back-2-130x111.jpeg 130w, https:\/\/smago.de\/ws2\/wp-content\/uploads\/2023\/06\/paul_back-2-521x445.jpeg 521w, https:\/\/smago.de\/ws2\/wp-content\/uploads\/2023\/06\/paul_back-2-612x522.jpeg 612w, https:\/\/smago.de\/ws2\/wp-content\/uploads\/2023\/06\/paul_back-2-223x190.jpeg 223w, https:\/\/smago.de\/ws2\/wp-content\/uploads\/2023\/06\/paul_back-2-340x290.jpeg 340w, https:\/\/smago.de\/ws2\/wp-content\/uploads\/2023\/06\/paul_back-2.jpeg 1200w\" sizes=\"(max-width: 800px) 100vw, 800px\" \/><\/p>\n","protected":false},"excerpt":{"rendered":"<p>Paul Kellner, so sein b\u00fcrgerlicher Name, war der Bruder von Toni Kellner!<\/p>\n","protected":false},"author":2,"featured_media":204723,"comment_status":"open","ping_status":"closed","sticky":false,"template":"","format":"standard","meta":{"_FSMCFIC_featured_image_caption":"","_FSMCFIC_featured_image_nocaption":"","_FSMCFIC_featured_image_hide":""},"categories":[29,39],"tags":[3135],"acf":[],"_links":{"self":[{"href":"https:\/\/smago.de\/ws2\/wp-json\/wp\/v2\/posts\/204721"}],"collection":[{"href":"https:\/\/smago.de\/ws2\/wp-json\/wp\/v2\/posts"}],"about":[{"href":"https:\/\/smago.de\/ws2\/wp-json\/wp\/v2\/types\/post"}],"author":[{"embeddable":true,"href":"https:\/\/smago.de\/ws2\/wp-json\/wp\/v2\/users\/2"}],"replies":[{"embeddable":true,"href":"https:\/\/smago.de\/ws2\/wp-json\/wp\/v2\/comments?post=204721"}],"version-history":[{"count":2,"href":"https:\/\/smago.de\/ws2\/wp-json\/wp\/v2\/posts\/204721\/revisions"}],"predecessor-version":[{"id":204727,"href":"https:\/\/smago.de\/ws2\/wp-json\/wp\/v2\/posts\/204721\/revisions\/204727"}],"wp:featuredmedia":[{"embeddable":true,"href":"https:\/\/smago.de\/ws2\/wp-json\/wp\/v2\/media\/204723"}],"wp:attachment":[{"href":"https:\/\/smago.de\/ws2\/wp-json\/wp\/v2\/media?parent=204721"}],"wp:term":[{"taxonomy":"category","embeddable":true,"href":"https:\/\/smago.de\/ws2\/wp-json\/wp\/v2\/categories?post=204721"},{"taxonomy":"post_tag","embeddable":true,"href":"https:\/\/smago.de\/ws2\/wp-json\/wp\/v2\/tags?post=204721"}],"curies":[{"name":"wp","href":"https:\/\/api.w.org\/{rel}","templated":true}]}}