{"id":204706,"date":"2023-06-28T00:00:05","date_gmt":"2023-06-27T22:00:05","guid":{"rendered":"https:\/\/smago.de\/ws2\/?p=204706"},"modified":"2023-06-27T22:18:08","modified_gmt":"2023-06-27T20:18:08","slug":"cora-mit-dem-country-pop-song-nie-nie-ist-ihnen-ein-echter-radio-volltreffer-gelungen","status":"publish","type":"post","link":"https:\/\/smago.de\/ws2\/pop-schlager\/cora-mit-dem-country-pop-song-nie-nie-ist-ihnen-ein-echter-radio-volltreffer-gelungen\/","title":{"rendered":"CORA <br>Mit dem Country-Pop-Song &#8222;Nie, nie&#8220; ist ihnen ein echter Radio-Volltreffer gelungen!"},"content":{"rendered":"<p>Es d\u00fcrfte sich hierbei um den erfolgreichsten CORA-Song seit Jahren handeln!<br \/>\n<!--more--><\/p>\n<p style=\"text-align: justify;\">\n<p style=\"text-align: justify;\"><em>smago!<\/em> Chefredakteur Andy Tichler hatte am 31.03.2023 angek\u00fcndigt: &#8222;Am 06.04.2023 beschenken sie uns mit dem Country-Pop-Song &#8218;Nie, nie'&#8220; und erg\u00e4nzend hinzugef\u00fcgt &#8222;CORA \u2013 eine Klasse f\u00fcr sich !!!&#8220;, wie Sie <strong><a href=\"https:\/\/smago.de\/ws2\/pop-schlager\/cora-am-06-04-2023-beschenken-sie-uns-mit-dem-country-pop-song-nie-nie\/\">HIER<\/a><\/strong> nachlesen k\u00f6nnen.<\/p>\n<p style=\"text-align: justify;\">Und es deutet derzeit alles darauf hin, dass sich Swetlana und Cora auch in dieser Woche erneut unter den Top 20 der Radio Charts &#8222;Deutschland Konservativ Pop&#8220; platzieren werden. Was bedeuten w\u00fcrde, dass sie es die zehnte Woche in Folge ins obere F\u00fcnftel der Top 100 Auswertung geschafft h\u00e4tten.<\/p>\n<p>Als H\u00f6chstnotierung haben sie bislang Platz 12 erreicht. Somit ist &#8222;Nie, nie&#8220; der erfolgreichste CORA-Song seit vielen Jahren.<\/p>\n<p style=\"text-align: justify;\">\n<p><strong><a href=\"https:\/\/www.facebook.com\/CoraAmsterdam\/events\/?id=100057227720475&amp;sk=events\">HIER<\/a><\/strong> k\u00f6nnen Sie die aktuellen Live-Termine von CORA nachlesen!<\/p>\n<p><iframe loading=\"lazy\" src=\"\/\/www.youtube.com\/embed\/cxYG-z-qsKI\" width=\"800\" height=\"449\" allowfullscreen=\"allowfullscreen\"><\/iframe><\/p>\n","protected":false},"excerpt":{"rendered":"<p>Es d\u00fcrfte sich hierbei um den erfolgreichsten CORA-Song seit Jahren handeln!<\/p>\n","protected":false},"author":2,"featured_media":199255,"comment_status":"open","ping_status":"closed","sticky":false,"template":"","format":"standard","meta":{"_FSMCFIC_featured_image_caption":"","_FSMCFIC_featured_image_nocaption":"","_FSMCFIC_featured_image_hide":""},"categories":[28,39],"tags":[76],"acf":[],"_links":{"self":[{"href":"https:\/\/smago.de\/ws2\/wp-json\/wp\/v2\/posts\/204706"}],"collection":[{"href":"https:\/\/smago.de\/ws2\/wp-json\/wp\/v2\/posts"}],"about":[{"href":"https:\/\/smago.de\/ws2\/wp-json\/wp\/v2\/types\/post"}],"author":[{"embeddable":true,"href":"https:\/\/smago.de\/ws2\/wp-json\/wp\/v2\/users\/2"}],"replies":[{"embeddable":true,"href":"https:\/\/smago.de\/ws2\/wp-json\/wp\/v2\/comments?post=204706"}],"version-history":[{"count":4,"href":"https:\/\/smago.de\/ws2\/wp-json\/wp\/v2\/posts\/204706\/revisions"}],"predecessor-version":[{"id":204712,"href":"https:\/\/smago.de\/ws2\/wp-json\/wp\/v2\/posts\/204706\/revisions\/204712"}],"wp:featuredmedia":[{"embeddable":true,"href":"https:\/\/smago.de\/ws2\/wp-json\/wp\/v2\/media\/199255"}],"wp:attachment":[{"href":"https:\/\/smago.de\/ws2\/wp-json\/wp\/v2\/media?parent=204706"}],"wp:term":[{"taxonomy":"category","embeddable":true,"href":"https:\/\/smago.de\/ws2\/wp-json\/wp\/v2\/categories?post=204706"},{"taxonomy":"post_tag","embeddable":true,"href":"https:\/\/smago.de\/ws2\/wp-json\/wp\/v2\/tags?post=204706"}],"curies":[{"name":"wp","href":"https:\/\/api.w.org\/{rel}","templated":true}]}}