{"id":204701,"date":"2023-06-28T00:00:55","date_gmt":"2023-06-27T22:00:55","guid":{"rendered":"https:\/\/smago.de\/ws2\/?p=204701"},"modified":"2023-06-27T22:05:54","modified_gmt":"2023-06-27T20:05:54","slug":"204701","status":"publish","type":"post","link":"https:\/\/smago.de\/ws2\/schlager\/204701\/","title":{"rendered":"MAURICE VAN BEEK <br>Hit-Produzent Maurice van Beek bei &#8222;Bares f\u00fcr Rares&#8220; zu Gast zu Gast!"},"content":{"rendered":"<p style=\"text-align: justify;\">Maurice van Beek produzierte beispielsweise das letzte Album von Andrea J\u00fcrgens (&#8222;Millionen von Sternen&#8220;)!<br \/>\n<!--more--><\/p>\n<p>&nbsp;<\/p>\n<p>&nbsp;<\/p>\n<p style=\"text-align: justify;\"><span style=\"font-size: 12pt;\">Der Hit-Produzent MAURICE VAN BEEK war am Montag (26.06.2023) mit seiner Tochter Luisa\u00a0in der von Horst Lichter moderierten ZDF-Sendung &#8222;Bares f\u00fcr Rares&#8220; zu Gast, \u00a0um einen ausgefallenen Art-D\u00e9co Deckenfluter zu ver\u00e4u\u00dfern.<\/span><\/p>\n<p style=\"text-align: justify;\">W\u00e4hrend Luisa zu Protokoll gab, Rechtswissenschaften und Germanistik zu studieren (&#8222;Eigentlich m\u00f6chte ich Strafverteidigerin werden, aber ich bekomme aktuell keinen Platz f\u00fcr ein Staatsexamen.&#8220;) wollte Horst Lichter auch von Maurice van Beek wissen, was er denn beruflich so macht. Die Antwort verbl\u00fcffte Horst Lichter: <i>&#8222;Ich bin Musikproduzent. Ich schreibe f\u00fcr die Garde der deutschen Schlagers\u00e4nger &#8211; von Roland Kaiser, Andrea J\u00fcrgens, Ireen Sheer und so weiter. Ich geh\u00f6re zur Autorenriege von etwa 20 bis 25 Leuten in Deutschland. Ich schreibe die Lieder,\u00a0komponiere, schreibe die Texte und produziere teilweise auch\u201c,<\/i> erl\u00e4uterte er weiter. Auf die Frage &#8222;Das hei\u00dft, du hattest noch nie das Gef\u00fchl, dass du mal raus auf die B\u00fchne m\u00f6chtest?\u201c, entgegnete er: <em>&#8222;Das war nie meine Motivation. Ich habe so viele Ideen. Ich bin ein kreativer Mensch.&#8220;\u00a0<\/em><\/p>\n<p style=\"text-align: justify;\">Und Maurice van Beek verriet: <em>&#8222;Neben der Musik gibt es noch eine zweite Leidenschaft in meinem Leben. Flohm\u00e4rkte. Und da hab ich diese Lampe gefunden.&#8220;<\/em>.<\/p>\n<div style=\"text-align: justify;\" data-google-query-id=\"CLa6xteZ5P8CFUKFhQodwcsNDg\">\n<p class=\"dm-paragraph my-8 dm-article-content-width\" style=\"text-align: justify;\" data-v-ab6d562c=\"\">&#8222;Bares f\u00fcr Rares&#8220; Experte Sven Deutschmanek sch\u00e4tzte das gute St\u00fcck auf \u20ac 600,00 bis \u20ac 800,00. Und siehe da: H\u00e4ndlerin\u00a0Elke Velten-T\u00f6nnies war bereit, \u20ac 650,00 f\u00fcr das gute St\u00fcck zu berappen.<\/p>\n<p><em>&#8222;Mit dem Geld werde ich meine Tochter gleich etwas erfreuen und einen Teil davon werde ich f\u00fcr mich zur\u00fccklegen, vielleicht in Wertpapieren, oder vielleicht kaufe ich mir auch etwas anderes Sch\u00f6nes. Vielleicht kaufe ich mir auch eine <\/em><span style=\"font-size: 12pt;\"><em>Art-D\u00e9co Lampe&#8220;,<\/em> res\u00fcmierte Maurice van Beek.<\/span><\/p>\n<p>&nbsp;<\/p>\n<\/div>\n<figure id=\"attachment_204700\" aria-describedby=\"caption-attachment-204700\" style=\"width: 800px\" class=\"wp-caption alignnone\"><img decoding=\"async\" loading=\"lazy\" class=\"size-large wp-image-204700\" src=\"https:\/\/smago.de\/ws2\/wp-content\/uploads\/2023\/06\/vanbeek-800x450.webp\" alt=\"\" width=\"800\" height=\"450\" srcset=\"https:\/\/smago.de\/ws2\/wp-content\/uploads\/2023\/06\/vanbeek-800x450.webp 800w, https:\/\/smago.de\/ws2\/wp-content\/uploads\/2023\/06\/vanbeek-522x294.webp 522w, https:\/\/smago.de\/ws2\/wp-content\/uploads\/2023\/06\/vanbeek-267x150.webp 267w, https:\/\/smago.de\/ws2\/wp-content\/uploads\/2023\/06\/vanbeek-768x432.webp 768w, https:\/\/smago.de\/ws2\/wp-content\/uploads\/2023\/06\/vanbeek-1536x864.webp 1536w, https:\/\/smago.de\/ws2\/wp-content\/uploads\/2023\/06\/vanbeek-392x221.webp 392w, https:\/\/smago.de\/ws2\/wp-content\/uploads\/2023\/06\/vanbeek-130x73.webp 130w, https:\/\/smago.de\/ws2\/wp-content\/uploads\/2023\/06\/vanbeek-791x445.webp 791w, https:\/\/smago.de\/ws2\/wp-content\/uploads\/2023\/06\/vanbeek-870x489.webp 870w, https:\/\/smago.de\/ws2\/wp-content\/uploads\/2023\/06\/vanbeek-292x164.webp 292w, https:\/\/smago.de\/ws2\/wp-content\/uploads\/2023\/06\/vanbeek-435x245.webp 435w, https:\/\/smago.de\/ws2\/wp-content\/uploads\/2023\/06\/vanbeek-895x503.webp 895w, https:\/\/smago.de\/ws2\/wp-content\/uploads\/2023\/06\/vanbeek.webp 1724w\" sizes=\"(max-width: 800px) 100vw, 800px\" \/><figcaption id=\"caption-attachment-204700\" class=\"wp-caption-text\"><em>Foto-Credit: ZDF<\/em><\/figcaption><\/figure>\n","protected":false},"excerpt":{"rendered":"<p>Maurice van Beek produzierte beispielsweise das letzte Album von Andrea J\u00fcrgens (&#8222;Millionen von Sternen&#8220;)!<\/p>\n","protected":false},"author":2,"featured_media":204700,"comment_status":"open","ping_status":"closed","sticky":false,"template":"","format":"standard","meta":{"_FSMCFIC_featured_image_caption":"","_FSMCFIC_featured_image_nocaption":"","_FSMCFIC_featured_image_hide":""},"categories":[29,39],"tags":[607,230,3134],"acf":[],"_links":{"self":[{"href":"https:\/\/smago.de\/ws2\/wp-json\/wp\/v2\/posts\/204701"}],"collection":[{"href":"https:\/\/smago.de\/ws2\/wp-json\/wp\/v2\/posts"}],"about":[{"href":"https:\/\/smago.de\/ws2\/wp-json\/wp\/v2\/types\/post"}],"author":[{"embeddable":true,"href":"https:\/\/smago.de\/ws2\/wp-json\/wp\/v2\/users\/2"}],"replies":[{"embeddable":true,"href":"https:\/\/smago.de\/ws2\/wp-json\/wp\/v2\/comments?post=204701"}],"version-history":[{"count":3,"href":"https:\/\/smago.de\/ws2\/wp-json\/wp\/v2\/posts\/204701\/revisions"}],"predecessor-version":[{"id":204705,"href":"https:\/\/smago.de\/ws2\/wp-json\/wp\/v2\/posts\/204701\/revisions\/204705"}],"wp:featuredmedia":[{"embeddable":true,"href":"https:\/\/smago.de\/ws2\/wp-json\/wp\/v2\/media\/204700"}],"wp:attachment":[{"href":"https:\/\/smago.de\/ws2\/wp-json\/wp\/v2\/media?parent=204701"}],"wp:term":[{"taxonomy":"category","embeddable":true,"href":"https:\/\/smago.de\/ws2\/wp-json\/wp\/v2\/categories?post=204701"},{"taxonomy":"post_tag","embeddable":true,"href":"https:\/\/smago.de\/ws2\/wp-json\/wp\/v2\/tags?post=204701"}],"curies":[{"name":"wp","href":"https:\/\/api.w.org\/{rel}","templated":true}]}}