{"id":204465,"date":"2023-06-24T00:00:36","date_gmt":"2023-06-23T22:00:36","guid":{"rendered":"https:\/\/smago.de\/ws2\/?p=204465"},"modified":"2023-06-23T16:23:09","modified_gmt":"2023-06-23T14:23:09","slug":"stefan-mross-so-25-06-das-erste-ard-immer-wieder-sonntags-06-12-2023","status":"publish","type":"post","link":"https:\/\/smago.de\/ws2\/schlager\/stefan-mross-so-25-06-das-erste-ard-immer-wieder-sonntags-06-12-2023\/","title":{"rendered":"STEFAN MROSS <br>So., 25.06., Das Erste \/ ARD: \u201cImmer wieder sonntags\u201d (06\/12 \u2013 2023)!"},"content":{"rendered":"<p>Das Erste \/ ARD, 10:03 Uhr \u2013 12:00 Uhr! Live aus der \u201cImmer wieder sonntags\u201d-Arena in Rust! Mit dabei \u2026:<br \/>\n<!--more--><br \/>\n<span id=\"more-203955\"><\/span><\/p>\n<p>&nbsp;<\/p>\n<p style=\"text-align: justify;\">\n<p style=\"text-align: justify;\">Bereits im 19. Jahr l\u00e4dt Gastgeber STEFAN MROSS die Zuschauer zum \u201cSonntagvormittag mit Herz\u201d ein.<\/p>\n<p style=\"text-align: justify;\">Mit guter Laune, G\u00e4sten aus der Schlagerszene und jeder Menge \u00dcberraschungen und spannenden Geschichten wollen der beliebte Moderator und Musiker und sein Team das Publikum auch in dieser Saison wieder gut unterhalten \u2013 wie immer live aus der \u201cImmer wieder sonntags\u201d-Arena in Rust.<\/p>\n<p style=\"text-align: justify;\">\n<p>&nbsp;<\/p>\n<p style=\"text-align: justify;\"><strong>Diesmal u. a. mit dabei:<\/strong> Ben Zucker, Michael Morgan, F\u00e4aschtb\u00e4nkler, Isabel Varell, Hansy Vogt, Alexandra Hofmann, Anita Hofmann, Ramon Roselly, Trenkwalder, Frank Sch\u00f6bel, Mela Rose, Daniel Lopes u.v.m.<\/p>\n<p>&nbsp;<\/p>\n<p>&nbsp;<\/p>\n<figure id=\"attachment_202363\" aria-describedby=\"caption-attachment-202363\" style=\"width: 800px\" class=\"wp-caption alignnone\"><img decoding=\"async\" loading=\"lazy\" class=\"size-large wp-image-202363\" src=\"https:\/\/smago.de\/ws2\/wp-content\/uploads\/2023\/05\/12_Stefan_Mross_2023-800x528.jpg\" alt=\"\" width=\"800\" height=\"528\" srcset=\"https:\/\/smago.de\/ws2\/wp-content\/uploads\/2023\/05\/12_Stefan_Mross_2023-800x528.jpg 800w, https:\/\/smago.de\/ws2\/wp-content\/uploads\/2023\/05\/12_Stefan_Mross_2023-522x345.jpg 522w, https:\/\/smago.de\/ws2\/wp-content\/uploads\/2023\/05\/12_Stefan_Mross_2023-227x150.jpg 227w, https:\/\/smago.de\/ws2\/wp-content\/uploads\/2023\/05\/12_Stefan_Mross_2023-768x507.jpg 768w, https:\/\/smago.de\/ws2\/wp-content\/uploads\/2023\/05\/12_Stefan_Mross_2023-1536x1014.jpg 1536w, https:\/\/smago.de\/ws2\/wp-content\/uploads\/2023\/05\/12_Stefan_Mross_2023-2048x1352.jpg 2048w, https:\/\/smago.de\/ws2\/wp-content\/uploads\/2023\/05\/12_Stefan_Mross_2023-392x259.jpg 392w, https:\/\/smago.de\/ws2\/wp-content\/uploads\/2023\/05\/12_Stefan_Mross_2023-130x86.jpg 130w, https:\/\/smago.de\/ws2\/wp-content\/uploads\/2023\/05\/12_Stefan_Mross_2023-674x445.jpg 674w, https:\/\/smago.de\/ws2\/wp-content\/uploads\/2023\/05\/12_Stefan_Mross_2023-791x522.jpg 791w, https:\/\/smago.de\/ws2\/wp-content\/uploads\/2023\/05\/12_Stefan_Mross_2023-288x190.jpg 288w, https:\/\/smago.de\/ws2\/wp-content\/uploads\/2023\/05\/12_Stefan_Mross_2023-435x287.jpg 435w, https:\/\/smago.de\/ws2\/wp-content\/uploads\/2023\/05\/12_Stefan_Mross_2023-150x100.jpg 150w\" sizes=\"(max-width: 800px) 100vw, 800px\" \/><figcaption id=\"caption-attachment-202363\" class=\"wp-caption-text\"><em>\u00a9 SWR \/ Wolfgang Breiteneicher<\/em><\/figcaption><\/figure>\n","protected":false},"excerpt":{"rendered":"<p>Das Erste \/ ARD, 10:03 Uhr \u2013 12:00 Uhr! Live aus der \u201cImmer wieder sonntags\u201d-Arena in Rust! Mit dabei \u2026:<\/p>\n","protected":false},"author":2,"featured_media":202363,"comment_status":"open","ping_status":"closed","sticky":false,"template":"","format":"standard","meta":{"_FSMCFIC_featured_image_caption":"","_FSMCFIC_featured_image_nocaption":"","_FSMCFIC_featured_image_hide":""},"categories":[29,39,128],"tags":[137],"acf":[],"_links":{"self":[{"href":"https:\/\/smago.de\/ws2\/wp-json\/wp\/v2\/posts\/204465"}],"collection":[{"href":"https:\/\/smago.de\/ws2\/wp-json\/wp\/v2\/posts"}],"about":[{"href":"https:\/\/smago.de\/ws2\/wp-json\/wp\/v2\/types\/post"}],"author":[{"embeddable":true,"href":"https:\/\/smago.de\/ws2\/wp-json\/wp\/v2\/users\/2"}],"replies":[{"embeddable":true,"href":"https:\/\/smago.de\/ws2\/wp-json\/wp\/v2\/comments?post=204465"}],"version-history":[{"count":2,"href":"https:\/\/smago.de\/ws2\/wp-json\/wp\/v2\/posts\/204465\/revisions"}],"predecessor-version":[{"id":204467,"href":"https:\/\/smago.de\/ws2\/wp-json\/wp\/v2\/posts\/204465\/revisions\/204467"}],"wp:featuredmedia":[{"embeddable":true,"href":"https:\/\/smago.de\/ws2\/wp-json\/wp\/v2\/media\/202363"}],"wp:attachment":[{"href":"https:\/\/smago.de\/ws2\/wp-json\/wp\/v2\/media?parent=204465"}],"wp:term":[{"taxonomy":"category","embeddable":true,"href":"https:\/\/smago.de\/ws2\/wp-json\/wp\/v2\/categories?post=204465"},{"taxonomy":"post_tag","embeddable":true,"href":"https:\/\/smago.de\/ws2\/wp-json\/wp\/v2\/tags?post=204465"}],"curies":[{"name":"wp","href":"https:\/\/api.w.org\/{rel}","templated":true}]}}