{"id":204444,"date":"2023-06-23T23:59:38","date_gmt":"2023-06-23T21:59:38","guid":{"rendered":"https:\/\/smago.de\/ws2\/?p=204444"},"modified":"2023-06-24T12:34:52","modified_gmt":"2023-06-24T10:34:52","slug":"ernst-hilbich-ilja-richter-u-a-sa-so-24-25-06-2023-mdr-fernsehen-betragen-ungenuegend-spielfilm-deutschland-1972","status":"publish","type":"post","link":"https:\/\/smago.de\/ws2\/schlager\/ernst-hilbich-ilja-richter-u-a-sa-so-24-25-06-2023-mdr-fernsehen-betragen-ungenuegend-spielfilm-deutschland-1972\/","title":{"rendered":"ERNST HILBICH, ILJA RICHTER u.a. <br>Heute Nachmittag (24.06.2023), MDR Fernsehen: &#8222;Betragen ungen\u00fcgend!&#8220; (Spielfilm \u2013 Deutschland, 1972)!"},"content":{"rendered":"<p>Der 7. und letzte Film der legend\u00e4ren Reihe &#8222;Die L\u00fcmmel von der ersten Bank&#8220; \/\/ 14:45 Uhr &#8211; 16:15 Uhr (Wh. in der Nacht auf 25.06., 01:15 Uhr &#8211; 02:45 Uhr)!<br \/>\n<!--more--><\/p>\n<p>&nbsp;<\/p>\n<div class=\"row collapse\"><\/div>\n<div id=\"0a4n1p-accordion\" class=\"accordion-content\" role=\"tabpanel\" data-tab-content=\"\" aria-labelledby=\"0a4n1p-accordion-label\" aria-hidden=\"false\">\n<div class=\"event-detail\">\n<div class=\"detail-top row collapse \">\n<div class=\"row collapse\">\n<div class=\"left-list-col columns\" style=\"text-align: justify;\"><\/div>\n<div class=\"center-list-col columns mb-20 pr-20\">\n<div class=\"eventText\">\n<p style=\"text-align: justify;\">Eigentlich sind der Paukerschreck Pepe und der strenge Schuldirektor Taft Erzfeinde. Bis Taft, der insgeheim Verst\u00e4ndnis f\u00fcr die Streiche der Sch\u00fcler hat, durch eine Intrige zweier Lehrer seines Postens enthoben wird. Das k\u00f6nnen Pepe und die anderen Sch\u00fcler der Klasse 13a nicht durchgehen lassen: Mit Witz und List setzen sie alles daran, Tafts Nachfolger mit boshaften Streichen zur Aufgabe zu zwingen und ihren Direx wieder in Amt und W\u00fcrden zu bringen.<\/p>\n<\/div>\n<\/div>\n<\/div>\n<\/div>\n<\/div>\n<\/div>\n<p>&nbsp;<\/p>\n<p>&nbsp;<\/p>\n<p>&nbsp;<\/p>\n<p>&nbsp;<\/p>\n<p class=\"mb-10\"><strong>Stab und Besetzung<\/strong><\/p>\n<p>&nbsp;<\/p>\n<p>&nbsp;<\/p>\n<table class=\"besetzung\">\n<tbody>\n<tr>\n<td class=\"role\">Pepe Nietnagel<\/td>\n<td class=\"actor\"><a href=\"https:\/\/programm.ard.de\/Programm\/Starguide?detailsuche=1&amp;mitwirkende=Hansi+Kraus\">Hansi Kraus<\/a><\/td>\n<\/tr>\n<tr>\n<td class=\"role\">Denise Moreaux<\/td>\n<td class=\"actor\"><a href=\"https:\/\/programm.ard.de\/Programm\/Starguide?detailsuche=1&amp;mitwirkende=Renate+Roland\">Renate Roland<\/a><\/td>\n<\/tr>\n<tr>\n<td class=\"role\">Helena Kersten<\/td>\n<td class=\"actor\"><a href=\"https:\/\/programm.ard.de\/Programm\/Starguide?detailsuche=1&amp;mitwirkende=Evelyn+Opela\">Evelyn Opela<\/a><\/td>\n<\/tr>\n<tr>\n<td class=\"role\">Dr. G. Taft<\/td>\n<td class=\"actor\"><a href=\"https:\/\/programm.ard.de\/Programm\/Starguide?detailsuche=1&amp;mitwirkende=Theo+Lingen\">Theo Lingen<\/a><\/td>\n<\/tr>\n<tr>\n<td class=\"role\">Dr. Heidemann<\/td>\n<td class=\"actor\"><a href=\"https:\/\/programm.ard.de\/Programm\/Starguide?detailsuche=1&amp;mitwirkende=Ernst+Hilbich\">Ernst Hilbich<\/a><\/td>\n<\/tr>\n<tr>\n<td class=\"role\">Taft als Sch\u00fcler<\/td>\n<td class=\"actor\"><a href=\"https:\/\/programm.ard.de\/Programm\/Starguide?detailsuche=1&amp;mitwirkende=Ilja+Richter\">Ilja Richter<\/a><\/td>\n<\/tr>\n<tr>\n<td class=\"role\">Kn\u00f6rz<\/td>\n<td class=\"actor\"><a href=\"https:\/\/programm.ard.de\/Programm\/Starguide?detailsuche=1&amp;mitwirkende=Rudolf+Sch%C3%BCndler\">Rudolf Sch\u00fcndler<\/a><\/td>\n<\/tr>\n<tr>\n<td class=\"role\">Blaumeier<\/td>\n<td class=\"actor\"><a href=\"https:\/\/programm.ard.de\/Programm\/Starguide?detailsuche=1&amp;mitwirkende=Balduin+Baas\">Balduin Baas<\/a><\/td>\n<\/tr>\n<tr>\n<td class=\"role\">Regie<\/td>\n<td class=\"actor\"><a href=\"https:\/\/programm.ard.de\/Programm\/Starguide?detailsuche=1&amp;mitwirkende=Franz+Josef+Gottlieb\">Franz Josef Gottlieb<\/a><\/td>\n<\/tr>\n<tr>\n<td class=\"role\">Musik<\/td>\n<td class=\"actor\"><a href=\"https:\/\/programm.ard.de\/Programm\/Starguide?detailsuche=1&amp;mitwirkende=Rolf+Wilhelm\">Rolf Wilhelm<\/a><\/td>\n<\/tr>\n<tr>\n<td class=\"role\">Kamera<\/td>\n<td class=\"actor\"><a href=\"https:\/\/programm.ard.de\/Programm\/Starguide?detailsuche=1&amp;mitwirkende=Peter+Reimer\">Peter Reimer<\/a><\/td>\n<\/tr>\n<tr>\n<td class=\"role\">Drehbuch<\/td>\n<td class=\"actor\"><a href=\"https:\/\/programm.ard.de\/Programm\/Starguide?detailsuche=1&amp;mitwirkende=Georg+Laforet\">Georg Laforet<\/a><\/td>\n<\/tr>\n<\/tbody>\n<\/table>\n<p>&nbsp;<\/p>\n<p>&nbsp;<\/p>\n<p>&nbsp;<\/p>\n<figure id=\"attachment_204446\" aria-describedby=\"caption-attachment-204446\" style=\"width: 800px\" class=\"wp-caption alignnone\"><img decoding=\"async\" loading=\"lazy\" class=\"size-large wp-image-204446\" src=\"https:\/\/smago.de\/ws2\/wp-content\/uploads\/2023\/06\/1_Betragen_ungenuegend-800x595.jpg\" alt=\"\" width=\"800\" height=\"595\" srcset=\"https:\/\/smago.de\/ws2\/wp-content\/uploads\/2023\/06\/1_Betragen_ungenuegend-800x595.jpg 800w, https:\/\/smago.de\/ws2\/wp-content\/uploads\/2023\/06\/1_Betragen_ungenuegend-522x388.jpg 522w, https:\/\/smago.de\/ws2\/wp-content\/uploads\/2023\/06\/1_Betragen_ungenuegend-202x150.jpg 202w, https:\/\/smago.de\/ws2\/wp-content\/uploads\/2023\/06\/1_Betragen_ungenuegend-768x571.jpg 768w, https:\/\/smago.de\/ws2\/wp-content\/uploads\/2023\/06\/1_Betragen_ungenuegend-1536x1142.jpg 1536w, https:\/\/smago.de\/ws2\/wp-content\/uploads\/2023\/06\/1_Betragen_ungenuegend-2048x1523.jpg 2048w, https:\/\/smago.de\/ws2\/wp-content\/uploads\/2023\/06\/1_Betragen_ungenuegend-366x272.jpg 366w, https:\/\/smago.de\/ws2\/wp-content\/uploads\/2023\/06\/1_Betragen_ungenuegend-130x97.jpg 130w, https:\/\/smago.de\/ws2\/wp-content\/uploads\/2023\/06\/1_Betragen_ungenuegend-598x445.jpg 598w, https:\/\/smago.de\/ws2\/wp-content\/uploads\/2023\/06\/1_Betragen_ungenuegend-702x522.jpg 702w, https:\/\/smago.de\/ws2\/wp-content\/uploads\/2023\/06\/1_Betragen_ungenuegend-255x190.jpg 255w, https:\/\/smago.de\/ws2\/wp-content\/uploads\/2023\/06\/1_Betragen_ungenuegend-390x290.jpg 390w\" sizes=\"(max-width: 800px) 100vw, 800px\" \/><figcaption id=\"caption-attachment-204446\" class=\"wp-caption-text\"><em>Der arme Dr. Taft (Theo Lingen) hat sich bei der h\u00e4uslichen Arbeit verletzt \u2013 die h\u00fcbsche Denise (Renate Roland, Mitte) und seine Frau (Charlotte Witthauer) zeigen sich ernsthaft besorgt<\/em><\/p>\n<p><em>\u00a9 MDR &#8211; ARD \/ Degeto<\/em><\/figcaption><\/figure>\n<figure id=\"attachment_204447\" aria-describedby=\"caption-attachment-204447\" style=\"width: 800px\" class=\"wp-caption alignnone\"><img decoding=\"async\" loading=\"lazy\" class=\"size-large wp-image-204447\" src=\"https:\/\/smago.de\/ws2\/wp-content\/uploads\/2023\/06\/2_Betragen_ungenuegend-800x595.jpg\" alt=\"\" width=\"800\" height=\"595\" srcset=\"https:\/\/smago.de\/ws2\/wp-content\/uploads\/2023\/06\/2_Betragen_ungenuegend-800x595.jpg 800w, https:\/\/smago.de\/ws2\/wp-content\/uploads\/2023\/06\/2_Betragen_ungenuegend-522x388.jpg 522w, https:\/\/smago.de\/ws2\/wp-content\/uploads\/2023\/06\/2_Betragen_ungenuegend-202x150.jpg 202w, https:\/\/smago.de\/ws2\/wp-content\/uploads\/2023\/06\/2_Betragen_ungenuegend-768x571.jpg 768w, https:\/\/smago.de\/ws2\/wp-content\/uploads\/2023\/06\/2_Betragen_ungenuegend-1536x1142.jpg 1536w, https:\/\/smago.de\/ws2\/wp-content\/uploads\/2023\/06\/2_Betragen_ungenuegend-2048x1523.jpg 2048w, https:\/\/smago.de\/ws2\/wp-content\/uploads\/2023\/06\/2_Betragen_ungenuegend-366x272.jpg 366w, https:\/\/smago.de\/ws2\/wp-content\/uploads\/2023\/06\/2_Betragen_ungenuegend-130x97.jpg 130w, https:\/\/smago.de\/ws2\/wp-content\/uploads\/2023\/06\/2_Betragen_ungenuegend-598x445.jpg 598w, https:\/\/smago.de\/ws2\/wp-content\/uploads\/2023\/06\/2_Betragen_ungenuegend-702x522.jpg 702w, https:\/\/smago.de\/ws2\/wp-content\/uploads\/2023\/06\/2_Betragen_ungenuegend-255x190.jpg 255w, https:\/\/smago.de\/ws2\/wp-content\/uploads\/2023\/06\/2_Betragen_ungenuegend-390x290.jpg 390w\" sizes=\"(max-width: 800px) 100vw, 800px\" \/><figcaption id=\"caption-attachment-204447\" class=\"wp-caption-text\"><em>Der strenge Herr Bloch (Hans Terofal) wei\u00df gar nicht, wie ihm geschieht, als pl\u00f6tzlich zwei h\u00fcbsche Sch\u00fclerinnen ihn umgarnen &#8230;<\/em><\/p>\n<p><em>\u00a9 MDR &#8211; ARD \/ Degeto<\/em><\/figcaption><\/figure>\n<figure id=\"attachment_204445\" aria-describedby=\"caption-attachment-204445\" style=\"width: 800px\" class=\"wp-caption alignnone\"><img decoding=\"async\" loading=\"lazy\" class=\"size-large wp-image-204445\" src=\"https:\/\/smago.de\/ws2\/wp-content\/uploads\/2023\/06\/3_Betragen_ungenuegend-800x595.jpg\" alt=\"\" width=\"800\" height=\"595\" srcset=\"https:\/\/smago.de\/ws2\/wp-content\/uploads\/2023\/06\/3_Betragen_ungenuegend-800x595.jpg 800w, https:\/\/smago.de\/ws2\/wp-content\/uploads\/2023\/06\/3_Betragen_ungenuegend-522x388.jpg 522w, https:\/\/smago.de\/ws2\/wp-content\/uploads\/2023\/06\/3_Betragen_ungenuegend-202x150.jpg 202w, https:\/\/smago.de\/ws2\/wp-content\/uploads\/2023\/06\/3_Betragen_ungenuegend-768x571.jpg 768w, https:\/\/smago.de\/ws2\/wp-content\/uploads\/2023\/06\/3_Betragen_ungenuegend-1536x1142.jpg 1536w, https:\/\/smago.de\/ws2\/wp-content\/uploads\/2023\/06\/3_Betragen_ungenuegend-2048x1523.jpg 2048w, https:\/\/smago.de\/ws2\/wp-content\/uploads\/2023\/06\/3_Betragen_ungenuegend-366x272.jpg 366w, https:\/\/smago.de\/ws2\/wp-content\/uploads\/2023\/06\/3_Betragen_ungenuegend-130x97.jpg 130w, https:\/\/smago.de\/ws2\/wp-content\/uploads\/2023\/06\/3_Betragen_ungenuegend-598x445.jpg 598w, https:\/\/smago.de\/ws2\/wp-content\/uploads\/2023\/06\/3_Betragen_ungenuegend-702x522.jpg 702w, https:\/\/smago.de\/ws2\/wp-content\/uploads\/2023\/06\/3_Betragen_ungenuegend-255x190.jpg 255w, https:\/\/smago.de\/ws2\/wp-content\/uploads\/2023\/06\/3_Betragen_ungenuegend-390x290.jpg 390w\" sizes=\"(max-width: 800px) 100vw, 800px\" \/><figcaption id=\"caption-attachment-204445\" class=\"wp-caption-text\"><em>Der freche Pepe (Hansi Kraus) treibt mit seiner \u00fcberheblichen Art den Lehrer Dr. Heidemann (Ernst Hilbich) zur Verzweiflung<\/em><\/p>\n<p><em>\u00a9 MDR &#8211; ARD \/ Degeto<\/em><\/figcaption><\/figure>\n","protected":false},"excerpt":{"rendered":"<p>Der 7. und letzte Film der legend\u00e4ren Reihe &#8222;Die L\u00fcmmel von der ersten Bank&#8220; \/\/ 14:45 Uhr &#8211; 16:15 Uhr<\/p>\n","protected":false},"author":2,"featured_media":204445,"comment_status":"open","ping_status":"closed","sticky":false,"template":"","format":"standard","meta":{"_FSMCFIC_featured_image_caption":"","_FSMCFIC_featured_image_nocaption":"","_FSMCFIC_featured_image_hide":""},"categories":[29,128],"tags":[3122],"acf":[],"_links":{"self":[{"href":"https:\/\/smago.de\/ws2\/wp-json\/wp\/v2\/posts\/204444"}],"collection":[{"href":"https:\/\/smago.de\/ws2\/wp-json\/wp\/v2\/posts"}],"about":[{"href":"https:\/\/smago.de\/ws2\/wp-json\/wp\/v2\/types\/post"}],"author":[{"embeddable":true,"href":"https:\/\/smago.de\/ws2\/wp-json\/wp\/v2\/users\/2"}],"replies":[{"embeddable":true,"href":"https:\/\/smago.de\/ws2\/wp-json\/wp\/v2\/comments?post=204444"}],"version-history":[{"count":2,"href":"https:\/\/smago.de\/ws2\/wp-json\/wp\/v2\/posts\/204444\/revisions"}],"predecessor-version":[{"id":204480,"href":"https:\/\/smago.de\/ws2\/wp-json\/wp\/v2\/posts\/204444\/revisions\/204480"}],"wp:featuredmedia":[{"embeddable":true,"href":"https:\/\/smago.de\/ws2\/wp-json\/wp\/v2\/media\/204445"}],"wp:attachment":[{"href":"https:\/\/smago.de\/ws2\/wp-json\/wp\/v2\/media?parent=204444"}],"wp:term":[{"taxonomy":"category","embeddable":true,"href":"https:\/\/smago.de\/ws2\/wp-json\/wp\/v2\/categories?post=204444"},{"taxonomy":"post_tag","embeddable":true,"href":"https:\/\/smago.de\/ws2\/wp-json\/wp\/v2\/tags?post=204444"}],"curies":[{"name":"wp","href":"https:\/\/api.w.org\/{rel}","templated":true}]}}