{"id":204437,"date":"2023-06-23T23:59:33","date_gmt":"2023-06-23T21:59:33","guid":{"rendered":"https:\/\/smago.de\/ws2\/?p=204437"},"modified":"2023-06-23T15:28:21","modified_gmt":"2023-06-23T13:28:21","slug":"roger-cicero-sa-24-06-2023-ndr-fernsehen-cicero-zwei-leben-eine-buehne","status":"publish","type":"post","link":"https:\/\/smago.de\/ws2\/schlager\/roger-cicero-sa-24-06-2023-ndr-fernsehen-cicero-zwei-leben-eine-buehne\/","title":{"rendered":"ROGER CICERO <br>Sa., 24.06.2023, NDR Fernsehen: &#8222;Cicero &#8211; Zwei Leben, eine B\u00fchne&#8220;!"},"content":{"rendered":"<p>22:40 Uhr &#8211; 00:25 Uhr! Ein\u00a0Film von Katharina Rinderle!<br \/>\n<!--more--><\/p>\n<p>&nbsp;<\/p>\n<p style=\"text-align: justify;\">\n<p style=\"text-align: justify;\">Eugen und Roger Cicero waren nicht nur Vater und Sohn, vor allem waren sie au\u00dfergew\u00f6hnliche K\u00fcnstler. W\u00e4hrend Eugen in den 1960er-Jahren als Klaviervirtuose Ber\u00fchmtheit erlangte und mit Stars\u00e4ngerinnen wie Ella Fitzgerald oder Shirley Bassey auftrat, f\u00fcllte Roger Jahre sp\u00e4ter als einer der begnadetsten S\u00e4nger Deutschlands riesige Konzerthallen.<\/p>\n<p style=\"text-align: justify;\">Sp\u00e4testens seit seinem Auftritt beim Eurovision Song Contest 2007 war Roger Cicero weit \u00fcber die Grenzen von Deutschland popul\u00e4r. Posthum wurde ihm der wichtigste deutsche Jazzpreis ECHO Jazz verliehen. Dass der S\u00e4nger aus einer musikalischen Familie stammte, wissen nur Musikfans.<\/p>\n<p style=\"text-align: justify;\">Eugen Cicero (1940 &#8211; 1997) galt in seiner rum\u00e4nischen Heimat bereits mit sieben Jahren als musikalisches Wunderkind. Nach der Flucht wurde der Pianist Mitte der 1960er-Jahre auch im Westen ber\u00fchmt, sein erstes Album weltweit \u00fcber eine Million Mal verkauft.<\/p>\n<p style=\"text-align: justify;\">Die Lebensgeschichten von Eugen und Roger Cicero sind untrennbar miteinander verwoben und weisen faszinierende Parallelen auf: Genialit\u00e4t gepaart mit einer beispiellosen Leidenschaft, das \u00dcberwinden von Grenzen, der Balanceakt zwischen kommerziellem Erfolg und k\u00fcnstlerischer Integrit\u00e4t und schlussendlich der tragische Ausgang, der die Musikwelt bis heute ersch\u00fcttert.<\/p>\n<p style=\"text-align: justify;\">In diesem ber\u00fchrenden Dokumentarfilm wird die einzigartige Vater-Sohn-Beziehung zweier Ausnahmetalente offenbahrt. Engste Wegbegleiter und namhafte Zeitzeugen beleuchten zwei Genies, die es immer wieder auf die B\u00fchne zur\u00fccktrieb.<\/p>\n<p style=\"text-align: justify;\">Au\u00dfergew\u00f6hnliche Konzertmomente lassen die schmerzliche L\u00fccke, die ihr fr\u00fcher Tod hinterlie\u00df, umso deutlicher werden. Eine emotionale Hommage an zwei strahlende Pers\u00f6nlichkeiten voller Widerspr\u00fcche, Humor und Inspiration. So frei und \u00fcberraschend wie ihre Musik.<\/p>\n<p style=\"text-align: justify;\">Ein Film von Katharina Rinderle.<\/p>\n<p>&nbsp;<\/p>\n<p>&nbsp;<\/p>\n<figure id=\"attachment_204438\" aria-describedby=\"caption-attachment-204438\" style=\"width: 800px\" class=\"wp-caption alignnone\"><img decoding=\"async\" loading=\"lazy\" class=\"size-large wp-image-204438\" src=\"https:\/\/smago.de\/ws2\/wp-content\/uploads\/2023\/06\/1_Cicero_Zwei_Leben_eine_Buehne-800x528.jpg\" alt=\"\" width=\"800\" height=\"528\" srcset=\"https:\/\/smago.de\/ws2\/wp-content\/uploads\/2023\/06\/1_Cicero_Zwei_Leben_eine_Buehne-800x528.jpg 800w, https:\/\/smago.de\/ws2\/wp-content\/uploads\/2023\/06\/1_Cicero_Zwei_Leben_eine_Buehne-522x345.jpg 522w, https:\/\/smago.de\/ws2\/wp-content\/uploads\/2023\/06\/1_Cicero_Zwei_Leben_eine_Buehne-227x150.jpg 227w, https:\/\/smago.de\/ws2\/wp-content\/uploads\/2023\/06\/1_Cicero_Zwei_Leben_eine_Buehne-768x507.jpg 768w, https:\/\/smago.de\/ws2\/wp-content\/uploads\/2023\/06\/1_Cicero_Zwei_Leben_eine_Buehne-1536x1014.jpg 1536w, https:\/\/smago.de\/ws2\/wp-content\/uploads\/2023\/06\/1_Cicero_Zwei_Leben_eine_Buehne-2048x1352.jpg 2048w, https:\/\/smago.de\/ws2\/wp-content\/uploads\/2023\/06\/1_Cicero_Zwei_Leben_eine_Buehne-392x259.jpg 392w, https:\/\/smago.de\/ws2\/wp-content\/uploads\/2023\/06\/1_Cicero_Zwei_Leben_eine_Buehne-130x86.jpg 130w, https:\/\/smago.de\/ws2\/wp-content\/uploads\/2023\/06\/1_Cicero_Zwei_Leben_eine_Buehne-674x445.jpg 674w, https:\/\/smago.de\/ws2\/wp-content\/uploads\/2023\/06\/1_Cicero_Zwei_Leben_eine_Buehne-791x522.jpg 791w, https:\/\/smago.de\/ws2\/wp-content\/uploads\/2023\/06\/1_Cicero_Zwei_Leben_eine_Buehne-288x190.jpg 288w, https:\/\/smago.de\/ws2\/wp-content\/uploads\/2023\/06\/1_Cicero_Zwei_Leben_eine_Buehne-435x287.jpg 435w, https:\/\/smago.de\/ws2\/wp-content\/uploads\/2023\/06\/1_Cicero_Zwei_Leben_eine_Buehne-150x100.jpg 150w\" sizes=\"(max-width: 800px) 100vw, 800px\" \/><figcaption id=\"caption-attachment-204438\" class=\"wp-caption-text\"><em>Eugen und Roger Cicero | Vater und Sohn<\/em><\/p>\n<p><em>\u00a9 NDR \/ Thomas Blaser<\/em><\/figcaption><\/figure>\n","protected":false},"excerpt":{"rendered":"<p>22:40 Uhr &#8211; 00:25 Uhr! Ein\u00a0Film von Katharina Rinderle!<\/p>\n","protected":false},"author":2,"featured_media":204438,"comment_status":"open","ping_status":"closed","sticky":false,"template":"","format":"standard","meta":{"_FSMCFIC_featured_image_caption":"","_FSMCFIC_featured_image_nocaption":"","_FSMCFIC_featured_image_hide":""},"categories":[29,128],"tags":[3121],"acf":[],"_links":{"self":[{"href":"https:\/\/smago.de\/ws2\/wp-json\/wp\/v2\/posts\/204437"}],"collection":[{"href":"https:\/\/smago.de\/ws2\/wp-json\/wp\/v2\/posts"}],"about":[{"href":"https:\/\/smago.de\/ws2\/wp-json\/wp\/v2\/types\/post"}],"author":[{"embeddable":true,"href":"https:\/\/smago.de\/ws2\/wp-json\/wp\/v2\/users\/2"}],"replies":[{"embeddable":true,"href":"https:\/\/smago.de\/ws2\/wp-json\/wp\/v2\/comments?post=204437"}],"version-history":[{"count":1,"href":"https:\/\/smago.de\/ws2\/wp-json\/wp\/v2\/posts\/204437\/revisions"}],"predecessor-version":[{"id":204439,"href":"https:\/\/smago.de\/ws2\/wp-json\/wp\/v2\/posts\/204437\/revisions\/204439"}],"wp:featuredmedia":[{"embeddable":true,"href":"https:\/\/smago.de\/ws2\/wp-json\/wp\/v2\/media\/204438"}],"wp:attachment":[{"href":"https:\/\/smago.de\/ws2\/wp-json\/wp\/v2\/media?parent=204437"}],"wp:term":[{"taxonomy":"category","embeddable":true,"href":"https:\/\/smago.de\/ws2\/wp-json\/wp\/v2\/categories?post=204437"},{"taxonomy":"post_tag","embeddable":true,"href":"https:\/\/smago.de\/ws2\/wp-json\/wp\/v2\/tags?post=204437"}],"curies":[{"name":"wp","href":"https:\/\/api.w.org\/{rel}","templated":true}]}}