{"id":204251,"date":"2023-06-21T00:00:14","date_gmt":"2023-06-20T22:00:14","guid":{"rendered":"https:\/\/smago.de\/ws2\/?p=204251"},"modified":"2023-06-20T10:19:52","modified_gmt":"2023-06-20T08:19:52","slug":"nadine-heimes-auch-sie-hat-lust-auf-den-sommer","status":"publish","type":"post","link":"https:\/\/smago.de\/ws2\/pop-schlager\/nadine-heimes-auch-sie-hat-lust-auf-den-sommer\/","title":{"rendered":"NADINE HEIMES <br>Auch sie hat &#8222;Lust auf den Sommer&#8220;!"},"content":{"rendered":"<p>Eine Produktion aus dem Hause Bella Vista Music (Benjamin Zibret) \u2013 mit einem Text von Mark Bender!<br \/>\n<!--more--><\/p>\n<p>&nbsp;<\/p>\n<p>&nbsp;<\/p>\n<p style=\"text-align: justify;\">\n<p style=\"text-align: justify;\">Nach verregneten und k\u00fchlen Tagen im Fr\u00fchjahr hat auch NADINE HEIMES so richtig &#8222;Lust auf den Sommer&#8220;, wie sich ihr aktueller Titel (V\u00d6: 23.06.2023) auch nennt.<\/p>\n<p style=\"text-align: justify;\">Die eing\u00e4ngige Melodie, tanzbarer und moderner Rhythmus im aktuellen Sound der die Sorgen ein wenig vergessen l\u00e4sst &#8211; alles was ein guter Sommertitel braucht.<\/p>\n<p style=\"text-align: justify;\">Lust auf das Leben, tr\u00e4umen und schweben, Tanzen und Feiern, die Sonne im Herzen &#8211; Leichtigkeit und Sehnsucht pur &#8211; Lust auf den Sommer &#8211; mit Dir.<\/p>\n<p style=\"text-align: justify;\">Komponiert und produziert wurde der Titel von Benjamin Zibret (&#8222;Bella Vista Music&#8220;), der Text stammt von Mark Bender.<\/p>\n<p style=\"text-align: justify;\"><strong>Biografie NADINE HEIMES<\/strong><\/p>\n<p>&nbsp;<\/p>\n<p>&nbsp;<\/p>\n<div id=\"LayoutContainer\" class=\"layout-container\">\n<div>\n<div id=\"main\" class=\"MainPage\">\n<div class=\"TextLayerIP\">\n<div class=\"text-layer-background\">\n<div class=\"Sizer NoButton text-layer-wrapper\">\n<div class=\"text-layer-container\">\n<div class=\"Text\" style=\"text-align: justify;\">\n<p>Nadine Heimes erblickte das Licht der Welt in Koblenz.<\/p>\n<p>Ihr Lebensmittelpunkt ist Klotten, ein kleines Weindorf an der Mosel\u00a0(Rhein-Land-Pfalz).<\/p>\n<p>Beruflich findet sie ihre Erf\u00fcllung als diplomierte Fachwirtin in der Hauswirtschaft f\u00fcr Menschen mit Behinderung in einer Einrichtung der Lebenshilfe f\u00fcr Menschen mit geistiger und k\u00f6rperlicher Behinderung.<\/p>\n<p>Schon im Teenageralter wurde ihr klar, dass die Musik ein wichtiger Teil ihres Lebens, und sie irgendwann vor Publikum auftritt. Sie nahm den Gesangsunterricht auf und wurde bald zur Frontfrau einer Tanz- und Unterhaltungsband.<\/p>\n<p>Auf den Tanzveranstaltungen der Moselschiffe, Weinfesten und auf den Events wie Firmenfeiern, Hochzeiten, Taufen, konnte sie bereits Erfahrungen als Solok\u00fcnstlerin und Frontfrau sammeln.<\/p>\n<p>2020 wurden die ersten Titel ver\u00f6ffentlicht (&#8222;Im Sternenregen durch die Nacht&#8220;, &#8222;Ich bin immer f\u00fcr dich da&#8220;), die gute Resonanz erzeugten, 2021 folgte auch das erste Musikvideo.<\/p>\n<\/div>\n<div style=\"text-align: justify;\"><\/div>\n<div class=\"Text\" style=\"text-align: justify;\">Die K\u00fcnstlerin und ihr Autoren- und Produzenten-Team arbeiten aktuell an den weiteren Songs.<iframe name=\"postFrameuNiqUE-13412\" width=\"0\" height=\"0\" marginwidth=\"0\" marginheight=\"0\" data-mce-fragment=\"1\"><\/iframe><\/div>\n<\/div>\n<\/div>\n<\/div>\n<\/div>\n<\/div>\n<\/div>\n<\/div>\n","protected":false},"excerpt":{"rendered":"<p>Eine Produktion aus dem Hause Bella Vista Music (Benjamin Zibret) \u2013 mit einem Text von Mark Bender!<\/p>\n","protected":false},"author":2,"featured_media":204252,"comment_status":"open","ping_status":"closed","sticky":false,"template":"","format":"standard","meta":{"_FSMCFIC_featured_image_caption":"","_FSMCFIC_featured_image_nocaption":"","_FSMCFIC_featured_image_hide":""},"categories":[28],"tags":[3114],"acf":[],"_links":{"self":[{"href":"https:\/\/smago.de\/ws2\/wp-json\/wp\/v2\/posts\/204251"}],"collection":[{"href":"https:\/\/smago.de\/ws2\/wp-json\/wp\/v2\/posts"}],"about":[{"href":"https:\/\/smago.de\/ws2\/wp-json\/wp\/v2\/types\/post"}],"author":[{"embeddable":true,"href":"https:\/\/smago.de\/ws2\/wp-json\/wp\/v2\/users\/2"}],"replies":[{"embeddable":true,"href":"https:\/\/smago.de\/ws2\/wp-json\/wp\/v2\/comments?post=204251"}],"version-history":[{"count":2,"href":"https:\/\/smago.de\/ws2\/wp-json\/wp\/v2\/posts\/204251\/revisions"}],"predecessor-version":[{"id":204254,"href":"https:\/\/smago.de\/ws2\/wp-json\/wp\/v2\/posts\/204251\/revisions\/204254"}],"wp:featuredmedia":[{"embeddable":true,"href":"https:\/\/smago.de\/ws2\/wp-json\/wp\/v2\/media\/204252"}],"wp:attachment":[{"href":"https:\/\/smago.de\/ws2\/wp-json\/wp\/v2\/media?parent=204251"}],"wp:term":[{"taxonomy":"category","embeddable":true,"href":"https:\/\/smago.de\/ws2\/wp-json\/wp\/v2\/categories?post=204251"},{"taxonomy":"post_tag","embeddable":true,"href":"https:\/\/smago.de\/ws2\/wp-json\/wp\/v2\/tags?post=204251"}],"curies":[{"name":"wp","href":"https:\/\/api.w.org\/{rel}","templated":true}]}}