{"id":203871,"date":"2023-06-15T23:59:36","date_gmt":"2023-06-15T21:59:36","guid":{"rendered":"https:\/\/smago.de\/ws2\/?p=203871"},"modified":"2023-06-15T17:26:47","modified_gmt":"2023-06-15T15:26:47","slug":"heinz-strunk-u-a-fr-16-06-2023-in-der-talk-show-3nach9-zu-gast","status":"publish","type":"post","link":"https:\/\/smago.de\/ws2\/comedy\/heinz-strunk-u-a-fr-16-06-2023-in-der-talk-show-3nach9-zu-gast\/","title":{"rendered":"HEINZ STRUNK u.a. <br>Fr., 16.06.2023, in der Talk-Show &#8222;3nach9&#8220; zu Gast!"},"content":{"rendered":"<p>NDR Fernsehen + HR Fernsehen, 22:30 Uhr \u2013 00:30 Uhr! Moderation: Judith Rakers und Giovanni di Lorenzo!<\/p>\n<p>&nbsp;<\/p>\n<p>&nbsp;<\/p>\n<p>&nbsp;<\/p>\n<p><strong>G\u00e4ste:<\/strong><\/p>\n<p>&nbsp;<\/p>\n<p>&nbsp;<\/p>\n<ul>\n<li>Heinz Strunk<\/li>\n<li>Brigitte Seebacher<\/li>\n<li>Nia K\u00fcnzer<\/li>\n<li>G\u00fcnther Beckstein und Christian Lilienwei\u00df<\/li>\n<li>Julia Cissewski<\/li>\n<li>Hubert Messner<\/li>\n<\/ul>\n<p>&nbsp;<\/p>\n<p>&nbsp;<\/p>\n<p>&nbsp;<\/p>\n<p style=\"text-align: justify;\">\n<ul style=\"text-align: justify;\">\n<li><strong>Heinz Strunk<\/strong><\/li>\n<\/ul>\n<p style=\"text-align: justify;\">\n<p style=\"text-align: justify;\">Die letzten Wochen hat der Schriftsteller Heinz Strunk auf Mallorca verbracht. Nicht, um dort seinen Urlaub zu genie\u00dfen, sondern um eine Serie u\u0308ber zwei arbeitslose Tanzmusiker am Ballermann zu drehen. Das Drehbuch stammt von ihm, praktischerweise hat er auch gleich eine Hauptrolle u\u0308bernommen. Rastlos ist der Erfolgsschriftsteller eigentlich immer. Im Hamburger Stadtteil Langenbek aufgewachsen, verdiente der Multiinstrumentalist schon in seiner Jugend sein Geld als Hochzeitsmusiker. Diese Erfahrungen hielt er in seinem Erstlingswerk &#8222;Fleisch ist mein Gemu\u0308se&#8220; fest. Auch sein Roman &#8222;Der goldene Handschuh&#8220; u\u0308ber den Hamburger Serienmo\u0308rder Fritz Honka stand monatelang auf der Bestsellerliste. Mehrmals wurde Strunk, der bu\u0308rgerlich Mathias Halfpape hei\u00dft, fu\u0308r den Deutschen Buchpreis nominiert. Jetzt legt er literarisch nach und berichtet in &#8222;Der gelbe Elefant&#8220; u.a. u\u0308ber eine Seniorenorganisation namens Freiwillig u\u0308ber die Klippe. Bei &#8222;3nach9&#8220; wird er gefragt, wann er endlich mal Zeit hat, um Urlaub zu machen.<\/p>\n<p>&nbsp;<\/p>\n<p>&nbsp;<\/p>\n<p>&nbsp;<\/p>\n<p>&nbsp;<\/p>\n<ul style=\"text-align: justify;\">\n<li><strong>Brigitte Seebacher<\/strong><\/li>\n<\/ul>\n<p style=\"text-align: justify;\">\n<p style=\"text-align: justify;\">Im Alter von 19 Jahren trat sie nach einer Wahlrede Willy Brandts in Bremen in die SPD ein, w\u00e4hrend ihres Studiums volontierte sie bei Radio Bremen. Sp\u00e4ter wechselte sie nach Berlin in die Pressestelle des SPD-Vorstands und lernte dort den ehemaligen Bundeskanzler Willy Brandt pers\u00f6nlich kennen, ihren sp\u00e4teren Ehemann. Die Rede ist von Brigitte Seebacher. Die Historikerin hat sich aktuell ausf\u00fchrlich mit dem Ende des Industriezeitalters und der Geschichte der Sozialdemokratie auseinandergesetzt. \u00dcber die Wichtigkeit dieser politischen Ideologie in der heutigen Zeit, ihre Leidenschaft f\u00fcr den SV Werder Bremen und ihre Erinnerung an ihren ersten &#8222;3nach9&#8220;-Auftritt vor fast 40 Jahren, berichtet Brigitte Seebacher bei &#8222;3nach9&#8220;.<\/p>\n<p>&nbsp;<\/p>\n<p>&nbsp;<\/p>\n<p>&nbsp;<\/p>\n<p>&nbsp;<\/p>\n<ul style=\"text-align: justify;\">\n<li><strong>Nia K\u00fcnzer<\/strong><\/li>\n<\/ul>\n<p style=\"text-align: justify;\">\n<p style=\"text-align: justify;\">Vor genau 20 Jahren schoss Nia K\u00fcnzer durch ihr Golden Goal die deutsche Frauen-Fu\u00dfballnationalmannschaft zum Weltmeisterschaftstitel. Die Tage danach, so berichten Augenzeuginnen, m\u00fcssen ziemlich feierw\u00fctig gewesen sein. Die heutige ARD-Expertin stellt jetzt einige Thesen auf, die es zu besprechen gilt: Geht es im Frauenfu\u00dfball mehr um den Sport, weniger um Kommerz und die Show? Spielen Frauen deshalb den besseren Fu\u00dfball? Was kann M\u00e4nnerfu\u00dfball von dem der Frauen lernen? Warum kann diese Sportart f\u00fcr das Selbstbewusstsein von M\u00e4dchen wichtig sein? Wann Nia K\u00fcnzer ihre Leidenschaft f\u00fcr das runde Leder entdeckte, berichtet sie kurz vor der FIFA Frauen-Weltmeisterschaft Australien &amp; Neuseeland 2023 bei &#8222;3nach9&#8220;.<\/p>\n<p>&nbsp;<\/p>\n<p>&nbsp;<\/p>\n<p>&nbsp;<\/p>\n<p>&nbsp;<\/p>\n<ul style=\"text-align: justify;\">\n<li><strong>G\u00fcnther Beckstein und Christian Lilienwei\u00df<\/strong><\/li>\n<\/ul>\n<p style=\"text-align: justify;\">\n<p style=\"text-align: justify;\">Schwerh\u00f6rigkeit ist f\u00fcr viele Menschen ein Tabuthema. Sie ziehen sich lieber zur\u00fcck, als zum Arzt zu gehen. Nicht so Bayerns ehemaliger Ministerpr\u00e4sident G\u00fcnther Beckstein: Er spricht offen \u00fcber ein kleines graues K\u00e4stchen, das ihn wieder h\u00f6ren l\u00e4sst. Denn das Cochlea-Implantat, zu dem die Vorrichtung geh\u00f6rt, hat ihm sein Geh\u00f6r zur\u00fcckgegeben.<br \/>\nChristian Lilienwei\u00df aus Schee\u00dfel verlor bereits in jungen Jahren fast vollst\u00e4ndig sein Geh\u00f6r. In einer Talkshow sieht er G\u00fcnther Becksteins offenen Umgang mit dessen H\u00f6rhilfe und entschlie\u00dft sich zu der Operation, in der eine Elektrode in die H\u00f6rschnecke gef\u00fchrt wird. Nach mehr als 30 Jahren Stille kann er nun wieder h\u00f6ren und erh\u00e4lt dadurch ein neues Leben. Bei &#8222;3nach9&#8220; werden beide erstmals aufeinandertreffen und sich \u00fcber ihre Erfahrungen austauschen.<\/p>\n<p>&nbsp;<\/p>\n<p>&nbsp;<\/p>\n<p>&nbsp;<\/p>\n<p>&nbsp;<\/p>\n<ul style=\"text-align: justify;\">\n<li><strong>Julia Cissewski<\/strong><\/li>\n<\/ul>\n<p style=\"text-align: justify;\">\n<p style=\"text-align: justify;\">Eigentlich ist sie studierte Sprachwissenschaftlerin und durch einen gro\u00dfen Zufall Anfang der 2000er-Jahre erstmals nach Borneo gereist. Dort verlor Dr. Julia Cissewski ihr Herz an Orang-Utans. Orang-Utans sind die gr\u00f6\u00dften, heute noch lebenden Baums\u00e4ugetiere sowie die einzige \u00fcberlebende Gro\u00dfen Menschenaffen-Art Asiens. Durch die gnadenlose Zerst\u00f6rung des Regenwaldes f\u00fcr Tropenholz und Palm\u00f6l sind sie jedoch vom Aussterben bedroht. Um nicht tatenlos zuzusehen, gr\u00fcndete die Leipzigerin den Verein &#8222;Orang-Utans in Not&#8220;. Im vergangenen Jahr wurde die Forscherin f\u00fcr ihr Engagement mit dem Bundesverdienstorden ausgezeichnet.<\/p>\n<p>&nbsp;<\/p>\n<p>&nbsp;<\/p>\n<p>&nbsp;<\/p>\n<p>&nbsp;<\/p>\n<ul style=\"text-align: justify;\">\n<li><strong>Hubert Messner<\/strong><\/li>\n<\/ul>\n<p style=\"text-align: justify;\">\n<p style=\"text-align: justify;\">Im Leben des Fr\u00fchchen-Mediziners und Abenteurers Hubert Messner ging es h\u00e4ufig um Grenzsituationen zwischen Leben und Tod. Der S\u00fcdtiroler Kinderarzt und Neonatologe begleitete seinen Bruder, Bergsteigerlegende Reinhold Messner, oftmals als Expeditionsarzt auf dessen Reisen in den Himalaja und in Eisw\u00fcsten. Aus eigener Erfahrung wei\u00df er: Es kommt auf einen selbst an, wie man Hindernisse und Schwierigkeiten meistert. Warum die Welt besser ist als man denkt und man trotz aller Herausforderungen dieser Zeit optimistisch in die Zukunft blicken sollte, das erz\u00e4hlt der ehemalige Chefarzt und Vater von drei S\u00f6hnen bei &#8222;3nach9&#8220;.<\/p>\n<p>&nbsp;<\/p>\n<p>&nbsp;<\/p>\n<p>&nbsp;<\/p>\n<figure id=\"attachment_198924\" aria-describedby=\"caption-attachment-198924\" style=\"width: 800px\" class=\"wp-caption alignnone\"><img decoding=\"async\" loading=\"lazy\" class=\"size-large wp-image-198924\" src=\"https:\/\/smago.de\/ws2\/wp-content\/uploads\/2023\/03\/4_3nach9_Judith_Rakers_und_Giovanni_di_Lorenzo_2019-800x528.jpg\" alt=\"\" width=\"800\" height=\"528\" srcset=\"https:\/\/smago.de\/ws2\/wp-content\/uploads\/2023\/03\/4_3nach9_Judith_Rakers_und_Giovanni_di_Lorenzo_2019-800x528.jpg 800w, https:\/\/smago.de\/ws2\/wp-content\/uploads\/2023\/03\/4_3nach9_Judith_Rakers_und_Giovanni_di_Lorenzo_2019-522x345.jpg 522w, https:\/\/smago.de\/ws2\/wp-content\/uploads\/2023\/03\/4_3nach9_Judith_Rakers_und_Giovanni_di_Lorenzo_2019-227x150.jpg 227w, https:\/\/smago.de\/ws2\/wp-content\/uploads\/2023\/03\/4_3nach9_Judith_Rakers_und_Giovanni_di_Lorenzo_2019-768x507.jpg 768w, https:\/\/smago.de\/ws2\/wp-content\/uploads\/2023\/03\/4_3nach9_Judith_Rakers_und_Giovanni_di_Lorenzo_2019-1536x1014.jpg 1536w, https:\/\/smago.de\/ws2\/wp-content\/uploads\/2023\/03\/4_3nach9_Judith_Rakers_und_Giovanni_di_Lorenzo_2019-2048x1352.jpg 2048w, https:\/\/smago.de\/ws2\/wp-content\/uploads\/2023\/03\/4_3nach9_Judith_Rakers_und_Giovanni_di_Lorenzo_2019-392x259.jpg 392w, https:\/\/smago.de\/ws2\/wp-content\/uploads\/2023\/03\/4_3nach9_Judith_Rakers_und_Giovanni_di_Lorenzo_2019-130x86.jpg 130w, https:\/\/smago.de\/ws2\/wp-content\/uploads\/2023\/03\/4_3nach9_Judith_Rakers_und_Giovanni_di_Lorenzo_2019-674x445.jpg 674w, https:\/\/smago.de\/ws2\/wp-content\/uploads\/2023\/03\/4_3nach9_Judith_Rakers_und_Giovanni_di_Lorenzo_2019-791x522.jpg 791w, https:\/\/smago.de\/ws2\/wp-content\/uploads\/2023\/03\/4_3nach9_Judith_Rakers_und_Giovanni_di_Lorenzo_2019-288x190.jpg 288w, https:\/\/smago.de\/ws2\/wp-content\/uploads\/2023\/03\/4_3nach9_Judith_Rakers_und_Giovanni_di_Lorenzo_2019-435x287.jpg 435w, https:\/\/smago.de\/ws2\/wp-content\/uploads\/2023\/03\/4_3nach9_Judith_Rakers_und_Giovanni_di_Lorenzo_2019-150x100.jpg 150w\" sizes=\"(max-width: 800px) 100vw, 800px\" \/><figcaption id=\"caption-attachment-198924\" class=\"wp-caption-text\"><em>\u00a9 Radio Bremen \/ Matthias Hornung<\/em><\/figcaption><\/figure>\n","protected":false},"excerpt":{"rendered":"<p>NDR Fernsehen + HR Fernsehen, 22:30 Uhr \u2013 00:30 Uhr! Moderation: Judith Rakers und Giovanni di Lorenzo! &nbsp; &nbsp; &nbsp;<\/p>\n","protected":false},"author":2,"featured_media":198924,"comment_status":"open","ping_status":"closed","sticky":false,"template":"","format":"standard","meta":{"_FSMCFIC_featured_image_caption":"","_FSMCFIC_featured_image_nocaption":"","_FSMCFIC_featured_image_hide":""},"categories":[3,128],"tags":[215],"acf":[],"_links":{"self":[{"href":"https:\/\/smago.de\/ws2\/wp-json\/wp\/v2\/posts\/203871"}],"collection":[{"href":"https:\/\/smago.de\/ws2\/wp-json\/wp\/v2\/posts"}],"about":[{"href":"https:\/\/smago.de\/ws2\/wp-json\/wp\/v2\/types\/post"}],"author":[{"embeddable":true,"href":"https:\/\/smago.de\/ws2\/wp-json\/wp\/v2\/users\/2"}],"replies":[{"embeddable":true,"href":"https:\/\/smago.de\/ws2\/wp-json\/wp\/v2\/comments?post=203871"}],"version-history":[{"count":1,"href":"https:\/\/smago.de\/ws2\/wp-json\/wp\/v2\/posts\/203871\/revisions"}],"predecessor-version":[{"id":203872,"href":"https:\/\/smago.de\/ws2\/wp-json\/wp\/v2\/posts\/203871\/revisions\/203872"}],"wp:featuredmedia":[{"embeddable":true,"href":"https:\/\/smago.de\/ws2\/wp-json\/wp\/v2\/media\/198924"}],"wp:attachment":[{"href":"https:\/\/smago.de\/ws2\/wp-json\/wp\/v2\/media?parent=203871"}],"wp:term":[{"taxonomy":"category","embeddable":true,"href":"https:\/\/smago.de\/ws2\/wp-json\/wp\/v2\/categories?post=203871"},{"taxonomy":"post_tag","embeddable":true,"href":"https:\/\/smago.de\/ws2\/wp-json\/wp\/v2\/tags?post=203871"}],"curies":[{"name":"wp","href":"https:\/\/api.w.org\/{rel}","templated":true}]}}