{"id":203820,"date":"2023-06-14T15:34:27","date_gmt":"2023-06-14T13:34:27","guid":{"rendered":"https:\/\/smago.de\/ws2\/?p=203820"},"modified":"2023-06-14T15:34:27","modified_gmt":"2023-06-14T13:34:27","slug":"smago-informiert-zdf-orf-und-srf-steigern-erneut-volumen-bei-koproduktionen","status":"publish","type":"post","link":"https:\/\/smago.de\/ws2\/smago-informiert\/smago-informiert-zdf-orf-und-srf-steigern-erneut-volumen-bei-koproduktionen\/","title":{"rendered":"smago! INFORMIERT <br> ZDF, ORF und SRF steigern erneut Volumen bei Koproduktionen!"},"content":{"rendered":"<p>Ziel der seit 1967 w\u00e4hrenden Zusammenarbeit \u00fcber Grenzen und Genres hinweg ist die gemeinsame Herstellung von Produktionen mit starker Relevanz f\u00fcr den deutschsprachigen Raum!<br \/>\n<!--more--><\/p>\n<p>&nbsp;<\/p>\n<p>&nbsp;<\/p>\n<p style=\"text-align: justify;\">Die \u00f6ffentlich-rechtlichen Fernsehanstalten aus Deutschland, \u00d6sterreich und der Deutschschweiz \u2013 ZDF, ORF und SRF \u2013 haben bei ihrer j\u00e4hrlichen Koproduktionstagung gemeinsame Programmvorhaben f\u00fcr 2023\/2024 vereinbart. Bereits zum 56. Mal diskutierten die Programmverantwortlichen der drei Sender \u00fcber die l\u00e4nder\u00fcbergreifende Zusammenarbeit, in diesem Jahr am 12. und 13. Juni in Innsbruck. Das Koproduktionsvolumen lag 2022 mit rund 141 Millionen Euro rund zwei Millionen Euro \u00fcber dem Wert des Vorjahres.<\/p>\n<p style=\"text-align: justify;\">Dank der erfolgreichen Zusammenarbeit der drei Sender war es auch im vergangenen Jahr m\u00f6glich, wieder langj\u00e4hrige Produktionen wie &#8222;Der Alte&#8220;, &#8222;Lena Lorenz&#8220; oder auch &#8222;1, 2 oder 3&#8220; zu realisieren. Auch eine Reihe von Dokumentationsprogrammen, wie zum Beispiel &#8222;Afrika von oben&#8220; sowie Kultur- und Unterhaltungsprogramme wurden umgesetzt. F\u00fcr 2023\/2024 werden die Kooperationen in einer Vielzahl von gemeinsamen Projekten und \u00fcber alle Genres hinweg fortgesetzt, unter anderem mit weiteren &#8222;Landkrimis&#8220; und neuen Folgen von &#8222;Die Toten vom Bodensee&#8220;, &#8222;Ein Fall f\u00fcr zwei&#8220; und &#8222;Das Traumschiff&#8220; sowie 2023 mit einer weiteren Ausgabe von &#8222;Wetten, dass..?&#8220;.<\/p>\n<p style=\"text-align: justify;\">&#8222;Der \u00f6ffentlich-rechtliche Rundfunk lebt von hochwertigen Inhalten, von bew\u00e4hrtem genauso wie von innovativem Programm. M\u00f6glich wird das auch durch starke Partnerschaften: ZDF, ORF und SRF machen gemeinsam gutes TV-Programm f\u00fcr Menschen aus allen drei L\u00e4ndern und bieten den Menschen einen Mehrwert. Unser Publikum noch besser zu verstehen, es dort abzuholen, wo es ist \u2013 das ist im digitalen Zeitalter wichtiger denn je und treibt uns derzeit besonders um. Zu Herausforderungen und Chancen sind wir auch in diesem Jahr im Austausch und lernen gemeinsam aus unseren Erfahrungen. Davon profitieren wir als Fernsehmacherinnen und -macher, davon profitiert unser Programm&#8220;, so ZDF-Programmdirektorin Dr. Nadine Bilke.<\/p>\n<p style=\"text-align: justify;\">ORF-Programmdirektorin Stefanie Groiss-Horowitz betont: &#8222;Durch die Zusammenarbeit mit starken Partnern wie dem ZDF und dem SRF k\u00f6nnen wir unserem Publikum eine Vielzahl an Highlights \u2013 von den &#8218;Toten vom Bodensee&#8216; \u00fcber der &#8218;Der Schwarm&#8216;, &#8218;Der Bergdoktor&#8216; bis zu &#8218;Wetten, dass..?&#8216; \u2013 pr\u00e4sentieren und neue Inhalte gemeinsam realisieren. Als \u00f6ffentlich-rechtliche Sender bilden wir eine Allianz, in der wir Innovationen setzen und unseren Zuschauerinnen und Zuschauern auch in Zukunft zielgerichtet das beste Programm bieten.&#8220;<\/p>\n<p style=\"text-align: justify;\">SRF-Direktorin Nathalie Wappler: &#8222;Die Zusammenarbeit und der Erfahrungsaustausch mit unseren langj\u00e4hrigen Partnersendern aus Deutschland und \u00d6sterreich sind f\u00fcr uns \u00e4u\u00dferst wertvoll. Gemeinsam gelingt es uns seit vielen Jahrzehnten, hochwertige und f\u00fcr unser Publikum relevante Formate zu realisieren. So ist es nur konsequent, dass wir k\u00fcnftig Programmentwicklungen bereits in einem fr\u00fchen Stadium gemeinsam angehen \u2013 immer mit dem Ziel, unseren Zuschauerinnen und Zuschauern in Deutschland, \u00d6sterreich und der Schweiz die bestm\u00f6glichen Inhalte zu pr\u00e4sentieren. \u00dcber diese weitere St\u00e4rkung unserer partnerschaftlichen Zusammenarbeit mit ZDF und ORF freue ich mich sehr.&#8220;<\/p>\n<p style=\"text-align: justify;\">Die Koproduktionstagung von ORF, SRF und ZDF findet j\u00e4hrlich seit 1967 statt. Ziel der Zusammenarbeit \u00fcber Grenzen und Genres hinweg ist die gemeinsame Herstellung von Produktionen mit starker Relevanz f\u00fcr den deutschsprachigen Raum.<\/p>\n<p>&nbsp;<\/p>\n<p>&nbsp;<\/p>\n<figure id=\"attachment_150247\" aria-describedby=\"caption-attachment-150247\" style=\"width: 720px\" class=\"wp-caption alignnone\"><img decoding=\"async\" loading=\"lazy\" class=\"size-full wp-image-150247\" src=\"https:\/\/smago.de\/ws2\/wp-content\/uploads\/2020\/07\/csm_ZDF_logo_corporate_design_03_4da3679ae9.jpg\" alt=\"\" width=\"720\" height=\"405\" srcset=\"https:\/\/smago.de\/ws2\/wp-content\/uploads\/2020\/07\/csm_ZDF_logo_corporate_design_03_4da3679ae9.jpg 720w, https:\/\/smago.de\/ws2\/wp-content\/uploads\/2020\/07\/csm_ZDF_logo_corporate_design_03_4da3679ae9-522x294.jpg 522w, https:\/\/smago.de\/ws2\/wp-content\/uploads\/2020\/07\/csm_ZDF_logo_corporate_design_03_4da3679ae9-267x150.jpg 267w, https:\/\/smago.de\/ws2\/wp-content\/uploads\/2020\/07\/csm_ZDF_logo_corporate_design_03_4da3679ae9-392x221.jpg 392w, https:\/\/smago.de\/ws2\/wp-content\/uploads\/2020\/07\/csm_ZDF_logo_corporate_design_03_4da3679ae9-130x73.jpg 130w, https:\/\/smago.de\/ws2\/wp-content\/uploads\/2020\/07\/csm_ZDF_logo_corporate_design_03_4da3679ae9-292x164.jpg 292w, https:\/\/smago.de\/ws2\/wp-content\/uploads\/2020\/07\/csm_ZDF_logo_corporate_design_03_4da3679ae9-435x245.jpg 435w\" sizes=\"(max-width: 720px) 100vw, 720px\" \/><figcaption id=\"caption-attachment-150247\" class=\"wp-caption-text\">Foto-Credit: ZDF \/ Corporate Design<\/figcaption><\/figure>\n","protected":false},"excerpt":{"rendered":"<p>Ziel der seit 1967 w\u00e4hrenden Zusammenarbeit \u00fcber Grenzen und Genres hinweg ist die gemeinsame Herstellung von Produktionen mit starker Relevanz<\/p>\n","protected":false},"author":2,"featured_media":150247,"comment_status":"open","ping_status":"closed","sticky":false,"template":"","format":"standard","meta":{"_FSMCFIC_featured_image_caption":"","_FSMCFIC_featured_image_nocaption":"","_FSMCFIC_featured_image_hide":""},"categories":[33,128],"tags":[60],"acf":[],"_links":{"self":[{"href":"https:\/\/smago.de\/ws2\/wp-json\/wp\/v2\/posts\/203820"}],"collection":[{"href":"https:\/\/smago.de\/ws2\/wp-json\/wp\/v2\/posts"}],"about":[{"href":"https:\/\/smago.de\/ws2\/wp-json\/wp\/v2\/types\/post"}],"author":[{"embeddable":true,"href":"https:\/\/smago.de\/ws2\/wp-json\/wp\/v2\/users\/2"}],"replies":[{"embeddable":true,"href":"https:\/\/smago.de\/ws2\/wp-json\/wp\/v2\/comments?post=203820"}],"version-history":[{"count":1,"href":"https:\/\/smago.de\/ws2\/wp-json\/wp\/v2\/posts\/203820\/revisions"}],"predecessor-version":[{"id":203821,"href":"https:\/\/smago.de\/ws2\/wp-json\/wp\/v2\/posts\/203820\/revisions\/203821"}],"wp:featuredmedia":[{"embeddable":true,"href":"https:\/\/smago.de\/ws2\/wp-json\/wp\/v2\/media\/150247"}],"wp:attachment":[{"href":"https:\/\/smago.de\/ws2\/wp-json\/wp\/v2\/media?parent=203820"}],"wp:term":[{"taxonomy":"category","embeddable":true,"href":"https:\/\/smago.de\/ws2\/wp-json\/wp\/v2\/categories?post=203820"},{"taxonomy":"post_tag","embeddable":true,"href":"https:\/\/smago.de\/ws2\/wp-json\/wp\/v2\/tags?post=203820"}],"curies":[{"name":"wp","href":"https:\/\/api.w.org\/{rel}","templated":true}]}}