{"id":203032,"date":"2023-06-01T23:59:26","date_gmt":"2023-06-01T21:59:26","guid":{"rendered":"https:\/\/smago.de\/ws2\/?p=203032"},"modified":"2023-06-01T09:13:55","modified_gmt":"2023-06-01T07:13:55","slug":"lea-u-a-fr-02-06-2023-in-der-ndr-talk-show-zu-gast","status":"publish","type":"post","link":"https:\/\/smago.de\/ws2\/pop\/lea-u-a-fr-02-06-2023-in-der-ndr-talk-show-zu-gast\/","title":{"rendered":"LEA u.a. <br>Fr. (02.06.2023) in der &#8222;NDR Talk Show&#8220; zu Gast!"},"content":{"rendered":"<p>NDR Fernsehen + HR Fernsehen, 22:00 Uhr &#8211; 00:00 Uhr! Moderation:<span class=\"title columns\"><span class=\"subtitle\">\u00a0Johannes Wimmer und Bettina Tietjen!<\/span><\/span><!--more--><\/p>\n<p>&nbsp;<\/p>\n<p>&nbsp;<\/p>\n<p>&nbsp;<\/p>\n<p><strong>G\u00e4ste:<\/strong><\/p>\n<p>&nbsp;<\/p>\n<p style=\"text-align: justify;\">\n<ul style=\"text-align: justify;\">\n<li>LEA, Singer-Songwriterin<\/li>\n<li>Fabian Hinrichs, Schauspieler<\/li>\n<li>Peter Wohlleben, Landschafts\u00f6kologe und F\u00f6rster<\/li>\n<li>Michael Kessler, Schauspieler<\/li>\n<li>Hans-Hermann Thielke, Komiker<\/li>\n<li>Katja Weitzenb\u00f6ck, Schauspielerin<\/li>\n<\/ul>\n<div class=\"left-list-col columns\" style=\"text-align: justify;\"><\/div>\n<div style=\"text-align: justify;\"><\/div>\n<div style=\"text-align: justify;\"><\/div>\n<div style=\"text-align: justify;\"><\/div>\n<div style=\"text-align: justify;\"><\/div>\n<p style=\"text-align: justify;\">\n<p style=\"text-align: justify;\">\n<p style=\"text-align: justify;\">\n<div>\n<ul style=\"text-align: justify;\">\n<li><strong>LEA, Singer-Songwriterin<\/strong><\/li>\n<\/ul>\n<p style=\"text-align: justify;\">Was andere Menschen in ihr Tagebuch schreiben, verpackt sie in ihre Lieder. Die Musik der Singer-Songwriterin LEA klingt zart und kraftvoll zugleich. Mit sechs Jahren \u00fcbt sie, geb\u00fcrtig aus Kassel, schon auf dem Klavier ihres Vaters, mit elf schreibt sie ihre ersten Songs und mit 16 landet sie ihren ersten Hit mit &#8222;Wohin du willst&#8220;, der zugleich ein riesiger YouTube-Erfolg wird.<\/p>\n<p>Sie studiert Musik und Sonderp\u00e4dagogik in Hannover und bringt mit 24 ihr erstes Album &#8222;Vakuum&#8220; heraus. Ihre Single &#8222;Leiser&#8220; wird durchs Radio zum Ohrwurm der Nation. Alles, was f\u00fcr eine erfolgreiche Musikerin dazugeh\u00f6rt, wird f\u00fcr LEA Wirklichkeit: Auszeichnungen in Platin, Gold, &#8222;Sing meinen Song&#8220; in S\u00fcdafrika und ausverkaufte Hallen. Ihre feinen neuen Kl\u00e4nge sind zu h\u00f6ren und zu sehen: in der &#8222;NDR Talk Show&#8220;.<\/p>\n<\/div>\n<p>&nbsp;<\/p>\n<p>&nbsp;<\/p>\n<p>&nbsp;<\/p>\n<p>&nbsp;<\/p>\n<div>\n<ul style=\"text-align: justify;\">\n<li><strong>Fabian Hinrichs, Schauspieler<\/strong><\/li>\n<\/ul>\n<p style=\"text-align: justify;\">Er z\u00e4hlt zu den vielseitigsten Schauspielern im deutschen Sprachraum. Seit 2000 spielt er in den gro\u00dfen Theatern: M\u00fcnchner Kammerspiele, Schauspielhaus Z\u00fcrich, Burgtheater Wien, SchauSpielHaus Hamburg. Er erh\u00e4lt zahlreiche Preise, zweimal ist er &#8222;Schauspieler des Jahres&#8220; der Zeitschrift &#8222;Theater heute&#8220;. Dem TV-Publikum wird er bekannt durch den Film &#8222;Sophie Scholl \u2013 Die letzten Tage&#8220; (2005). Seit 2015 ermittelt er als Hauptkommissar Felix Voss an der Seite von Dagmar Manzel im &#8222;Tatort&#8220; aus Franken. Der 49-j\u00e4hrige Fabian Hinrichs stammt aus einer Polizistenfamilie, Gro\u00dfvater und Vater waren bei der Polizei. In Sachen Kommissar Voss lasse er sich von den beiden aber keine Tipps geben. Der geb\u00fcrtige Hamburger Hinrichs ist verheiratet, hat zwei S\u00f6hne und lebt in Potsdam.<\/p>\n<\/div>\n<p>&nbsp;<\/p>\n<p>&nbsp;<\/p>\n<p>&nbsp;<\/p>\n<p>&nbsp;<\/p>\n<p>&nbsp;<\/p>\n<div>\n<ul style=\"text-align: justify;\">\n<li><strong>Peter Wohlleben, Landschafts\u00f6kologe und F\u00f6rster<\/strong><\/li>\n<\/ul>\n<p style=\"text-align: justify;\">Schon als Kind will Peter Wohlleben Natursch\u00fctzer werden. Er studiert Forstwirtschaft und arbeitet \u00fcber 20 Jahre lang als Beamter der Landesforstverwaltung. Weil er sich mehr \u00d6kologie als \u00d6konomie im Forst w\u00fcnscht, ist er ausgestiegen, schreibt B\u00fccher und setzt sich in der \u00d6ffentlichkeit f\u00fcr den Schutz der W\u00e4lder ein. Er verf\u00fcgt \u00fcber jede Menge &#8222;Waldwissen&#8220;, deshalb hat er nicht nur ein Buch mit gleichnamigem Titel geschrieben, sondern auch eine eigene Waldakademie in der Eifel gegr\u00fcndet. Hier wird sein reicher Erfahrungsschatz an die n\u00e4chste Generation weitergegeben. Sein Engagement gilt besonders der R\u00fcckkehr der Urw\u00e4lder. Wie er die wiederbeleben will, erz\u00e4hlt er in der &#8222;NDR Talk Show&#8220;.<\/p>\n<\/div>\n<p>&nbsp;<\/p>\n<p>&nbsp;<\/p>\n<p>&nbsp;<\/p>\n<p>&nbsp;<\/p>\n<div>\n<ul style=\"text-align: justify;\">\n<li><strong>Michael Kessler, Schauspieler<\/strong><\/li>\n<\/ul>\n<p style=\"text-align: justify;\">Er geh\u00f6rt zu den besten und am meisten preisgekr\u00f6nten Parodisten des Landes: Wenn sich Michael Kessler in einen anderen Menschen verwandelt, dann ist er tats\u00e4chlich kaum noch vom Original zu unterscheiden. Seine Karriere begann 1992: Mit dem Diplom der westf\u00e4lischen Schauspielschule Bochum in der Tasche startete er in dem Kultfilm &#8222;Manta Manta&#8220; durch. Ab 1999 nahm er mit seinen Promi-Parodien bei &#8222;Switch&#8220; und &#8222;Die Wochenshow&#8220; Kurs auf Comedy. Ausgezeichnet wurde Michael Kessler u.a. f\u00fcnfmal mit dem Deutschen Comedypreis, dreimal mit dem Deutschen Fernsehpreis und mit dem Grimme-Preis. Jetzt spielt der 55-J\u00e4hrige die Hauptrolle in der Serie &#8222;Kohlrabenschwarz&#8220;, einem Genre-Mix aus Mystery, Krimi und Witz rund um uralte Sagen, volkst\u00fcmliche Legenden und d\u00fcstere Mythen.<\/p>\n<\/div>\n<p>&nbsp;<\/p>\n<p>&nbsp;<\/p>\n<p>&nbsp;<\/p>\n<p>&nbsp;<\/p>\n<div>\n<ul style=\"text-align: justify;\">\n<li><strong>Hans-Hermann Thielke, Komiker<\/strong><\/li>\n<\/ul>\n<p style=\"text-align: justify;\">Der ganze Planet scheint aus den Fugen geraten zu sein. Die Digitalisierung \u00fcberrumpelt die Menschheit und k\u00fcnstliche Intelligenz scheint der menschlichen den Rang abzulaufen. Angst, Panik und schlimmste Bef\u00fcrchtungen bestimmen unseren Alltag. Wird unsere Arbeit schon bald von flei\u00dfigen Robotern \u00fcbernommen? Muss ich f\u00fcr meine Plastikt\u00fctensammlung zu Hause ein Zwischenlager errichten, um die Ozeane zu entlasten? Was mache ich mit meinen alten Thermohosen, wenn es &#8211; dem Klimawandel geschuldet &#8211; immer w\u00e4rmer wird? Zeit, dass der ehemalige Postbeamte Hans-Hermann Thielke das Weltgeschehen in der NDR Talk Show einordnet. Wenn einer f\u00fcr Ordnung sorgen kann, dann er, denn komplexe Zusammenh\u00e4nge zu erl\u00e4utern ist seit \u00fcber 25 Jahren die Kernkompetenz des norddeutschen Komikers.<\/p>\n<\/div>\n<p>&nbsp;<\/p>\n<p>&nbsp;<\/p>\n<p>&nbsp;<\/p>\n<p>&nbsp;<\/p>\n<div>\n<ul style=\"text-align: justify;\">\n<li><strong>Katja Weitzenb\u00f6ck, Schauspielerin<\/strong><\/li>\n<\/ul>\n<p style=\"text-align: justify;\">Diese Frau ist in vielen Welten zu Hause: Katja Weitzenb\u00f6ck wird in Tokio geboren, w\u00e4chst in Erlangen auf, wird in Australien als Model entdeckt und lebt dann lange in Mailand und New York, wo sie u.a. in einer WG zusammen mit Naomi Campbell wohnt. Nach einer Schauspielausbildung in Paris kehrt Katja Weitzenb\u00f6ck in den 1990er-Jahren zur\u00fcck nach Deutschland, spielt in internationalen Produktionen mit und macht sowohl &#8222;Tatort&#8220; und &#8222;Traumschiff&#8220; als auch die Theaterb\u00fchnen unsicher. Jetzt hat sie sich einer neuen Aufgabe gewidmet, f\u00fcr die sie nicht vor, sondern neben der Kamera steht: 2022 hat sie ihre Ausbildung zur Intimit\u00e4tskoordinatorin abgeschlossen und ber\u00e4t Film- und Fernsehproduktionen bei der Umsetzung von Liebes- und Sexszenen. Ihr neuer Beruf ist im Zuge der MeToo-Debatte entstanden und f\u00fcr die 55-J\u00e4hrige eine Herzensangelegenheit. Worauf sie in ihrer neuen Aufgabe achten muss und was ihr 30 Jahre Erfahrung als Schauspielerin daf\u00fcr bringen, erz\u00e4hlt sie in der &#8222;NDR Talk Show&#8220;.<\/p>\n<\/div>\n<p>&nbsp;<\/p>\n<p>&nbsp;<\/p>\n<p>&nbsp;<\/p>\n<figure id=\"attachment_201325\" aria-describedby=\"caption-attachment-201325\" style=\"width: 800px\" class=\"wp-caption alignnone\"><img decoding=\"async\" loading=\"lazy\" class=\"size-large wp-image-201325\" src=\"https:\/\/smago.de\/ws2\/wp-content\/uploads\/2023\/05\/1_NDR_Talk_Show_Wimmer_Tietjen-800x448.jpg\" alt=\"\" width=\"800\" height=\"448\" srcset=\"https:\/\/smago.de\/ws2\/wp-content\/uploads\/2023\/05\/1_NDR_Talk_Show_Wimmer_Tietjen-800x448.jpg 800w, https:\/\/smago.de\/ws2\/wp-content\/uploads\/2023\/05\/1_NDR_Talk_Show_Wimmer_Tietjen-522x292.jpg 522w, https:\/\/smago.de\/ws2\/wp-content\/uploads\/2023\/05\/1_NDR_Talk_Show_Wimmer_Tietjen-268x150.jpg 268w, https:\/\/smago.de\/ws2\/wp-content\/uploads\/2023\/05\/1_NDR_Talk_Show_Wimmer_Tietjen-768x430.jpg 768w, https:\/\/smago.de\/ws2\/wp-content\/uploads\/2023\/05\/1_NDR_Talk_Show_Wimmer_Tietjen-1536x860.jpg 1536w, https:\/\/smago.de\/ws2\/wp-content\/uploads\/2023\/05\/1_NDR_Talk_Show_Wimmer_Tietjen-2048x1147.jpg 2048w, https:\/\/smago.de\/ws2\/wp-content\/uploads\/2023\/05\/1_NDR_Talk_Show_Wimmer_Tietjen-392x220.jpg 392w, https:\/\/smago.de\/ws2\/wp-content\/uploads\/2023\/05\/1_NDR_Talk_Show_Wimmer_Tietjen-130x73.jpg 130w, https:\/\/smago.de\/ws2\/wp-content\/uploads\/2023\/05\/1_NDR_Talk_Show_Wimmer_Tietjen-794x445.jpg 794w, https:\/\/smago.de\/ws2\/wp-content\/uploads\/2023\/05\/1_NDR_Talk_Show_Wimmer_Tietjen-870x487.jpg 870w, https:\/\/smago.de\/ws2\/wp-content\/uploads\/2023\/05\/1_NDR_Talk_Show_Wimmer_Tietjen-292x164.jpg 292w, https:\/\/smago.de\/ws2\/wp-content\/uploads\/2023\/05\/1_NDR_Talk_Show_Wimmer_Tietjen-435x244.jpg 435w\" sizes=\"(max-width: 800px) 100vw, 800px\" \/><figcaption id=\"caption-attachment-201325\" class=\"wp-caption-text\"><em>Dr. Johannes Wimmer und Bettina Tietjen<\/em><\/p>\n<p><em>\u00a9 NDR \/ Hendrik L\u00fcders<\/em><\/figcaption><\/figure>\n","protected":false},"excerpt":{"rendered":"<p>NDR Fernsehen + HR Fernsehen, 22:00 Uhr &#8211; 00:00 Uhr! Moderation:\u00a0Johannes Wimmer und Bettina Tietjen!<\/p>\n","protected":false},"author":2,"featured_media":201325,"comment_status":"open","ping_status":"closed","sticky":false,"template":"","format":"standard","meta":{"_FSMCFIC_featured_image_caption":"","_FSMCFIC_featured_image_nocaption":"","_FSMCFIC_featured_image_hide":""},"categories":[27,128],"tags":[254],"acf":[],"_links":{"self":[{"href":"https:\/\/smago.de\/ws2\/wp-json\/wp\/v2\/posts\/203032"}],"collection":[{"href":"https:\/\/smago.de\/ws2\/wp-json\/wp\/v2\/posts"}],"about":[{"href":"https:\/\/smago.de\/ws2\/wp-json\/wp\/v2\/types\/post"}],"author":[{"embeddable":true,"href":"https:\/\/smago.de\/ws2\/wp-json\/wp\/v2\/users\/2"}],"replies":[{"embeddable":true,"href":"https:\/\/smago.de\/ws2\/wp-json\/wp\/v2\/comments?post=203032"}],"version-history":[{"count":1,"href":"https:\/\/smago.de\/ws2\/wp-json\/wp\/v2\/posts\/203032\/revisions"}],"predecessor-version":[{"id":203034,"href":"https:\/\/smago.de\/ws2\/wp-json\/wp\/v2\/posts\/203032\/revisions\/203034"}],"wp:featuredmedia":[{"embeddable":true,"href":"https:\/\/smago.de\/ws2\/wp-json\/wp\/v2\/media\/201325"}],"wp:attachment":[{"href":"https:\/\/smago.de\/ws2\/wp-json\/wp\/v2\/media?parent=203032"}],"wp:term":[{"taxonomy":"category","embeddable":true,"href":"https:\/\/smago.de\/ws2\/wp-json\/wp\/v2\/categories?post=203032"},{"taxonomy":"post_tag","embeddable":true,"href":"https:\/\/smago.de\/ws2\/wp-json\/wp\/v2\/tags?post=203032"}],"curies":[{"name":"wp","href":"https:\/\/api.w.org\/{rel}","templated":true}]}}