{"id":202670,"date":"2023-05-25T23:59:14","date_gmt":"2023-05-25T21:59:14","guid":{"rendered":"https:\/\/smago.de\/ws2\/?p=202670"},"modified":"2023-05-25T14:16:52","modified_gmt":"2023-05-25T12:16:52","slug":"hera-lind-u-a-fr-26-05-2023-in-der-ndr-talk-show-zu-gast","status":"publish","type":"post","link":"https:\/\/smago.de\/ws2\/schlager\/hera-lind-u-a-fr-26-05-2023-in-der-ndr-talk-show-zu-gast\/","title":{"rendered":"HERA LIND u.a. <br>Fr. (26.05.2023) in der &#8222;NDR Talk Show&#8220; zu Gast!"},"content":{"rendered":"<p>NDR Fernsehen + HR Fernsehen, 22:00 Uhr &#8211; 00:00 Uhr! Moderation:\u00a0<span class=\"title columns\"><span class=\"subtitle\">Barbara Sch\u00f6neberger und Hubertus Meyer-Burckhardt<\/span><\/span><span class=\"labels columns\"><span class=\"tip-label  hasThumbImage mr10\" title=\"TV-Tipp!\">!<\/p>\n<p><\/span><\/span><!--more--><\/p>\n<div id=\"skj5ne-accordion\" class=\"accordion-content\" role=\"tabpanel\" data-tab-content=\"\" aria-labelledby=\"skj5ne-accordion-label\" aria-hidden=\"false\">\n<div class=\"event-detail\">\n<div class=\"detail-top row collapse \">\n<div class=\"row collapse\">\n<div class=\"left-list-col columns\"><\/div>\n<div class=\"center-list-col columns mb-20 pr-20\">\n<div class=\"eventText\">\n<p>&nbsp;<\/p>\n<\/div>\n<\/div>\n<\/div>\n<\/div>\n<\/div>\n<\/div>\n<p>&nbsp;<\/p>\n<p><strong>G\u00e4ste:<\/strong><\/p>\n<p>&nbsp;<\/p>\n<p>&nbsp;<\/p>\n<ul>\n<li>Katrin Sass, Schauspielerin und S\u00e4ngerin<\/li>\n<li>Claudia Valder, Parf\u00fcmeurin<\/li>\n<li>Hera Lind, Autorin und Dieto, Artist<\/li>\n<li>Dr. Eckart von Hirschhausen, Mediziner und Klimaaktivist<\/li>\n<li>Kida Khodr Ramadan, Schauspieler, Regisseur und Produzent<\/li>\n<li>Frederik und Gerrit Braun, Unternehmer und Betreiber des Miniatur Wunderlandes Hamburg<\/li>\n<\/ul>\n<p>&nbsp;<\/p>\n<p>&nbsp;<\/p>\n<p>&nbsp;<\/p>\n<p>&nbsp;<\/p>\n<p>&nbsp;<\/p>\n<p>Barbara Sch\u00f6neberger und Hubertus Meyer-Burckhardt begr\u00fc\u00dfen in der &#8222;NDR Talk Show&#8220; aus Hamburg folgende G\u00e4ste:<\/p>\n<p>&nbsp;<\/p>\n<p style=\"text-align: justify;\">\n<p style=\"text-align: justify;\">\n<p style=\"text-align: justify;\">\n<ul style=\"text-align: justify;\">\n<li><strong>Katrin Sass, Schauspielerin und S\u00e4ngerin<\/strong><\/li>\n<\/ul>\n<p style=\"text-align: justify;\">\n<p style=\"text-align: justify;\">Seit 2014 spielt Katrin Sass erfolgreich die Rolle der ehemaligen Staatsanw\u00e4ltin Karin Lossow in der Reihe &#8222;Der Usedom-Krimi&#8220; im Ersten und sorgt bei jedem ihrer F\u00e4lle f\u00fcr hohe Einschaltquoten. Weniger bekannt ist, dass die geb\u00fcrtige Schwerinerin nicht nur im Schauspiel on top ist, sondern auch stimmlich brilliert. Seit vielen Jahren steht sie regelm\u00e4\u00dfig mit Chanson-Abenden auf der B\u00fchne. Zehn Jahre nach ihrem musikalischen Deb\u00fct &#8222;K\u00f6nigskinder&#8220; ver\u00f6ffentlicht die 66- J\u00e4hrige Ende April ihr neues Album &#8222;Am Wasser&#8220; mit zehn autobiografischen Liedern. In der &#8222;NDR Talk Show&#8220; erz\u00e4hlt sie, wie ihre neuen Lieder entstanden sind und warum sie sich in ihrem Haus am See am Rande Berlins so wohl f\u00fchlt.<\/p>\n<p>&nbsp;<\/p>\n<p>&nbsp;<\/p>\n<p>&nbsp;<\/p>\n<p>&nbsp;<\/p>\n<ul style=\"text-align: justify;\">\n<li><strong>Claudia Valder, Parf\u00fcmeurin<\/strong><\/li>\n<\/ul>\n<p style=\"text-align: justify;\">\n<p style=\"text-align: justify;\">Bestimmte Ger\u00fcche vergisst man sein Leben lang nicht, davon ist Claudia Valder schon als Kind fasziniert. Nach dem Abitur steht fest: Sie m\u00f6chte ihre Passion f\u00fcr D\u00fcfte zum Beruf zu machen. Also geht sie in das franz\u00f6sische Grasse, das als Welthauptstadt des Parf\u00fcms gilt, sammelt praktische Erfahrungen und reist f\u00fcr die Erforschung verschiedenster Duftstoffe um den Globus. Heute arbeitet die Schleswig- Holsteinerin daran, die D\u00fcfte des Nordens zu bewahren: Tanne, Salbei oder Melisse. In der &#8222;NDR Talk Show&#8220; gibt die &#8222;Duftnase&#8220; Einblicke in ihren seltenen Beruf und verr\u00e4t unter anderem, wie man Ger\u00fcche in Worte fasst.<\/p>\n<p>&nbsp;<\/p>\n<p>&nbsp;<\/p>\n<p>&nbsp;<\/p>\n<p>&nbsp;<\/p>\n<ul style=\"text-align: justify;\">\n<li><strong>Hera Lind, Autorin, und Dieto, Artist<\/strong><\/li>\n<\/ul>\n<p style=\"text-align: justify;\">\n<p style=\"text-align: justify;\">&#8222;Das Superweib&#8220;, &#8222;Der gemietete Mann&#8220; und &#8222;Die Champagner-Di\u00e4t&#8220; hei\u00dfen die Romane, mit denen die Autorin Hera Lind ber\u00fchmt wird. Ihre Tatsachenb\u00fccher landen regelm\u00e4\u00dfig auf Bestsellerlisten. Nun erz\u00e4hlt sie die wahre Geschichte des DDR-Artistenpaars Dieto und Johanna. Es geht um eine gro\u00dfe Liebe, Fluchtversuche und eine Weltkarriere. Der Dresdner Dieto stand schon mit Stars wie Josefine Baker, Celine Dion und Tom Jones auf der B\u00fchne. Seine Liebe Johanna ist leider mittlerweile verstorben, aber Hera Lind hat ihnen nun mit dem Roman &#8222;Mit dem Mut zur Liebe&#8220; ein Denkmal gesetzt. In der &#8222;NDR Talk Show&#8220; wird sie gemeinsam mit Dieto die Vergangenheit wieder zum Leben erwecken.<\/p>\n<p>&nbsp;<\/p>\n<p>&nbsp;<\/p>\n<p>&nbsp;<\/p>\n<p>&nbsp;<\/p>\n<ul style=\"text-align: justify;\">\n<li><strong>Dr. Eckart von Hirschhausen, Mediziner und Klimaaktivist<\/strong><\/li>\n<\/ul>\n<p style=\"text-align: justify;\">\n<p style=\"text-align: justify;\">Dr. med. Eckart von Hirschhausen ist Deutschlands bekanntester Mediziner und mit \u00fcber sieben Millionen verkauften B\u00fcchern einer der erfolgreichsten Sachbuchautoren. Mehr als 20 Jahre lang war er dar\u00fcber hinaus als Komiker unterwegs. Doch mittlerweile hat sich der 55-J\u00e4hrige von der Comedyb\u00fchne verabschiedet, um sich noch mehr seiner Arbeit als Klimaaktivist zu widmen. Als Gr\u00fcnder der Stiftung Gesunde Erde &#8211; Gesunde Menschen setzt er sich f\u00fcr eine effektive Klimapolitik ein und wirbt f\u00fcr mehr Nachhaltigkeit im Alltag. Warum es gesunde Menschen nur auf einem gesunden Planeten geben wird, erkl\u00e4rt Dr. Eckart von Hirschhausen in der &#8222;NDR Talk Show&#8220;.<\/p>\n<p>&nbsp;<\/p>\n<p>&nbsp;<\/p>\n<p>&nbsp;<\/p>\n<p>&nbsp;<\/p>\n<ul style=\"text-align: justify;\">\n<li><strong>Kida Khodr Ramadan, Schauspieler, Regisseur und Produzent<\/strong><\/li>\n<\/ul>\n<p style=\"text-align: justify;\">\n<p style=\"text-align: justify;\">Die Rolle des Clanchefs Ali &#8222;Toni&#8220; Hamady in der Serie &#8222;4 Blocks&#8220; macht ihn zu einem der begehrtesten Charakterdarsteller des Landes: Kida Khodr Ramadan. Aber sie bringt ihm auch die immer gleichen Rollenangebote ein. Damit ist jetzt Schluss, denn der kurdisch-libanesische Kreuzberger macht nun sein eigenes Ding: &#8222;German Genius&#8220; hei\u00dft seine neue Comedyserie. Die Hauptrolle ist nat\u00fcrlich Chefsache: Kida macht eine selbstironische Reise durch die H\u00f6hen und Tiefen der deutschen Film- und Fernsehwelt. Neben der Topriege deutscher TV- und Comedy-Stars spielt auch sein Sohn Momo mit. Der 46-j\u00e4hrige Grimme-Preistr\u00e4ger Kida Khodr Ramadan, der gern als Raubein auftritt, ist n\u00e4mlich im wahren Leben ein liebevoller engagierter Familienvater von sechs Kindern und lebt in Berlin. Wie genial er vom Paten zum Parodisten wurde, erz\u00e4hlt er in der &#8222;NDR Talk Show&#8220;.<\/p>\n<p>&nbsp;<\/p>\n<p>&nbsp;<\/p>\n<p>&nbsp;<\/p>\n<p>&nbsp;<\/p>\n<ul style=\"text-align: justify;\">\n<li><strong>Frederik und Gerrit Braun, Unternehmer und Betreiber des Miniatur Wunderlandes Hamburg<\/strong><\/li>\n<\/ul>\n<p>&nbsp;<\/p>\n<p style=\"text-align: justify;\">Das Miniatur Wunderland Hamburg geh\u00f6rt\u00a0zu den beliebtesten Touristenattraktionen Deutschlands. \u00dcber eine Million Besucherinnen und Besucher kommen j\u00e4hrlich in die Speicherstadt. Eine grandiose Erfolgsgeschichte, ausgedacht und umgesetzt von den Unternehmern Gerrit und Frederik Braun. Das Modellbau-Universum, das mittlerweile seit \u00fcber 20 Jahren besteht, wird regelm\u00e4\u00dfig erweitert. Im Mai ist nun nach vier Jahren Bauzeit &#8222;Patagonien und die Antarktis&#8220; hinzugekommen. Die 65 Quadratmeter gro\u00dfe Anlage erg\u00e4nzt in der S\u00fcdamerika-Welt das benachbarte Rio de Janeiro und wartet mit spektakul\u00e4ren Attraktionen auf. In der &#8222;NDR Talk Show&#8220; berichten die Zwillingsbr\u00fcder \u00fcber die neueste Erweiterung des Wunderlandes und erkl\u00e4ren, warum die Hamburger Speicherstadt das Herz ihres Unternehmens ist.<\/p>\n","protected":false},"excerpt":{"rendered":"<p>NDR Fernsehen + HR Fernsehen, 22:00 Uhr &#8211; 00:00 Uhr! Moderation:\u00a0Barbara Sch\u00f6neberger und Hubertus Meyer-Burckhardt!<\/p>\n","protected":false},"author":2,"featured_media":148622,"comment_status":"open","ping_status":"closed","sticky":false,"template":"","format":"standard","meta":{"_FSMCFIC_featured_image_caption":"","_FSMCFIC_featured_image_nocaption":"","_FSMCFIC_featured_image_hide":""},"categories":[29,128],"tags":[254],"acf":[],"_links":{"self":[{"href":"https:\/\/smago.de\/ws2\/wp-json\/wp\/v2\/posts\/202670"}],"collection":[{"href":"https:\/\/smago.de\/ws2\/wp-json\/wp\/v2\/posts"}],"about":[{"href":"https:\/\/smago.de\/ws2\/wp-json\/wp\/v2\/types\/post"}],"author":[{"embeddable":true,"href":"https:\/\/smago.de\/ws2\/wp-json\/wp\/v2\/users\/2"}],"replies":[{"embeddable":true,"href":"https:\/\/smago.de\/ws2\/wp-json\/wp\/v2\/comments?post=202670"}],"version-history":[{"count":1,"href":"https:\/\/smago.de\/ws2\/wp-json\/wp\/v2\/posts\/202670\/revisions"}],"predecessor-version":[{"id":202672,"href":"https:\/\/smago.de\/ws2\/wp-json\/wp\/v2\/posts\/202670\/revisions\/202672"}],"wp:featuredmedia":[{"embeddable":true,"href":"https:\/\/smago.de\/ws2\/wp-json\/wp\/v2\/media\/148622"}],"wp:attachment":[{"href":"https:\/\/smago.de\/ws2\/wp-json\/wp\/v2\/media?parent=202670"}],"wp:term":[{"taxonomy":"category","embeddable":true,"href":"https:\/\/smago.de\/ws2\/wp-json\/wp\/v2\/categories?post=202670"},{"taxonomy":"post_tag","embeddable":true,"href":"https:\/\/smago.de\/ws2\/wp-json\/wp\/v2\/tags?post=202670"}],"curies":[{"name":"wp","href":"https:\/\/api.w.org\/{rel}","templated":true}]}}