{"id":202609,"date":"2023-05-24T16:17:25","date_gmt":"2023-05-24T14:17:25","guid":{"rendered":"https:\/\/smago.de\/ws2\/?p=202609"},"modified":"2023-05-24T17:13:13","modified_gmt":"2023-05-24T15:13:13","slug":"charlien-am-26-05-2023-erscheint-ihr-neuer-song-einfach-so","status":"publish","type":"post","link":"https:\/\/smago.de\/ws2\/pop-schlager\/charlien-am-26-05-2023-erscheint-ihr-neuer-song-einfach-so\/","title":{"rendered":"CHARLIEN <br>Am 26.05.2023 erscheint ihr neuer Song &#8222;Einfach so&#8220;!"},"content":{"rendered":"<p>Ende diesen Jahres soll dann auch ihre Deb\u00fct-CD erscheinen!<br \/>\n<!--more--><\/p>\n<p style=\"text-align: justify;\">\n<p style=\"text-align: justify;\">Manchmal passieren die Dinge wie von selbst. Alles erscheint pl\u00f6tzlich ganz leicht und macht Sinn \u2013 einfach so. Doch passieren solche magischen Ereignisse tats\u00e4chlich einfach so, oder steckt dahinter nicht doch ein tieferer Sinn? Davon handelt die neue Single von Charlien, mit der die junge \u00d6sterreicherin einmal mehr beweist, dass die Zukunft im Popschlager jung, talentiert und weiblich ist.<\/p>\n<p style=\"text-align: justify;\">Das Jahr 2023 konnte f\u00fcr das \u00f6sterreichische Supertalent Charlien nicht besser beginnen. Mit ihrer Single \u201eMillionen Optionen\u201c l\u00f6ste sie ein, was bereits viele Experten prognostizierten. Sie st\u00fcrmte in die Top 10 der deutschen Radiocharts konservativ und konnte das in ihrer Heimat \u00d6sterreich mit Platz 3 noch toppen. F\u00fcr eine K\u00fcnstlerin, die mehr oder weniger aus dem Nichts auftauchte, ein \u00fcberragender Erfolg.<\/p>\n<p style=\"text-align: justify;\">Anfang April folgte mit dem Smago-Award als \u201eNeuentdeckung des Jahres\u201c der erste Musikpreis ihrer Karriere. Und als w\u00e4re das nicht au\u00dfergew\u00f6hnlich genug, warten am 3. Juni mit der Starnacht am Neusiedler See und am 11. Juni mit dem ZDF-Fernsehgarten ihre gr\u00f6\u00dften TV-Auftritte bisher. Gemeinsam mit Superstars wie Johnny Logan, Tony Christie, Nik P. und Vanessa Mai wird sie auf der Mega-B\u00fchne der Seefestspiele M\u00f6rbisch live im MDR und ORF2 zu sehen sein. \u201eDas wird gigantisch\u201c, meint die 29-j\u00e4hrige K\u00e4rntnerin euphorisch und voller Vorfreude.<\/p>\n<p style=\"text-align: justify;\">Bereits eine Woche vor ihrem gr\u00f6\u00dften TV-Auftritt erscheint nun die brandneue Single \u201eEinfach so\u201c. Der Song beschreibt dieses au\u00dfergew\u00f6hnliche Gef\u00fchl von Leichtigkeit, wenn<br \/>\nzwei Herzen f\u00fcreinander entflammen. Pl\u00f6tzlich macht \u201eeinfach so\u201c alles Sinn. Dieser Leichtigkeit h\u00e4lt der Song aber auch die Zweifel entgegen, ob dieses Gef\u00fchl f\u00fcr immer so bleiben wird. Doch mit einem bestimmenden \u201ebekommen wir hin\u201c wischt Charlien diese Zweifel auf ihre so typisch selbstbewusste Art vom Tisch. Denn einfach so passiert f\u00fcr die junge K\u00e4rntnerin garantiert nichts im Leben.<\/p>\n<p style=\"text-align: justify;\">Live-Premiere f\u00fcr die neue Single wird am 26. Mai im gro\u00dfen W\u00f6rtherseestadion in Klagenfurt sein. Gemeinsam mit ihrer Band gibt Charlien ihr erstes gro\u00dfes Solo Open-Air-Konzert. Einen Tag sp\u00e4ter bestreitet sie an selber Stelle das Warmup-Programm f\u00fcr niemand geringerer als Beatrice Egli. Und dieser Auftritt kann durchaus als Fingerzeig gesehen werden, was wir von dieser hoch talentierten S\u00e4ngerin in Zukunft noch erwarten d\u00fcrfen. Umso gespannter kann man auch auf ihr Deb\u00fct-Album sein, das Ende 2023 erscheinen soll.<\/p>\n<p>&nbsp;<\/p>\n<p>&nbsp;<\/p>\n<p>&nbsp;<\/p>\n<p style=\"text-align: justify;\"><strong>Weitere Informationen:<\/strong><\/p>\n<p>&nbsp;<\/p>\n<p>&nbsp;<\/p>\n<p style=\"text-align: justify;\"><a href=\"https:\/\/www.charlien-musik.com\/\">https:\/\/www.charlien-musik.com\/<\/a><br \/>\n<a href=\"https:\/\/www.instagram.com\/charlien.official\/\">https:\/\/www.instagram.com\/charlien.official\/<\/a><br \/>\n<a href=\"https:\/\/www.facebook.com\/charlien.official\">https:\/\/www.facebook.com\/charlien.official<\/a><\/p>\n","protected":false},"excerpt":{"rendered":"<p>Ende diesen Jahres soll dann auch ihre Deb\u00fct-CD erscheinen!<\/p>\n","protected":false},"author":2,"featured_media":202610,"comment_status":"open","ping_status":"closed","sticky":false,"template":"","format":"standard","meta":{"_FSMCFIC_featured_image_caption":"","_FSMCFIC_featured_image_nocaption":"","_FSMCFIC_featured_image_hide":""},"categories":[28,39],"tags":[2418],"acf":[],"_links":{"self":[{"href":"https:\/\/smago.de\/ws2\/wp-json\/wp\/v2\/posts\/202609"}],"collection":[{"href":"https:\/\/smago.de\/ws2\/wp-json\/wp\/v2\/posts"}],"about":[{"href":"https:\/\/smago.de\/ws2\/wp-json\/wp\/v2\/types\/post"}],"author":[{"embeddable":true,"href":"https:\/\/smago.de\/ws2\/wp-json\/wp\/v2\/users\/2"}],"replies":[{"embeddable":true,"href":"https:\/\/smago.de\/ws2\/wp-json\/wp\/v2\/comments?post=202609"}],"version-history":[{"count":2,"href":"https:\/\/smago.de\/ws2\/wp-json\/wp\/v2\/posts\/202609\/revisions"}],"predecessor-version":[{"id":202624,"href":"https:\/\/smago.de\/ws2\/wp-json\/wp\/v2\/posts\/202609\/revisions\/202624"}],"wp:featuredmedia":[{"embeddable":true,"href":"https:\/\/smago.de\/ws2\/wp-json\/wp\/v2\/media\/202610"}],"wp:attachment":[{"href":"https:\/\/smago.de\/ws2\/wp-json\/wp\/v2\/media?parent=202609"}],"wp:term":[{"taxonomy":"category","embeddable":true,"href":"https:\/\/smago.de\/ws2\/wp-json\/wp\/v2\/categories?post=202609"},{"taxonomy":"post_tag","embeddable":true,"href":"https:\/\/smago.de\/ws2\/wp-json\/wp\/v2\/tags?post=202609"}],"curies":[{"name":"wp","href":"https:\/\/api.w.org\/{rel}","templated":true}]}}