{"id":201666,"date":"2023-05-11T00:00:26","date_gmt":"2023-05-10T22:00:26","guid":{"rendered":"https:\/\/smago.de\/ws2\/?p=201666"},"modified":"2023-05-10T23:01:07","modified_gmt":"2023-05-10T21:01:07","slug":"esc-3-2","status":"publish","type":"post","link":"https:\/\/smago.de\/ws2\/pop\/esc-3-2\/","title":{"rendered":"\u201cEUROVISION SONG CONTEST 2023\u201d <br>smago! top-exklusiv: 2. Semifinale \u2013 \u201cEine Vorschau\u201d (3\/3) \u2013 von Frank Ehrlacher!"},"content":{"rendered":"<p style=\"text-align: justify;\">San Marino \u2013 \u00d6sterreich \u2013 Albanien \u2013 Litauen \u2013 Australien &#8230;:<br \/>\n<!--more--><\/p>\n<p>&nbsp;<\/p>\n<p>&nbsp;<\/p>\n<p style=\"text-align: justify;\">Nachdem sich am vergangenen Dienstag die ersten 10 Songs f\u00fcr das Finale des 67. Eurovision Song Contest am kommenden Samstag in Liverpool qualifizieren konnten, stellen wir Ihnen heute die letzten 16 L\u00e4nder vor, die am Donnerstagabend (21 Uhr bei ARD One) um die letzten 10 Tickets f\u00fcrs Finale k\u00e4mpfen. Eins vorweg: Diesmal wird es enger und ob wir es schaffen, bei Smago! wieder 9 von 10 richtig vorherzusagen, werden wir nach der Show wissen.<\/p>\n<p style=\"text-align: justify;\">\u00dcbrigens: Die Einschaltquote f\u00fcr das 1. Halbfinale am Dienstag auf ARD One war sensationell gut und konnte mit dem popul\u00e4ren &#8222;Sing meinen Song&#8220; mithalten. Deutschland scheint jetzt schon neugierig auf den ESC.<\/p>\n<p style=\"text-align: justify;\"><em>smago!<\/em> ordnet die Beitr\u00e4ge f\u00fcr Sie ein &#8230;:<\/p>\n<h1 style=\"text-align: justify;\"><\/h1>\n<figure id=\"attachment_201690\" aria-describedby=\"caption-attachment-201690\" style=\"width: 522px\" class=\"wp-caption alignnone\"><img decoding=\"async\" loading=\"lazy\" class=\"size-medium wp-image-201690\" src=\"https:\/\/smago.de\/ws2\/wp-content\/uploads\/2023\/05\/12-230505_CHLOE-HASHEMI-EBU_0713-522x348.jpg\" alt=\"\" width=\"522\" height=\"348\" srcset=\"https:\/\/smago.de\/ws2\/wp-content\/uploads\/2023\/05\/12-230505_CHLOE-HASHEMI-EBU_0713-522x348.jpg 522w, https:\/\/smago.de\/ws2\/wp-content\/uploads\/2023\/05\/12-230505_CHLOE-HASHEMI-EBU_0713-800x533.jpg 800w, https:\/\/smago.de\/ws2\/wp-content\/uploads\/2023\/05\/12-230505_CHLOE-HASHEMI-EBU_0713-225x150.jpg 225w, https:\/\/smago.de\/ws2\/wp-content\/uploads\/2023\/05\/12-230505_CHLOE-HASHEMI-EBU_0713-768x512.jpg 768w, https:\/\/smago.de\/ws2\/wp-content\/uploads\/2023\/05\/12-230505_CHLOE-HASHEMI-EBU_0713-1536x1024.jpg 1536w, https:\/\/smago.de\/ws2\/wp-content\/uploads\/2023\/05\/12-230505_CHLOE-HASHEMI-EBU_0713-392x261.jpg 392w, https:\/\/smago.de\/ws2\/wp-content\/uploads\/2023\/05\/12-230505_CHLOE-HASHEMI-EBU_0713-130x87.jpg 130w, https:\/\/smago.de\/ws2\/wp-content\/uploads\/2023\/05\/12-230505_CHLOE-HASHEMI-EBU_0713-668x445.jpg 668w, https:\/\/smago.de\/ws2\/wp-content\/uploads\/2023\/05\/12-230505_CHLOE-HASHEMI-EBU_0713-783x522.jpg 783w, https:\/\/smago.de\/ws2\/wp-content\/uploads\/2023\/05\/12-230505_CHLOE-HASHEMI-EBU_0713-285x190.jpg 285w, https:\/\/smago.de\/ws2\/wp-content\/uploads\/2023\/05\/12-230505_CHLOE-HASHEMI-EBU_0713-435x290.jpg 435w, https:\/\/smago.de\/ws2\/wp-content\/uploads\/2023\/05\/12-230505_CHLOE-HASHEMI-EBU_0713-150x100.jpg 150w, https:\/\/smago.de\/ws2\/wp-content\/uploads\/2023\/05\/12-230505_CHLOE-HASHEMI-EBU_0713-370x247.jpg 370w, https:\/\/smago.de\/ws2\/wp-content\/uploads\/2023\/05\/12-230505_CHLOE-HASHEMI-EBU_0713.jpg 2000w\" sizes=\"(max-width: 522px) 100vw, 522px\" \/><figcaption id=\"caption-attachment-201690\" class=\"wp-caption-text\"><em>Foto-Credit: EBU \/ Chloe Hashemi<\/em><\/figcaption><\/figure>\n<p style=\"text-align: justify;\">Eines der kleinsten ESC-L\u00e4nder hatte auch dieses Jahr wieder das vielleicht aufw\u00e4ndigste Auswahlverfahren mit diversen Vorrunden, an denen u. a. auch der ehemalige DSDS-Sieger Daniel Schuhmacher teilnahm. Zur allgemeinen \u00dcberraschung entschied sich <strong>San Marino<\/strong> 2023 f\u00fcr eine Rock-Band namens &#8222;Piqued Jacks&#8220; und schaut genau hin: Zwischendurch liegt auch hier der S\u00e4nger mal gelangweilt auf dem Boden singend rum&#8230;<\/p>\n<p style=\"text-align: justify;\">Prognose: Rock geht immer \u2013 naja, fast immer. Da im 2. Halbfinale gleich mehrere Rocknummern sind, k\u00f6nnten diese sich gegenseitig eliminieren&#8230; und San Marino dabei das Nachsehen haben&#8230;<\/p>\n<h1 style=\"text-align: justify;\"><\/h1>\n<figure id=\"attachment_201691\" aria-describedby=\"caption-attachment-201691\" style=\"width: 522px\" class=\"wp-caption alignnone\"><img decoding=\"async\" loading=\"lazy\" class=\"size-medium wp-image-201691\" src=\"https:\/\/smago.de\/ws2\/wp-content\/uploads\/2023\/05\/13-230505_CHLOE-HASHEMI-EBU_0728-522x348.jpg\" alt=\"\" width=\"522\" height=\"348\" srcset=\"https:\/\/smago.de\/ws2\/wp-content\/uploads\/2023\/05\/13-230505_CHLOE-HASHEMI-EBU_0728-522x348.jpg 522w, https:\/\/smago.de\/ws2\/wp-content\/uploads\/2023\/05\/13-230505_CHLOE-HASHEMI-EBU_0728-800x533.jpg 800w, https:\/\/smago.de\/ws2\/wp-content\/uploads\/2023\/05\/13-230505_CHLOE-HASHEMI-EBU_0728-225x150.jpg 225w, https:\/\/smago.de\/ws2\/wp-content\/uploads\/2023\/05\/13-230505_CHLOE-HASHEMI-EBU_0728-768x512.jpg 768w, https:\/\/smago.de\/ws2\/wp-content\/uploads\/2023\/05\/13-230505_CHLOE-HASHEMI-EBU_0728-1536x1024.jpg 1536w, https:\/\/smago.de\/ws2\/wp-content\/uploads\/2023\/05\/13-230505_CHLOE-HASHEMI-EBU_0728-392x261.jpg 392w, https:\/\/smago.de\/ws2\/wp-content\/uploads\/2023\/05\/13-230505_CHLOE-HASHEMI-EBU_0728-130x87.jpg 130w, https:\/\/smago.de\/ws2\/wp-content\/uploads\/2023\/05\/13-230505_CHLOE-HASHEMI-EBU_0728-668x445.jpg 668w, https:\/\/smago.de\/ws2\/wp-content\/uploads\/2023\/05\/13-230505_CHLOE-HASHEMI-EBU_0728-783x522.jpg 783w, https:\/\/smago.de\/ws2\/wp-content\/uploads\/2023\/05\/13-230505_CHLOE-HASHEMI-EBU_0728-285x190.jpg 285w, https:\/\/smago.de\/ws2\/wp-content\/uploads\/2023\/05\/13-230505_CHLOE-HASHEMI-EBU_0728-435x290.jpg 435w, https:\/\/smago.de\/ws2\/wp-content\/uploads\/2023\/05\/13-230505_CHLOE-HASHEMI-EBU_0728-150x100.jpg 150w, https:\/\/smago.de\/ws2\/wp-content\/uploads\/2023\/05\/13-230505_CHLOE-HASHEMI-EBU_0728-370x247.jpg 370w, https:\/\/smago.de\/ws2\/wp-content\/uploads\/2023\/05\/13-230505_CHLOE-HASHEMI-EBU_0728.jpg 2000w\" sizes=\"(max-width: 522px) 100vw, 522px\" \/><figcaption id=\"caption-attachment-201691\" class=\"wp-caption-text\"><em>Foto-Credit: EBU \/ Chloe Hashemi<\/em><\/figcaption><\/figure>\n<p style=\"text-align: justify;\">Bereits im Vorfeld k\u00fcndigte <strong>\u00d6sterreich<\/strong> seinen diesj\u00e4hrigen Beitrag vollmundig als das Weiblichste an, was jemals aus Austria zum ESC geschickt wurde \u2013 und immerhin kam von hier ja Conchita Wurst&#8230; Heraus kamen 2023 Teya + Salena, ein Frauen-Duo. Taya wollte 2020 schon einmal mit aller macht zum ESC, war in \u00d6sterreich unter den ersten 3, wurde dort aber letztendlich abgelehnt und versuchte es daraufhin im selben Jahr noch in Serbien, wo sie lange gelebt hat &#8211; und wurde dort 10. Die M\u00fche w\u00e4re in beiden F\u00e4llen vergebens gewesen, da der ESC 2020 bekanntlich der Corona-Pandemie zum Opfer fiel. Salena kennt man in Deutschland schon aus &#8222;The Voice Of Germany&#8220;, wo sie 2017 im Team von Samu Haber war. Ihr Dance-Song tr\u00e4gt den Titel &#8222;Who The Hell Is Edgar?&#8220; und es geht dabei um Edgar Allan Poe, wie sie auch mit einem stakkatoartigen &#8222;Poe Poe Poe Poe Poe&#8220; immer wieder betonen. Das ganze ist raffiniert inszeniert und bleibt in Auge und Ohr h\u00e4ngen \u2013 und mauserte sich in den vergangenen Tagen zu einem Geheimfavoriten in Liverpool.<\/p>\n<p style=\"text-align: justify;\">Prognose: Viele werden sich dem hypnotischen Beat nicht entziehen k\u00f6nnen \u2013 die Finalteilnahme wird klar gehen.<\/p>\n<figure id=\"attachment_201692\" aria-describedby=\"caption-attachment-201692\" style=\"width: 522px\" class=\"wp-caption alignnone\"><img decoding=\"async\" loading=\"lazy\" class=\"size-medium wp-image-201692\" src=\"https:\/\/smago.de\/ws2\/wp-content\/uploads\/2023\/05\/14-230505_Sarah-Louise-Bennett_EBU_1512-Enhanced-NR-522x348.jpg\" alt=\"\" width=\"522\" height=\"348\" srcset=\"https:\/\/smago.de\/ws2\/wp-content\/uploads\/2023\/05\/14-230505_Sarah-Louise-Bennett_EBU_1512-Enhanced-NR-522x348.jpg 522w, https:\/\/smago.de\/ws2\/wp-content\/uploads\/2023\/05\/14-230505_Sarah-Louise-Bennett_EBU_1512-Enhanced-NR-800x533.jpg 800w, https:\/\/smago.de\/ws2\/wp-content\/uploads\/2023\/05\/14-230505_Sarah-Louise-Bennett_EBU_1512-Enhanced-NR-225x150.jpg 225w, https:\/\/smago.de\/ws2\/wp-content\/uploads\/2023\/05\/14-230505_Sarah-Louise-Bennett_EBU_1512-Enhanced-NR-768x512.jpg 768w, https:\/\/smago.de\/ws2\/wp-content\/uploads\/2023\/05\/14-230505_Sarah-Louise-Bennett_EBU_1512-Enhanced-NR-1536x1024.jpg 1536w, https:\/\/smago.de\/ws2\/wp-content\/uploads\/2023\/05\/14-230505_Sarah-Louise-Bennett_EBU_1512-Enhanced-NR-392x261.jpg 392w, https:\/\/smago.de\/ws2\/wp-content\/uploads\/2023\/05\/14-230505_Sarah-Louise-Bennett_EBU_1512-Enhanced-NR-130x87.jpg 130w, https:\/\/smago.de\/ws2\/wp-content\/uploads\/2023\/05\/14-230505_Sarah-Louise-Bennett_EBU_1512-Enhanced-NR-668x445.jpg 668w, https:\/\/smago.de\/ws2\/wp-content\/uploads\/2023\/05\/14-230505_Sarah-Louise-Bennett_EBU_1512-Enhanced-NR-783x522.jpg 783w, https:\/\/smago.de\/ws2\/wp-content\/uploads\/2023\/05\/14-230505_Sarah-Louise-Bennett_EBU_1512-Enhanced-NR-285x190.jpg 285w, https:\/\/smago.de\/ws2\/wp-content\/uploads\/2023\/05\/14-230505_Sarah-Louise-Bennett_EBU_1512-Enhanced-NR-435x290.jpg 435w, https:\/\/smago.de\/ws2\/wp-content\/uploads\/2023\/05\/14-230505_Sarah-Louise-Bennett_EBU_1512-Enhanced-NR-150x100.jpg 150w, https:\/\/smago.de\/ws2\/wp-content\/uploads\/2023\/05\/14-230505_Sarah-Louise-Bennett_EBU_1512-Enhanced-NR-370x247.jpg 370w, https:\/\/smago.de\/ws2\/wp-content\/uploads\/2023\/05\/14-230505_Sarah-Louise-Bennett_EBU_1512-Enhanced-NR.jpg 2000w\" sizes=\"(max-width: 522px) 100vw, 522px\" \/><figcaption id=\"caption-attachment-201692\" class=\"wp-caption-text\">Foto-Credit: EBU \/ Sarah Louise Bennett<\/figcaption><\/figure>\n<p style=\"text-align: justify;\">Traditionell die erste Vorentscheidung des Jahres findet in <strong>Albanien<\/strong> bereits kurz vor Weihnachten des Vorjahres im traditionellen Musikfestival &#8222;Festivali i Kenges&#8220; statt. Das Festival gibt es bereits seit 1962, also lange, bevor das Land 2004 zum ersten Mal am ESC teilnahm. Dieses Jahr gab es dort eine Regel\u00e4nderung, n\u00e4mlich, dass erstmals nicht mehr der Sieger des Festivals automatisch albanischer Teilnehmer wird, sondern der Sieger des integrierten Televotings. Albina Kelmendi und ihre Familie hatten aber Gl\u00fcck: Sie gewannen neben dem Festival auch das Televoting und sind nun zum Familienausflug in Liverpool. Das wirkt schon ber\u00fchrend, wenn sie gemeinsam auf der B\u00fchne stehen \u2013 mit einem Lied, das deutlich folkloristische Z\u00fcge tr\u00e4gt.<\/p>\n<p style=\"text-align: justify;\">Prognose: Eine der Nummern, wie man sie hierzulande nur beim ESC sieht. Und dann am besten direkt zwei Mal: Im Semifinale und im Finale.<\/p>\n<figure id=\"attachment_201694\" aria-describedby=\"caption-attachment-201694\" style=\"width: 522px\" class=\"wp-caption alignnone\"><img decoding=\"async\" loading=\"lazy\" class=\"size-medium wp-image-201694\" src=\"https:\/\/smago.de\/ws2\/wp-content\/uploads\/2023\/05\/15-230505_CHLOE-HASHEMI-EBU_0762-522x348.jpg\" alt=\"\" width=\"522\" height=\"348\" srcset=\"https:\/\/smago.de\/ws2\/wp-content\/uploads\/2023\/05\/15-230505_CHLOE-HASHEMI-EBU_0762-522x348.jpg 522w, https:\/\/smago.de\/ws2\/wp-content\/uploads\/2023\/05\/15-230505_CHLOE-HASHEMI-EBU_0762-800x533.jpg 800w, https:\/\/smago.de\/ws2\/wp-content\/uploads\/2023\/05\/15-230505_CHLOE-HASHEMI-EBU_0762-225x150.jpg 225w, https:\/\/smago.de\/ws2\/wp-content\/uploads\/2023\/05\/15-230505_CHLOE-HASHEMI-EBU_0762-768x512.jpg 768w, https:\/\/smago.de\/ws2\/wp-content\/uploads\/2023\/05\/15-230505_CHLOE-HASHEMI-EBU_0762-1536x1024.jpg 1536w, https:\/\/smago.de\/ws2\/wp-content\/uploads\/2023\/05\/15-230505_CHLOE-HASHEMI-EBU_0762-392x261.jpg 392w, https:\/\/smago.de\/ws2\/wp-content\/uploads\/2023\/05\/15-230505_CHLOE-HASHEMI-EBU_0762-130x87.jpg 130w, https:\/\/smago.de\/ws2\/wp-content\/uploads\/2023\/05\/15-230505_CHLOE-HASHEMI-EBU_0762-668x445.jpg 668w, https:\/\/smago.de\/ws2\/wp-content\/uploads\/2023\/05\/15-230505_CHLOE-HASHEMI-EBU_0762-783x522.jpg 783w, https:\/\/smago.de\/ws2\/wp-content\/uploads\/2023\/05\/15-230505_CHLOE-HASHEMI-EBU_0762-285x190.jpg 285w, https:\/\/smago.de\/ws2\/wp-content\/uploads\/2023\/05\/15-230505_CHLOE-HASHEMI-EBU_0762-435x290.jpg 435w, https:\/\/smago.de\/ws2\/wp-content\/uploads\/2023\/05\/15-230505_CHLOE-HASHEMI-EBU_0762-150x100.jpg 150w, https:\/\/smago.de\/ws2\/wp-content\/uploads\/2023\/05\/15-230505_CHLOE-HASHEMI-EBU_0762-370x247.jpg 370w, https:\/\/smago.de\/ws2\/wp-content\/uploads\/2023\/05\/15-230505_CHLOE-HASHEMI-EBU_0762.jpg 2000w\" sizes=\"(max-width: 522px) 100vw, 522px\" \/><figcaption id=\"caption-attachment-201694\" class=\"wp-caption-text\">Foto-Credit: EBU \/ Chloe Hashemi<\/figcaption><\/figure>\n<p style=\"text-align: justify;\">Monika Linkyte aus <strong>Litauen<\/strong> hat ebenfalls bereits ESC-Erfahrung: 2015 in Wien nahm sie zusammen mit Vaidas Baumila teil, kam ins Finale und belegte dort Platz 18. Das Finale will sie dieses Jahr mit ihrem eing\u00e4ngigen Pop-Song &#8222;Stay&#8220; schaffen<\/p>\n<p style=\"text-align: justify;\">Prognose: Auch wenn ihre Stimme bei den Proben noch etwas wackelte, hat sie Gl\u00fcck: Die Choreographie und Kamera liefern eindrucksvolle Bilder, die manche Schw\u00e4che vergessen lassen uns sie ein zweites Mal ins Finale hieven.<\/p>\n<figure id=\"attachment_201695\" aria-describedby=\"caption-attachment-201695\" style=\"width: 522px\" class=\"wp-caption alignnone\"><img decoding=\"async\" loading=\"lazy\" class=\"size-medium wp-image-201695\" src=\"https:\/\/smago.de\/ws2\/wp-content\/uploads\/2023\/05\/16-230505_CHLOE-HASHEMI-EBU_0773-522x348.jpg\" alt=\"\" width=\"522\" height=\"348\" srcset=\"https:\/\/smago.de\/ws2\/wp-content\/uploads\/2023\/05\/16-230505_CHLOE-HASHEMI-EBU_0773-522x348.jpg 522w, https:\/\/smago.de\/ws2\/wp-content\/uploads\/2023\/05\/16-230505_CHLOE-HASHEMI-EBU_0773-800x533.jpg 800w, https:\/\/smago.de\/ws2\/wp-content\/uploads\/2023\/05\/16-230505_CHLOE-HASHEMI-EBU_0773-225x150.jpg 225w, https:\/\/smago.de\/ws2\/wp-content\/uploads\/2023\/05\/16-230505_CHLOE-HASHEMI-EBU_0773-768x512.jpg 768w, https:\/\/smago.de\/ws2\/wp-content\/uploads\/2023\/05\/16-230505_CHLOE-HASHEMI-EBU_0773-1536x1024.jpg 1536w, https:\/\/smago.de\/ws2\/wp-content\/uploads\/2023\/05\/16-230505_CHLOE-HASHEMI-EBU_0773-392x261.jpg 392w, https:\/\/smago.de\/ws2\/wp-content\/uploads\/2023\/05\/16-230505_CHLOE-HASHEMI-EBU_0773-130x87.jpg 130w, https:\/\/smago.de\/ws2\/wp-content\/uploads\/2023\/05\/16-230505_CHLOE-HASHEMI-EBU_0773-668x445.jpg 668w, https:\/\/smago.de\/ws2\/wp-content\/uploads\/2023\/05\/16-230505_CHLOE-HASHEMI-EBU_0773-783x522.jpg 783w, https:\/\/smago.de\/ws2\/wp-content\/uploads\/2023\/05\/16-230505_CHLOE-HASHEMI-EBU_0773-285x190.jpg 285w, https:\/\/smago.de\/ws2\/wp-content\/uploads\/2023\/05\/16-230505_CHLOE-HASHEMI-EBU_0773-435x290.jpg 435w, https:\/\/smago.de\/ws2\/wp-content\/uploads\/2023\/05\/16-230505_CHLOE-HASHEMI-EBU_0773-150x100.jpg 150w, https:\/\/smago.de\/ws2\/wp-content\/uploads\/2023\/05\/16-230505_CHLOE-HASHEMI-EBU_0773-370x247.jpg 370w, https:\/\/smago.de\/ws2\/wp-content\/uploads\/2023\/05\/16-230505_CHLOE-HASHEMI-EBU_0773.jpg 2000w\" sizes=\"(max-width: 522px) 100vw, 522px\" \/><figcaption id=\"caption-attachment-201695\" class=\"wp-caption-text\">Foto-Credit: EBU \/ Chloe Hashemi<\/figcaption><\/figure>\n<p style=\"text-align: justify;\">Noch &#8222;jemand&#8220; feierte 2015 ESC-Premiere: <strong>Australien<\/strong>, das damals anl\u00e4sslich des 50. Song Contestes zun\u00e4chst einmalig eingeladen wurde. Sp\u00e4ter schloss die EBU mit dem australischen Fernsehen einen Vertrag \u00fcber eine regelm\u00e4\u00dfige Teilnahme \u2013 der aber, wie man in Liverpool h\u00f6rte, mit dem diesj\u00e4hrigen Song Contest ausl\u00e4uft. &#8222;Voyager&#8220; mit &#8222;Promise&#8220; k\u00f6nnten also die letzten ESC-Vertreter ihres Landes werden. Die Band kommt eigentlich wie &#8222;Lord Of The Lost&#8220; aus dem Metal-Bereich, liefern aber eine durchaus eing\u00e4ngige Nummer und eine starke Performance. Es ist \u00fcbrigens das erste Mal, dass eine Band und kein Solist Australien vertritt \u2013 und an dieser Band hat Deutschland gewichtigen Anteil: S\u00e4nger Daniel Estrin ist in Niedersachsen geboren und aufgewachsen und mit 11 Jahren mit seinen Eltern nach Perth ausgewandert. In Liverpool bewies er in Interviews, dass er weiterhin nahezu akzentfrei Deutsch spricht. Berufsmusiker ist er \u00fcbrigens weiterhin nicht: Im Hauptberuf arbeitet er mit Schlips und Kragen als Anwalt.<\/p>\n<p style=\"text-align: justify;\">Prognose: An zwei Dinge glaube ich nicht: Dass es sich bei &#8222;Promise&#8220; um den letzten australischen ESC-Beitrag handelt und daran, dass sie im Halbfinale ausscheiden.<\/p>\n<p style=\"text-align: justify;\"><em>smago!<\/em> &#8222;glaubt&#8220; an das Aus f\u00fcr D\u00e4nemark, Rum\u00e4nien, Belgien, Island, Griechenland und San Marino.<\/p>\n<p style=\"text-align: justify;\">Ob wir Recht oder Unrecht haben, sehen Sie am heutigen Donnerstagabend \u2013 oder in unserer Final-Vorschau am Samstag.<\/p>\n<p>&nbsp;<\/p>\n<p>&nbsp;<\/p>\n<figure id=\"attachment_201491\" aria-describedby=\"caption-attachment-201491\" style=\"width: 522px\" class=\"wp-caption alignnone\"><img decoding=\"async\" loading=\"lazy\" class=\"size-medium wp-image-201491\" src=\"https:\/\/smago.de\/ws2\/wp-content\/uploads\/2023\/05\/1_Eurovision_Logo_Liverpool_2023-522x292.jpg\" alt=\"\" width=\"522\" height=\"292\" srcset=\"https:\/\/smago.de\/ws2\/wp-content\/uploads\/2023\/05\/1_Eurovision_Logo_Liverpool_2023-522x292.jpg 522w, https:\/\/smago.de\/ws2\/wp-content\/uploads\/2023\/05\/1_Eurovision_Logo_Liverpool_2023-800x448.jpg 800w, https:\/\/smago.de\/ws2\/wp-content\/uploads\/2023\/05\/1_Eurovision_Logo_Liverpool_2023-268x150.jpg 268w, https:\/\/smago.de\/ws2\/wp-content\/uploads\/2023\/05\/1_Eurovision_Logo_Liverpool_2023-768x430.jpg 768w, https:\/\/smago.de\/ws2\/wp-content\/uploads\/2023\/05\/1_Eurovision_Logo_Liverpool_2023-1536x860.jpg 1536w, https:\/\/smago.de\/ws2\/wp-content\/uploads\/2023\/05\/1_Eurovision_Logo_Liverpool_2023-2048x1147.jpg 2048w, https:\/\/smago.de\/ws2\/wp-content\/uploads\/2023\/05\/1_Eurovision_Logo_Liverpool_2023-392x220.jpg 392w, https:\/\/smago.de\/ws2\/wp-content\/uploads\/2023\/05\/1_Eurovision_Logo_Liverpool_2023-130x73.jpg 130w, https:\/\/smago.de\/ws2\/wp-content\/uploads\/2023\/05\/1_Eurovision_Logo_Liverpool_2023-794x445.jpg 794w, https:\/\/smago.de\/ws2\/wp-content\/uploads\/2023\/05\/1_Eurovision_Logo_Liverpool_2023-870x489.jpg 870w, https:\/\/smago.de\/ws2\/wp-content\/uploads\/2023\/05\/1_Eurovision_Logo_Liverpool_2023-292x164.jpg 292w, https:\/\/smago.de\/ws2\/wp-content\/uploads\/2023\/05\/1_Eurovision_Logo_Liverpool_2023-435x244.jpg 435w, https:\/\/smago.de\/ws2\/wp-content\/uploads\/2023\/05\/1_Eurovision_Logo_Liverpool_2023-895x503.jpg 895w\" sizes=\"(max-width: 522px) 100vw, 522px\" \/><figcaption id=\"caption-attachment-201491\" class=\"wp-caption-text\">\u00a9 NDR \/ Eurovision<\/figcaption><\/figure>\n","protected":false},"excerpt":{"rendered":"<p>San Marino \u2013 \u00d6sterreich \u2013 Albanien \u2013 Litauen \u2013 Australien &#8230;:<\/p>\n","protected":false},"author":2,"featured_media":201491,"comment_status":"open","ping_status":"closed","sticky":false,"template":"","format":"standard","meta":{"_FSMCFIC_featured_image_caption":"","_FSMCFIC_featured_image_nocaption":"","_FSMCFIC_featured_image_hide":""},"categories":[27,39,128],"tags":[85],"acf":[],"_links":{"self":[{"href":"https:\/\/smago.de\/ws2\/wp-json\/wp\/v2\/posts\/201666"}],"collection":[{"href":"https:\/\/smago.de\/ws2\/wp-json\/wp\/v2\/posts"}],"about":[{"href":"https:\/\/smago.de\/ws2\/wp-json\/wp\/v2\/types\/post"}],"author":[{"embeddable":true,"href":"https:\/\/smago.de\/ws2\/wp-json\/wp\/v2\/users\/2"}],"replies":[{"embeddable":true,"href":"https:\/\/smago.de\/ws2\/wp-json\/wp\/v2\/comments?post=201666"}],"version-history":[{"count":6,"href":"https:\/\/smago.de\/ws2\/wp-json\/wp\/v2\/posts\/201666\/revisions"}],"predecessor-version":[{"id":201698,"href":"https:\/\/smago.de\/ws2\/wp-json\/wp\/v2\/posts\/201666\/revisions\/201698"}],"wp:featuredmedia":[{"embeddable":true,"href":"https:\/\/smago.de\/ws2\/wp-json\/wp\/v2\/media\/201491"}],"wp:attachment":[{"href":"https:\/\/smago.de\/ws2\/wp-json\/wp\/v2\/media?parent=201666"}],"wp:term":[{"taxonomy":"category","embeddable":true,"href":"https:\/\/smago.de\/ws2\/wp-json\/wp\/v2\/categories?post=201666"},{"taxonomy":"post_tag","embeddable":true,"href":"https:\/\/smago.de\/ws2\/wp-json\/wp\/v2\/tags?post=201666"}],"curies":[{"name":"wp","href":"https:\/\/api.w.org\/{rel}","templated":true}]}}