{"id":201662,"date":"2023-05-11T00:00:24","date_gmt":"2023-05-10T22:00:24","guid":{"rendered":"https:\/\/smago.de\/ws2\/?p=201662"},"modified":"2023-05-10T22:05:20","modified_gmt":"2023-05-10T20:05:20","slug":"eurovision-song-contest-2023-smago-top-exklusiv-2-semifinale-eine-vorschau-1-3-von-frank-ehrlacher","status":"publish","type":"post","link":"https:\/\/smago.de\/ws2\/pop\/eurovision-song-contest-2023-smago-top-exklusiv-2-semifinale-eine-vorschau-1-3-von-frank-ehrlacher\/","title":{"rendered":"\u201cEUROVISION SONG CONTEST 2023\u201d <br>smago! top-exklusiv: 2. Semifinale \u2013 \u201cEine Vorschau\u201d (1\/3) \u2013 von Frank Ehrlacher!"},"content":{"rendered":"<p>D\u00e4nemark \u2013 Armenien \u2013 Rum\u00e4nien \u2013 Estland \u2013 Belgien &#8230;:<br \/>\n<!--more--><\/p>\n<p>&nbsp;<\/p>\n<p>&nbsp;<\/p>\n<p>&nbsp;<\/p>\n<p style=\"text-align: justify;\">Nachdem sich am vergangenen Dienstag die ersten 10 Songs f\u00fcr das Finale des 67. Eurovision Song Contest am kommenden Samstag in Liverpool qualifizieren konnten, stellen wir Ihnen heute die letzten 16 L\u00e4nder vor, die am Donnerstagabend (21 Uhr bei ARD One) um die letzten 10 Tickets f\u00fcrs Finale k\u00e4mpfen. Eins vorweg: Diesmal wird es enger und ob wir es schaffen, bei Smago! wieder 9 von 10 richtig vorherzusagen, werden wir nach der Show wissen.<\/p>\n<p style=\"text-align: justify;\">\u00dcbrigens: Die Einschaltquote f\u00fcr das 1. Halbfinale am Dienstag auf ARD One war sensationell gut und konnte mit dem popul\u00e4ren &#8222;Sing meinen Song&#8220; mithalten. Deutschland scheint jetzt schon neugierig auf den ESC.<\/p>\n<p><em>smago!<\/em> ordnet die Beitr\u00e4ge f\u00fcr Sie ein:<\/p>\n<div class=\"mceTemp\" style=\"text-align: justify;\"><\/div>\n<figure id=\"attachment_201669\" aria-describedby=\"caption-attachment-201669\" style=\"width: 522px\" class=\"wp-caption alignnone\"><img decoding=\"async\" loading=\"lazy\" class=\"size-medium wp-image-201669\" src=\"https:\/\/smago.de\/ws2\/wp-content\/uploads\/2023\/05\/01-230504_Sarah-Louise-Bennett_EBU_0016-522x348.jpg\" alt=\"\" width=\"522\" height=\"348\" srcset=\"https:\/\/smago.de\/ws2\/wp-content\/uploads\/2023\/05\/01-230504_Sarah-Louise-Bennett_EBU_0016-522x348.jpg 522w, https:\/\/smago.de\/ws2\/wp-content\/uploads\/2023\/05\/01-230504_Sarah-Louise-Bennett_EBU_0016-800x533.jpg 800w, https:\/\/smago.de\/ws2\/wp-content\/uploads\/2023\/05\/01-230504_Sarah-Louise-Bennett_EBU_0016-225x150.jpg 225w, https:\/\/smago.de\/ws2\/wp-content\/uploads\/2023\/05\/01-230504_Sarah-Louise-Bennett_EBU_0016-768x512.jpg 768w, https:\/\/smago.de\/ws2\/wp-content\/uploads\/2023\/05\/01-230504_Sarah-Louise-Bennett_EBU_0016-1536x1024.jpg 1536w, https:\/\/smago.de\/ws2\/wp-content\/uploads\/2023\/05\/01-230504_Sarah-Louise-Bennett_EBU_0016-392x261.jpg 392w, https:\/\/smago.de\/ws2\/wp-content\/uploads\/2023\/05\/01-230504_Sarah-Louise-Bennett_EBU_0016-130x87.jpg 130w, https:\/\/smago.de\/ws2\/wp-content\/uploads\/2023\/05\/01-230504_Sarah-Louise-Bennett_EBU_0016-668x445.jpg 668w, https:\/\/smago.de\/ws2\/wp-content\/uploads\/2023\/05\/01-230504_Sarah-Louise-Bennett_EBU_0016-783x522.jpg 783w, https:\/\/smago.de\/ws2\/wp-content\/uploads\/2023\/05\/01-230504_Sarah-Louise-Bennett_EBU_0016-285x190.jpg 285w, https:\/\/smago.de\/ws2\/wp-content\/uploads\/2023\/05\/01-230504_Sarah-Louise-Bennett_EBU_0016-435x290.jpg 435w, https:\/\/smago.de\/ws2\/wp-content\/uploads\/2023\/05\/01-230504_Sarah-Louise-Bennett_EBU_0016-150x100.jpg 150w, https:\/\/smago.de\/ws2\/wp-content\/uploads\/2023\/05\/01-230504_Sarah-Louise-Bennett_EBU_0016-370x247.jpg 370w, https:\/\/smago.de\/ws2\/wp-content\/uploads\/2023\/05\/01-230504_Sarah-Louise-Bennett_EBU_0016.jpg 2000w\" sizes=\"(max-width: 522px) 100vw, 522px\" \/><figcaption id=\"caption-attachment-201669\" class=\"wp-caption-text\"><em>Foto-Credit: EBU \/ Sarah Louise Bennett<\/em><\/figcaption><\/figure>\n<p style=\"text-align: justify;\">Genau wie im 1. Halbfinale am Dienstag beginnt es mit Pop aus Skandinavien. Der 25-j\u00e4hrige Reiley Petersen aus <strong>D\u00e4nemark<\/strong> muss den Eisbrecher machen und macht das ganz in rosa gekleidet mit recht d\u00fcnner Stimme \u2013 da ist noch deutlich Luft nach oben. Immerhin darf er schon froh sein, \u00fcberhaupt in Liverpool dabei sein zu d\u00fcrfen, denn schon vor der d\u00e4nischen Vorentscheidung gab es \u00c4rger, weil er seinen Song &#8222;Breaking My Heart&#8220; schon Ende 2022 bei einem Festival in Korea vorgestellt hatte \u2013 das verstie\u00df zwar gegen die internen Regeln der D\u00e4nen, nicht aber gegen die der europ\u00e4ischen EBU, denn nach denen sind nur Songs ausgeschlossen, die vor dem 1. September 2022 \u00f6ffentlich aufgef\u00fchrt wurden.<\/p>\n<p style=\"text-align: justify;\">Prognose: Reiley hat damit sein Gl\u00fcck aufgebraucht \u2013 f\u00fcrs Finale reicht es f\u00fcr ihn nicht.<\/p>\n<div class=\"mceTemp\" style=\"text-align: justify;\"><\/div>\n<figure id=\"attachment_201670\" aria-describedby=\"caption-attachment-201670\" style=\"width: 522px\" class=\"wp-caption alignnone\"><img decoding=\"async\" loading=\"lazy\" class=\"size-medium wp-image-201670\" src=\"https:\/\/smago.de\/ws2\/wp-content\/uploads\/2023\/05\/02-230504_CHLOE-HASHEMI-EBU_0524-522x348.jpg\" alt=\"\" width=\"522\" height=\"348\" srcset=\"https:\/\/smago.de\/ws2\/wp-content\/uploads\/2023\/05\/02-230504_CHLOE-HASHEMI-EBU_0524-522x348.jpg 522w, https:\/\/smago.de\/ws2\/wp-content\/uploads\/2023\/05\/02-230504_CHLOE-HASHEMI-EBU_0524-800x533.jpg 800w, https:\/\/smago.de\/ws2\/wp-content\/uploads\/2023\/05\/02-230504_CHLOE-HASHEMI-EBU_0524-225x150.jpg 225w, https:\/\/smago.de\/ws2\/wp-content\/uploads\/2023\/05\/02-230504_CHLOE-HASHEMI-EBU_0524-768x512.jpg 768w, https:\/\/smago.de\/ws2\/wp-content\/uploads\/2023\/05\/02-230504_CHLOE-HASHEMI-EBU_0524-1536x1024.jpg 1536w, https:\/\/smago.de\/ws2\/wp-content\/uploads\/2023\/05\/02-230504_CHLOE-HASHEMI-EBU_0524-392x261.jpg 392w, https:\/\/smago.de\/ws2\/wp-content\/uploads\/2023\/05\/02-230504_CHLOE-HASHEMI-EBU_0524-130x87.jpg 130w, https:\/\/smago.de\/ws2\/wp-content\/uploads\/2023\/05\/02-230504_CHLOE-HASHEMI-EBU_0524-668x445.jpg 668w, https:\/\/smago.de\/ws2\/wp-content\/uploads\/2023\/05\/02-230504_CHLOE-HASHEMI-EBU_0524-783x522.jpg 783w, https:\/\/smago.de\/ws2\/wp-content\/uploads\/2023\/05\/02-230504_CHLOE-HASHEMI-EBU_0524-285x190.jpg 285w, https:\/\/smago.de\/ws2\/wp-content\/uploads\/2023\/05\/02-230504_CHLOE-HASHEMI-EBU_0524-435x290.jpg 435w, https:\/\/smago.de\/ws2\/wp-content\/uploads\/2023\/05\/02-230504_CHLOE-HASHEMI-EBU_0524-150x100.jpg 150w, https:\/\/smago.de\/ws2\/wp-content\/uploads\/2023\/05\/02-230504_CHLOE-HASHEMI-EBU_0524-370x247.jpg 370w, https:\/\/smago.de\/ws2\/wp-content\/uploads\/2023\/05\/02-230504_CHLOE-HASHEMI-EBU_0524.jpg 2000w\" sizes=\"(max-width: 522px) 100vw, 522px\" \/><figcaption id=\"caption-attachment-201670\" class=\"wp-caption-text\"><em>Foto-Credit: EBU \/ Chloe Hashemi<\/em><\/figcaption><\/figure>\n<p style=\"text-align: justify;\">Auch ein Songanfang im Liegen scheint im Trend, wir erinnern uns an Luke Black aus Serbien im 1. Semi-Finale: So begr\u00fc\u00dft uns auch Brunette aus <strong>Armenien <\/strong>in der Horizontalen. Wenn sie sich aber erhebt, nimmt der Song vorne auf und sorgt mit eindrucksvollen Bildern daf\u00fcr, dass er trotz der fr\u00fchen Startnummer h\u00e4ngen bleibt.<\/p>\n<p style=\"text-align: justify;\">Prognose: Starker Song, starke Performance \u2013 Armenien sehen wir im Finale am Samstag wieder.<\/p>\n<div class=\"mceTemp\" style=\"text-align: justify;\"><\/div>\n<figure id=\"attachment_201671\" aria-describedby=\"caption-attachment-201671\" style=\"width: 522px\" class=\"wp-caption alignnone\"><img decoding=\"async\" loading=\"lazy\" class=\"size-medium wp-image-201671\" src=\"https:\/\/smago.de\/ws2\/wp-content\/uploads\/2023\/05\/03-230504_CHLOE-HASHEMI-EBU_0534-522x348.jpg\" alt=\"\" width=\"522\" height=\"348\" srcset=\"https:\/\/smago.de\/ws2\/wp-content\/uploads\/2023\/05\/03-230504_CHLOE-HASHEMI-EBU_0534-522x348.jpg 522w, https:\/\/smago.de\/ws2\/wp-content\/uploads\/2023\/05\/03-230504_CHLOE-HASHEMI-EBU_0534-800x533.jpg 800w, https:\/\/smago.de\/ws2\/wp-content\/uploads\/2023\/05\/03-230504_CHLOE-HASHEMI-EBU_0534-225x150.jpg 225w, https:\/\/smago.de\/ws2\/wp-content\/uploads\/2023\/05\/03-230504_CHLOE-HASHEMI-EBU_0534-768x512.jpg 768w, https:\/\/smago.de\/ws2\/wp-content\/uploads\/2023\/05\/03-230504_CHLOE-HASHEMI-EBU_0534-1536x1024.jpg 1536w, https:\/\/smago.de\/ws2\/wp-content\/uploads\/2023\/05\/03-230504_CHLOE-HASHEMI-EBU_0534-392x261.jpg 392w, https:\/\/smago.de\/ws2\/wp-content\/uploads\/2023\/05\/03-230504_CHLOE-HASHEMI-EBU_0534-130x87.jpg 130w, https:\/\/smago.de\/ws2\/wp-content\/uploads\/2023\/05\/03-230504_CHLOE-HASHEMI-EBU_0534-668x445.jpg 668w, https:\/\/smago.de\/ws2\/wp-content\/uploads\/2023\/05\/03-230504_CHLOE-HASHEMI-EBU_0534-783x522.jpg 783w, https:\/\/smago.de\/ws2\/wp-content\/uploads\/2023\/05\/03-230504_CHLOE-HASHEMI-EBU_0534-285x190.jpg 285w, https:\/\/smago.de\/ws2\/wp-content\/uploads\/2023\/05\/03-230504_CHLOE-HASHEMI-EBU_0534-435x290.jpg 435w, https:\/\/smago.de\/ws2\/wp-content\/uploads\/2023\/05\/03-230504_CHLOE-HASHEMI-EBU_0534-150x100.jpg 150w, https:\/\/smago.de\/ws2\/wp-content\/uploads\/2023\/05\/03-230504_CHLOE-HASHEMI-EBU_0534-370x247.jpg 370w, https:\/\/smago.de\/ws2\/wp-content\/uploads\/2023\/05\/03-230504_CHLOE-HASHEMI-EBU_0534.jpg 2000w\" sizes=\"(max-width: 522px) 100vw, 522px\" \/><figcaption id=\"caption-attachment-201671\" class=\"wp-caption-text\"><em>Foto-Credit: EBU \/ Chloe Hashemi<\/em><\/figcaption><\/figure>\n<p style=\"text-align: justify;\">Und &#8222;Back to Pink&#8220;- denn diese Farbe hat sich Theodor Andrei aus <strong>Rum\u00e4nien<\/strong> ausgesucht \u2013 dazu eine kurze Hose, eine rundliche Brille und lange Haare. Schwer zu beschreiben, muss man gesehen haben. Und so schwer wie der Interpret, ist auch der Song einzuordnen. Nicht wirklich Rock, ein bisschen zu eckig f\u00fcr Pop und kantig auch durch die Songteile in Landessprache.<\/p>\n<p style=\"text-align: justify;\">Prognose: Auffallen alleine reicht nicht. Theodor kann es sich am Samstag in den Shorts vor dem Fernseher zu Hause gem\u00fctlich machen und muss andere die Farbtupfer setzen lassen.<\/p>\n<div class=\"mceTemp\" style=\"text-align: justify;\"><\/div>\n<figure id=\"attachment_201672\" aria-describedby=\"caption-attachment-201672\" style=\"width: 522px\" class=\"wp-caption alignnone\"><img decoding=\"async\" loading=\"lazy\" class=\"size-medium wp-image-201672\" src=\"https:\/\/smago.de\/ws2\/wp-content\/uploads\/2023\/05\/04-230504_Sarah-Louise-Bennett_EBU_0261-522x348.jpg\" alt=\"\" width=\"522\" height=\"348\" srcset=\"https:\/\/smago.de\/ws2\/wp-content\/uploads\/2023\/05\/04-230504_Sarah-Louise-Bennett_EBU_0261-522x348.jpg 522w, https:\/\/smago.de\/ws2\/wp-content\/uploads\/2023\/05\/04-230504_Sarah-Louise-Bennett_EBU_0261-800x533.jpg 800w, https:\/\/smago.de\/ws2\/wp-content\/uploads\/2023\/05\/04-230504_Sarah-Louise-Bennett_EBU_0261-225x150.jpg 225w, https:\/\/smago.de\/ws2\/wp-content\/uploads\/2023\/05\/04-230504_Sarah-Louise-Bennett_EBU_0261-768x512.jpg 768w, https:\/\/smago.de\/ws2\/wp-content\/uploads\/2023\/05\/04-230504_Sarah-Louise-Bennett_EBU_0261-1536x1024.jpg 1536w, https:\/\/smago.de\/ws2\/wp-content\/uploads\/2023\/05\/04-230504_Sarah-Louise-Bennett_EBU_0261-392x261.jpg 392w, https:\/\/smago.de\/ws2\/wp-content\/uploads\/2023\/05\/04-230504_Sarah-Louise-Bennett_EBU_0261-130x87.jpg 130w, https:\/\/smago.de\/ws2\/wp-content\/uploads\/2023\/05\/04-230504_Sarah-Louise-Bennett_EBU_0261-668x445.jpg 668w, https:\/\/smago.de\/ws2\/wp-content\/uploads\/2023\/05\/04-230504_Sarah-Louise-Bennett_EBU_0261-783x522.jpg 783w, https:\/\/smago.de\/ws2\/wp-content\/uploads\/2023\/05\/04-230504_Sarah-Louise-Bennett_EBU_0261-285x190.jpg 285w, https:\/\/smago.de\/ws2\/wp-content\/uploads\/2023\/05\/04-230504_Sarah-Louise-Bennett_EBU_0261-435x290.jpg 435w, https:\/\/smago.de\/ws2\/wp-content\/uploads\/2023\/05\/04-230504_Sarah-Louise-Bennett_EBU_0261-150x100.jpg 150w, https:\/\/smago.de\/ws2\/wp-content\/uploads\/2023\/05\/04-230504_Sarah-Louise-Bennett_EBU_0261-370x247.jpg 370w, https:\/\/smago.de\/ws2\/wp-content\/uploads\/2023\/05\/04-230504_Sarah-Louise-Bennett_EBU_0261.jpg 2000w\" sizes=\"(max-width: 522px) 100vw, 522px\" \/><figcaption id=\"caption-attachment-201672\" class=\"wp-caption-text\"><em>Foto-Credit: EBU \/ Sarah Louise Bennett<\/em><\/figcaption><\/figure>\n<p style=\"text-align: justify;\"><strong>Estland <\/strong>w\u00fcrde nach 2001 zu gerne mal wieder den ESC gewinnen und dazu holte sich S\u00e4ngerin Alika \u2013 deren Lieblingsfarbe scheinbar ein leichtes Blau ist \u2013 erfahrene Unterst\u00fctzung aus Belgien: ihre beiden Co-Autoren schrieben 2021 &#8222;Tout l&#8217;univers&#8220;, mit dem Gjon&#8217;s Tears f\u00fcr die Schweiz Platz 3 beim Song Contest in den Niederlanden belegte. Europ\u00e4ischer geht es auch kaum. Alika wirkt am Anfang etwas wie die estnische Alicia Keys am Klavier, entwickelt im Laufe der Ballade aber ihren ganz eigenen Stil.<\/p>\n<p style=\"text-align: justify;\">Prognose: Schwer einzuordnen, aber ein starker Song, den wir am Samstag noch einmal h\u00f6ren.<\/p>\n<figure id=\"attachment_201674\" aria-describedby=\"caption-attachment-201674\" style=\"width: 522px\" class=\"wp-caption alignnone\"><img decoding=\"async\" loading=\"lazy\" class=\"size-medium wp-image-201674\" src=\"https:\/\/smago.de\/ws2\/wp-content\/uploads\/2023\/05\/05-230504_CHLOE-HASHEMI-EBU_0565-1-522x348.jpg\" alt=\"\" width=\"522\" height=\"348\" srcset=\"https:\/\/smago.de\/ws2\/wp-content\/uploads\/2023\/05\/05-230504_CHLOE-HASHEMI-EBU_0565-1-522x348.jpg 522w, https:\/\/smago.de\/ws2\/wp-content\/uploads\/2023\/05\/05-230504_CHLOE-HASHEMI-EBU_0565-1-800x533.jpg 800w, https:\/\/smago.de\/ws2\/wp-content\/uploads\/2023\/05\/05-230504_CHLOE-HASHEMI-EBU_0565-1-225x150.jpg 225w, https:\/\/smago.de\/ws2\/wp-content\/uploads\/2023\/05\/05-230504_CHLOE-HASHEMI-EBU_0565-1-768x512.jpg 768w, https:\/\/smago.de\/ws2\/wp-content\/uploads\/2023\/05\/05-230504_CHLOE-HASHEMI-EBU_0565-1-1536x1024.jpg 1536w, https:\/\/smago.de\/ws2\/wp-content\/uploads\/2023\/05\/05-230504_CHLOE-HASHEMI-EBU_0565-1-392x261.jpg 392w, https:\/\/smago.de\/ws2\/wp-content\/uploads\/2023\/05\/05-230504_CHLOE-HASHEMI-EBU_0565-1-130x87.jpg 130w, https:\/\/smago.de\/ws2\/wp-content\/uploads\/2023\/05\/05-230504_CHLOE-HASHEMI-EBU_0565-1-668x445.jpg 668w, https:\/\/smago.de\/ws2\/wp-content\/uploads\/2023\/05\/05-230504_CHLOE-HASHEMI-EBU_0565-1-783x522.jpg 783w, https:\/\/smago.de\/ws2\/wp-content\/uploads\/2023\/05\/05-230504_CHLOE-HASHEMI-EBU_0565-1-285x190.jpg 285w, https:\/\/smago.de\/ws2\/wp-content\/uploads\/2023\/05\/05-230504_CHLOE-HASHEMI-EBU_0565-1-435x290.jpg 435w, https:\/\/smago.de\/ws2\/wp-content\/uploads\/2023\/05\/05-230504_CHLOE-HASHEMI-EBU_0565-1-150x100.jpg 150w, https:\/\/smago.de\/ws2\/wp-content\/uploads\/2023\/05\/05-230504_CHLOE-HASHEMI-EBU_0565-1-370x247.jpg 370w, https:\/\/smago.de\/ws2\/wp-content\/uploads\/2023\/05\/05-230504_CHLOE-HASHEMI-EBU_0565-1.jpg 2000w\" sizes=\"(max-width: 522px) 100vw, 522px\" \/><figcaption id=\"caption-attachment-201674\" class=\"wp-caption-text\"><em>Foto-Credit: EBU \/ Chloe Hashemi<\/em><\/figcaption><\/figure>\n<p style=\"text-align: justify;\">Back To Pink \u2013 nein, Sie sind nicht in der Zeile verrutscht, auch Gustaph aus <strong>Belgien<\/strong> scheint ein Faible f\u00fcr den Rosaroten Panther zu haben. Pinkes Hemd unter wei\u00dfem Sakko, dazu etwas, das aussieht wie eine rosa Strumpfhose mit einer knielangen pinken Pluderhose \u2013 auch er setzt auf Auffallen. Dazu ein Cowboyhut und 70s Disco-Music, die teilweise an &#8222;Relight My Fire&#8220; erinnert.<\/p>\n<p style=\"text-align: justify;\">Prognose: Klingt nach besten Zutaten? Mich \u00fcberzeugt das Mischungsverh\u00e4ltnis aber nicht, so dass ich dem belgischen Cowboys eher einen Platz in den hinteren R\u00e4ngen des Regals zutraue.<\/p>\n","protected":false},"excerpt":{"rendered":"<p>D\u00e4nemark \u2013 Armenien \u2013 Rum\u00e4nien \u2013 Estland \u2013 Belgien &#8230;:<\/p>\n","protected":false},"author":2,"featured_media":201491,"comment_status":"open","ping_status":"closed","sticky":false,"template":"","format":"standard","meta":{"_FSMCFIC_featured_image_caption":"","_FSMCFIC_featured_image_nocaption":"","_FSMCFIC_featured_image_hide":""},"categories":[27,39,128],"tags":[85],"acf":[],"_links":{"self":[{"href":"https:\/\/smago.de\/ws2\/wp-json\/wp\/v2\/posts\/201662"}],"collection":[{"href":"https:\/\/smago.de\/ws2\/wp-json\/wp\/v2\/posts"}],"about":[{"href":"https:\/\/smago.de\/ws2\/wp-json\/wp\/v2\/types\/post"}],"author":[{"embeddable":true,"href":"https:\/\/smago.de\/ws2\/wp-json\/wp\/v2\/users\/2"}],"replies":[{"embeddable":true,"href":"https:\/\/smago.de\/ws2\/wp-json\/wp\/v2\/comments?post=201662"}],"version-history":[{"count":4,"href":"https:\/\/smago.de\/ws2\/wp-json\/wp\/v2\/posts\/201662\/revisions"}],"predecessor-version":[{"id":201677,"href":"https:\/\/smago.de\/ws2\/wp-json\/wp\/v2\/posts\/201662\/revisions\/201677"}],"wp:featuredmedia":[{"embeddable":true,"href":"https:\/\/smago.de\/ws2\/wp-json\/wp\/v2\/media\/201491"}],"wp:attachment":[{"href":"https:\/\/smago.de\/ws2\/wp-json\/wp\/v2\/media?parent=201662"}],"wp:term":[{"taxonomy":"category","embeddable":true,"href":"https:\/\/smago.de\/ws2\/wp-json\/wp\/v2\/categories?post=201662"},{"taxonomy":"post_tag","embeddable":true,"href":"https:\/\/smago.de\/ws2\/wp-json\/wp\/v2\/tags?post=201662"}],"curies":[{"name":"wp","href":"https:\/\/api.w.org\/{rel}","templated":true}]}}