{"id":201643,"date":"2023-05-11T00:00:34","date_gmt":"2023-05-10T22:00:34","guid":{"rendered":"https:\/\/smago.de\/ws2\/?p=201643"},"modified":"2023-05-10T16:47:25","modified_gmt":"2023-05-10T14:47:25","slug":"daniel-reemer-ellen-krenz-sie-haben-keine-angst-vor-den-gefuehlen","status":"publish","type":"post","link":"https:\/\/smago.de\/ws2\/schlager\/daniel-reemer-ellen-krenz-sie-haben-keine-angst-vor-den-gefuehlen\/","title":{"rendered":"DANIEL REEMER &#038; ELLEN KRENZ <br>Sie haben &#8222;Keine Angst vor den Gef\u00fchlen&#8220;!"},"content":{"rendered":"<p>Das Original (Musik: Tex Shultzieg; Text: Irma Holder) \u2013 wurde (1986) von Sophia &amp; Ron gesungen!<br \/>\n<!--more--><\/p>\n<p>&nbsp;<\/p>\n<p>&nbsp;<\/p>\n<p style=\"text-align: justify;\">F\u00fcr sein neues Album &#8222;&#8230;was ich noch singen wollte&#8220;, hat DANIEL REEMER eine ganz besondere Verst\u00e4rkung gewinnen k\u00f6nnen. ELLEN KRENZ gibt dem Duett aus den 1980-er Jahren &#8222;Keine Angst vor den Gef\u00fchlen&#8220; mit Daniel zusammen eine ganz besondere Klangfarbe.<\/p>\n<p>Die Zuh\u00f6rer d\u00fcrfen sich\u00a0auf eine tanzbare, von Waldemar Kopka gro\u00dfartig arrangierte Version dieses Ohrwurms freuen.<\/p>\n<p>Das Original wurde \u2013 1986 \u2013 von Sophia &amp; Ron gesungen.<\/p>\n<p>&nbsp;<\/p>\n<p><iframe loading=\"lazy\" src=\"\/\/www.youtube.com\/embed\/jdRXXBL92NQ\" width=\"800\" height=\"449\" allowfullscreen=\"allowfullscreen\"><\/iframe><\/p>\n<p>&nbsp;<\/p>\n<p>&nbsp;<\/p>\n<p>&nbsp;<\/p>\n<p><img decoding=\"async\" loading=\"lazy\" class=\"alignnone size-large wp-image-201645\" src=\"https:\/\/smago.de\/ws2\/wp-content\/uploads\/2023\/05\/reemer_krenz_back-800x800.jpeg\" alt=\"\" width=\"800\" height=\"800\" srcset=\"https:\/\/smago.de\/ws2\/wp-content\/uploads\/2023\/05\/reemer_krenz_back-800x800.jpeg 800w, https:\/\/smago.de\/ws2\/wp-content\/uploads\/2023\/05\/reemer_krenz_back-522x522.jpeg 522w, https:\/\/smago.de\/ws2\/wp-content\/uploads\/2023\/05\/reemer_krenz_back-150x150.jpeg 150w, https:\/\/smago.de\/ws2\/wp-content\/uploads\/2023\/05\/reemer_krenz_back-768x768.jpeg 768w, https:\/\/smago.de\/ws2\/wp-content\/uploads\/2023\/05\/reemer_krenz_back-272x272.jpeg 272w, https:\/\/smago.de\/ws2\/wp-content\/uploads\/2023\/05\/reemer_krenz_back-600x600.jpeg 600w, https:\/\/smago.de\/ws2\/wp-content\/uploads\/2023\/05\/reemer_krenz_back-130x130.jpeg 130w, https:\/\/smago.de\/ws2\/wp-content\/uploads\/2023\/05\/reemer_krenz_back-445x445.jpeg 445w, https:\/\/smago.de\/ws2\/wp-content\/uploads\/2023\/05\/reemer_krenz_back-190x190.jpeg 190w, https:\/\/smago.de\/ws2\/wp-content\/uploads\/2023\/05\/reemer_krenz_back-290x290.jpeg 290w, https:\/\/smago.de\/ws2\/wp-content\/uploads\/2023\/05\/reemer_krenz_back.jpeg 1417w\" sizes=\"(max-width: 800px) 100vw, 800px\" \/><\/p>\n","protected":false},"excerpt":{"rendered":"<p>Das Original (Musik: Tex Shultzieg; Text: Irma Holder) \u2013 wurde (1986) von Sophia &amp; Ron gesungen!<\/p>\n","protected":false},"author":2,"featured_media":201644,"comment_status":"open","ping_status":"closed","sticky":false,"template":"","format":"standard","meta":{"_FSMCFIC_featured_image_caption":"","_FSMCFIC_featured_image_nocaption":"","_FSMCFIC_featured_image_hide":""},"categories":[29],"tags":[3005],"acf":[],"_links":{"self":[{"href":"https:\/\/smago.de\/ws2\/wp-json\/wp\/v2\/posts\/201643"}],"collection":[{"href":"https:\/\/smago.de\/ws2\/wp-json\/wp\/v2\/posts"}],"about":[{"href":"https:\/\/smago.de\/ws2\/wp-json\/wp\/v2\/types\/post"}],"author":[{"embeddable":true,"href":"https:\/\/smago.de\/ws2\/wp-json\/wp\/v2\/users\/2"}],"replies":[{"embeddable":true,"href":"https:\/\/smago.de\/ws2\/wp-json\/wp\/v2\/comments?post=201643"}],"version-history":[{"count":3,"href":"https:\/\/smago.de\/ws2\/wp-json\/wp\/v2\/posts\/201643\/revisions"}],"predecessor-version":[{"id":201648,"href":"https:\/\/smago.de\/ws2\/wp-json\/wp\/v2\/posts\/201643\/revisions\/201648"}],"wp:featuredmedia":[{"embeddable":true,"href":"https:\/\/smago.de\/ws2\/wp-json\/wp\/v2\/media\/201644"}],"wp:attachment":[{"href":"https:\/\/smago.de\/ws2\/wp-json\/wp\/v2\/media?parent=201643"}],"wp:term":[{"taxonomy":"category","embeddable":true,"href":"https:\/\/smago.de\/ws2\/wp-json\/wp\/v2\/categories?post=201643"},{"taxonomy":"post_tag","embeddable":true,"href":"https:\/\/smago.de\/ws2\/wp-json\/wp\/v2\/tags?post=201643"}],"curies":[{"name":"wp","href":"https:\/\/api.w.org\/{rel}","templated":true}]}}