{"id":201636,"date":"2023-05-10T16:27:23","date_gmt":"2023-05-10T14:27:23","guid":{"rendered":"https:\/\/smago.de\/ws2\/?p=201636"},"modified":"2023-05-10T16:30:59","modified_gmt":"2023-05-10T14:30:59","slug":"tom-brosinski-am-12-05-2023-legt-er-sein-neues-fox-brett-mitten-in-der-nacht-vor","status":"publish","type":"post","link":"https:\/\/smago.de\/ws2\/pop-schlager\/tom-brosinski-am-12-05-2023-legt-er-sein-neues-fox-brett-mitten-in-der-nacht-vor\/","title":{"rendered":"TOM BROSINSKI <br>Am 12.05.2023 legt er sein neues Fox-Brett &#8222;Mitten in der Nacht&#8220; vor!"},"content":{"rendered":"<p style=\"text-align: justify;\">Wer Lust hat, sich in einer langen Nacht die F\u00fc\u00dfe wund zu tanzen, f\u00fcr diejenigen liefert Tom mit seiner neuen Single den richtigen Soundtrack!<br \/>\n<!--more--><\/p>\n<p>&nbsp;<\/p>\n<p>&nbsp;<\/p>\n<p>&nbsp;<\/p>\n<p style=\"text-align: justify;\">Nach seiner Deb\u00fct-Single \u201eIch hab es gewusst\u201c steht TOM BROSINSKI mit seinem n\u00e4chsten Ohrwurm in den Startl\u00f6cher. Mit seiner brandneuen Single \u201eMitten in der Nacht\u201c l\u00e4sst er das Herz von allen Popschlager Fans h\u00f6herschlagen.<\/p>\n<p style=\"text-align: justify;\">Wer Lust hat, sich in einer langen Nacht die F\u00fc\u00dfe wund zu tanzen, f\u00fcr diejenigen liefert Tom mit seiner neuen Single den richtigen Soundtrack. Ein eing\u00e4ngiger Sound, der einl\u00e4dt, allein oder gemeinsam dem Alltag mal zu entfliehen und einfach Spa\u00df zu haben.<\/p>\n<p style=\"text-align: justify;\">Obwohl der poppige Beat so leicht daherkommt, birgt das Thema des Songs mehr Tiefe als es zun\u00e4chst den Anschein macht. Der Song spricht allen Menschen aus der Seele, die bereits eine Trennung durchgemacht haben. Das Gef\u00fchlschaos zwischen dem Wissen, dass die Trennung die richtige Entscheidung war, aber auch die vielen guten Erinnerungen und die Liebe, die man mal mit der Person geteilt hat, die den Schmerz und das Vermissen immer wieder hochkommen lassen. Man wei\u00df man kommt dar\u00fcber hinweg, aber \u201eMitten in der Nacht\u201c sind die Erinnerungen am intensivsten.<\/p>\n<p style=\"text-align: justify;\">Erneut vereint Tom eine perfekte Mischung zwischen einem Thema, dass so viele Menschen ber\u00fchrt, gepaart mit einem Beat und einer Melodie, die uns \u201eMitten in der Nacht\u201c jeden Schmerz vergessen lassen k\u00f6nnen.<\/p>\n","protected":false},"excerpt":{"rendered":"<p>Wer Lust hat, sich in einer langen Nacht die F\u00fc\u00dfe wund zu tanzen, f\u00fcr diejenigen liefert Tom mit seiner neuen<\/p>\n","protected":false},"author":2,"featured_media":201638,"comment_status":"open","ping_status":"closed","sticky":false,"template":"","format":"standard","meta":{"_FSMCFIC_featured_image_caption":"","_FSMCFIC_featured_image_nocaption":"","_FSMCFIC_featured_image_hide":""},"categories":[28],"tags":[3004],"acf":[],"_links":{"self":[{"href":"https:\/\/smago.de\/ws2\/wp-json\/wp\/v2\/posts\/201636"}],"collection":[{"href":"https:\/\/smago.de\/ws2\/wp-json\/wp\/v2\/posts"}],"about":[{"href":"https:\/\/smago.de\/ws2\/wp-json\/wp\/v2\/types\/post"}],"author":[{"embeddable":true,"href":"https:\/\/smago.de\/ws2\/wp-json\/wp\/v2\/users\/2"}],"replies":[{"embeddable":true,"href":"https:\/\/smago.de\/ws2\/wp-json\/wp\/v2\/comments?post=201636"}],"version-history":[{"count":4,"href":"https:\/\/smago.de\/ws2\/wp-json\/wp\/v2\/posts\/201636\/revisions"}],"predecessor-version":[{"id":201642,"href":"https:\/\/smago.de\/ws2\/wp-json\/wp\/v2\/posts\/201636\/revisions\/201642"}],"wp:featuredmedia":[{"embeddable":true,"href":"https:\/\/smago.de\/ws2\/wp-json\/wp\/v2\/media\/201638"}],"wp:attachment":[{"href":"https:\/\/smago.de\/ws2\/wp-json\/wp\/v2\/media?parent=201636"}],"wp:term":[{"taxonomy":"category","embeddable":true,"href":"https:\/\/smago.de\/ws2\/wp-json\/wp\/v2\/categories?post=201636"},{"taxonomy":"post_tag","embeddable":true,"href":"https:\/\/smago.de\/ws2\/wp-json\/wp\/v2\/tags?post=201636"}],"curies":[{"name":"wp","href":"https:\/\/api.w.org\/{rel}","templated":true}]}}