{"id":201603,"date":"2023-05-10T00:00:08","date_gmt":"2023-05-09T22:00:08","guid":{"rendered":"https:\/\/smago.de\/ws2\/?p=201603"},"modified":"2023-05-12T14:50:19","modified_gmt":"2023-05-12T12:50:19","slug":"andreas-zaron-landet-er-mit-schubidu-shanana-den-hit-seines-lebens-als-solo-kuenstler","status":"publish","type":"post","link":"https:\/\/smago.de\/ws2\/pop-schlager\/andreas-zaron-landet-er-mit-schubidu-shanana-den-hit-seines-lebens-als-solo-kuenstler\/","title":{"rendered":"ANDREAS ZARON <br>Landet er mit &#8222;Schubidu &#038; Shanana&#8220; den Hit seines Lebens (als Solo-K\u00fcnstler)?"},"content":{"rendered":"<p>Titel- und Video-Ver\u00f6ffentlichung erfolgen zum 12.05.2023 via KLONDIKE Records &amp; Songs!<br \/>\n<!--more--><\/p>\n<p>&nbsp;<\/p>\n<p style=\"text-align: justify;\">Gummitwist und Brausepulver, Hippies und Pril-Blumen, Fahrradfahren ohne Helm, und Autofahren ohne Gurt.\u00a0Der ESC hie\u00df noch Grand Prix, Twix hie\u00df Raider\u00a0und statt Streams h\u00f6rte man die neuesten Hits im Radio oder auf kleinen schwarzen Scheiben, die man vom sauer ersparten Taschengeld erstand:<\/p>\n<p style=\"text-align: justify;\"><em>&#8222;Wir war\u2018n Helden, nur kein Neid<\/em><br \/>\n<em>damals in der guten, alten Zeit<\/em><br \/>\n<em>ohne Handy, ohne Internet<\/em><br \/>\n<em>haben wir doch tats\u00e4chlich \u00fcberlebt.&#8220;<\/em><\/p>\n<p>&nbsp;<\/p>\n<p style=\"text-align: justify;\">Mit diesen Worten beginnt der neueste, autobiografische, Song von Andreas Zaron. Ein authentischer Sixties-Beat und ein typisches Gitarrenriff katapultieren den H\u00f6rer gleich mittenrein in die besten Zeiten der \u201cZDF-Hitparade\u201d und \u201cDisco\u201d. Musikalische Zitate, mehrstimmige Engelsch\u00f6re und ein Ohrwurm-Hook lassen die sp\u00e4ten 60er und fr\u00fchen 70er lebendig werden, in denen Flipper, Captain Kirk und Bezaubernde Jeannie unsere kollektiven Helden waren. Wer das damals nicht pers\u00f6nlich erlebt hat, kann mit dem Song dieser bunten Zeit nachsp\u00fcren.<\/p>\n<p>F\u00fcr das Video haben sich Zaron und sein Klondike-Team diesmal einen ganz besonderen Clou ausgedacht: Zur Unterst\u00fctzung wurden sechs attraktive Chor-Girls &amp; Boys engagiert, die jedes Fernsehballett an die Wand tanzen.<\/p>\n<p>Der Song und das Video sind absolute Gute-Laune-Garanten, und wer wei\u00df? Vielleicht wird \u201cSchubidu &amp; Shanana\u201d in 50 Jahren selbst ein Oldie? Auch wenn sich die Welt um uns herum ver\u00e4ndert, bleibt die Botschaft \u00a0des Songs doch immer aktuell: \u201cSie ist immer Jetzt, die gute, alte Zeit\u201d!<\/p>\n<p>\u201eSchubidu &amp; Shanana\u201c &#8211; in alle Ewigkeit!<\/p>\n<p>&nbsp;<\/p>\n<p>&nbsp;<\/p>\n<p><iframe loading=\"lazy\" src=\"\/\/www.youtube.com\/embed\/oDdrZzbW6lo\" width=\"800\" height=\"449\" allowfullscreen=\"allowfullscreen\"><\/iframe><\/p>\n<p>&nbsp;<\/p>\n<p>&nbsp;<\/p>\n<p>&nbsp;<\/p>\n<p><img decoding=\"async\" loading=\"lazy\" class=\"alignnone size-large wp-image-201605\" src=\"https:\/\/smago.de\/ws2\/wp-content\/uploads\/2023\/05\/Cover-Schubidu-R-2-800x800.jpg\" alt=\"\" width=\"800\" height=\"800\" srcset=\"https:\/\/smago.de\/ws2\/wp-content\/uploads\/2023\/05\/Cover-Schubidu-R-2-800x800.jpg 800w, https:\/\/smago.de\/ws2\/wp-content\/uploads\/2023\/05\/Cover-Schubidu-R-2-522x522.jpg 522w, https:\/\/smago.de\/ws2\/wp-content\/uploads\/2023\/05\/Cover-Schubidu-R-2-150x150.jpg 150w, https:\/\/smago.de\/ws2\/wp-content\/uploads\/2023\/05\/Cover-Schubidu-R-2-768x768.jpg 768w, https:\/\/smago.de\/ws2\/wp-content\/uploads\/2023\/05\/Cover-Schubidu-R-2-272x272.jpg 272w, https:\/\/smago.de\/ws2\/wp-content\/uploads\/2023\/05\/Cover-Schubidu-R-2-600x600.jpg 600w, https:\/\/smago.de\/ws2\/wp-content\/uploads\/2023\/05\/Cover-Schubidu-R-2-130x130.jpg 130w, https:\/\/smago.de\/ws2\/wp-content\/uploads\/2023\/05\/Cover-Schubidu-R-2-445x445.jpg 445w, https:\/\/smago.de\/ws2\/wp-content\/uploads\/2023\/05\/Cover-Schubidu-R-2-190x190.jpg 190w, https:\/\/smago.de\/ws2\/wp-content\/uploads\/2023\/05\/Cover-Schubidu-R-2-290x290.jpg 290w, https:\/\/smago.de\/ws2\/wp-content\/uploads\/2023\/05\/Cover-Schubidu-R-2.jpg 1417w\" sizes=\"(max-width: 800px) 100vw, 800px\" \/><\/p>\n","protected":false},"excerpt":{"rendered":"<p>Titel- und Video-Ver\u00f6ffentlichung erfolgen zum 12.05.2023 via KLONDIKE Records &amp; Songs!<\/p>\n","protected":false},"author":2,"featured_media":201604,"comment_status":"open","ping_status":"closed","sticky":false,"template":"","format":"standard","meta":{"_FSMCFIC_featured_image_caption":"","_FSMCFIC_featured_image_nocaption":"","_FSMCFIC_featured_image_hide":""},"categories":[28,39],"tags":[952],"acf":[],"_links":{"self":[{"href":"https:\/\/smago.de\/ws2\/wp-json\/wp\/v2\/posts\/201603"}],"collection":[{"href":"https:\/\/smago.de\/ws2\/wp-json\/wp\/v2\/posts"}],"about":[{"href":"https:\/\/smago.de\/ws2\/wp-json\/wp\/v2\/types\/post"}],"author":[{"embeddable":true,"href":"https:\/\/smago.de\/ws2\/wp-json\/wp\/v2\/users\/2"}],"replies":[{"embeddable":true,"href":"https:\/\/smago.de\/ws2\/wp-json\/wp\/v2\/comments?post=201603"}],"version-history":[{"count":2,"href":"https:\/\/smago.de\/ws2\/wp-json\/wp\/v2\/posts\/201603\/revisions"}],"predecessor-version":[{"id":201800,"href":"https:\/\/smago.de\/ws2\/wp-json\/wp\/v2\/posts\/201603\/revisions\/201800"}],"wp:featuredmedia":[{"embeddable":true,"href":"https:\/\/smago.de\/ws2\/wp-json\/wp\/v2\/media\/201604"}],"wp:attachment":[{"href":"https:\/\/smago.de\/ws2\/wp-json\/wp\/v2\/media?parent=201603"}],"wp:term":[{"taxonomy":"category","embeddable":true,"href":"https:\/\/smago.de\/ws2\/wp-json\/wp\/v2\/categories?post=201603"},{"taxonomy":"post_tag","embeddable":true,"href":"https:\/\/smago.de\/ws2\/wp-json\/wp\/v2\/tags?post=201603"}],"curies":[{"name":"wp","href":"https:\/\/api.w.org\/{rel}","templated":true}]}}