{"id":201549,"date":"2023-05-09T00:00:29","date_gmt":"2023-05-08T22:00:29","guid":{"rendered":"https:\/\/smago.de\/ws2\/?p=201549"},"modified":"2023-05-10T21:51:20","modified_gmt":"2023-05-10T19:51:20","slug":"esc-3","status":"publish","type":"post","link":"https:\/\/smago.de\/ws2\/uncategorized\/esc-3\/","title":{"rendered":"\u201cEUROVISION SONG CONTEST 2023\u201d <br>smago! top-exklusiv: 1. Semifinale \u2013 \u201cEine Vorschau\u201d (3\/3) \u2013 von Frank Ehrlacher!"},"content":{"rendered":"<p><span style=\"font-size: 16px;\">Irland \u2013 Kroatien \u2013 Schweiz \u2013 Israel \u2013 Moldau &#8230;:<\/span><!--more--><\/p>\n<p>&nbsp;<\/p>\n<p>&nbsp;<\/p>\n<p style=\"text-align: justify;\"><strong><span style=\"color: #ff0000;\">BITTE BEACHTEN SIE: Um Ihnen m\u00f6glichst ALLE K\u00fcnstler-Fotos zeigen zu k\u00f6nnen, haben wir den Beitrag von Frank Ehrlacher quasi &#8222;dreigeteilt&#8220; &#8230;<\/span><span style=\"color: #ff0000;\"><br \/>\n<\/span><\/strong><\/p>\n<p>&nbsp;<\/p>\n<p>&nbsp;<\/p>\n<p>&nbsp;<\/p>\n<p style=\"text-align: justify;\">Der 67. Eurovision Song Contest geht am kommenden Samstag um 21:00 Uhr in Liverpool \u00fcber die B\u00fchne \u2013 und es ist in einer besonderen Hinsicht eine Premiere: Zum ersten Mal richtet ein Land den ESC in einem anderen Land auf. Nat\u00fcrlich gab es schon Jahre, in denen der Gewinner (Monaco 1971, Israel 1979) aus finanziellen oder technischen Gr\u00fcnden darum gebeten hat, den Contest im Folgejahr nicht ausrichten zu m\u00fcssen \u2013 aber nach dem Sieg des Kalush Orchestras f\u00fcr die Ukraine im vergangenen Jahr war relativ schnell klar, dass eine gesicherte Ausrichtung im Siegerland 2023 nicht m\u00f6glich sein wird. Die britische BBC sprang ein \u2013 aber nicht als Nachfolger aufgrund ihres zweiten Platzes in Turin, sondern, wie man sich offiziell auf die Sprachweise einigte, &#8222;on Behalf&#8220; also &#8222;im Namen&#8220; der Ukraine.<\/p>\n<p style=\"text-align: justify;\">So werden sich in den Shows am Dienstag-, Donnerstag- und Samstagabend auch viele ukrainische Elemente finden und mit <a href=\"https:\/\/de.wikipedia.org\/wiki\/Julija_Sanina\">Julija Sanina<\/a> auch eine ukrainische (Co-)Moderatorin und einige ukrainische K\u00fcnstler in den Abstimmungspausen.<\/p>\n<p style=\"text-align: justify;\">37 L\u00e4nder haben dieses Mal Beitr\u00e4ge entsandt \u2013 Bulgarien, Montenegro und Nordmazedonien, die im Vorjahr noch dabei waren, haben ihre Teilnahme abgesagt. Das Verfahren f\u00fcr die Teilnehmer bleibt zun\u00e4chst gleich: Die &#8222;Big 5&#8220;, die f\u00fcnf gr\u00f6\u00dften Beitragszahler der EBU \u2013 Deutschland, Frankreich, Gro\u00dfbritannien, Italien und Spanien &#8211; , sind vorab f\u00fcrs Finale ebenso gesetzt wie Vorjahressieger Ukraine. Die verbleibenden 31 L\u00e4nder m\u00fcssen sich in zwei Semifinals beweisen, am Dienstag 15, am Donnerstag 16 Acts \u2013 jeweils die besten 10 kommen weiter.<\/p>\n<p style=\"text-align: justify;\">Neu ist in diesem Jahr, dass es im Finale zwar weiterhin ein 50:50 Voting aus nationalen Jurys und Publikumsstimmen geben wird, in den Halbfinals aber nur die Zuschauer mit ihrem Anruf oder per App entscheiden. Die &#8222;Big 5&#8220; wurden hier zugelost, so wird Deutschland am Dienstag stimmberechtigt sein. Die ARD \u00fcbertr\u00e4gt die Halbfinals bei ARD One und online.<\/p>\n<p style=\"text-align: justify;\">Neu ist dieses Jahr leider auch, dass uns Journalisten kein Zugang zu den Einzelproben in der Woche vor dem Contest gew\u00e4hrt wurde \u2013 dieser wurde von Jahr zu Jahr weiter eingeschr\u00e4nkt: Normalerweise bekommt jedes Land an 2 Tagen jeweils 20 Minuten Probenzeit und kann den Beitrag 3 mal testen, ob er so auf die gro\u00dfe B\u00fchne passt \u2013 wobei die Choreographie ohnehin schon im Heimatland steht, es geht da nur noch um Details und darum, ob die Kamerafahrten auf der gro\u00dfen B\u00fchne funktionieren. Offiziell argumentiert die Europ\u00e4ische Rundfunkunion EBU, man wolle die K\u00fcnstler &#8222;ungest\u00f6rter&#8220; proben lassen \u2013 in Liverpool h\u00f6rt man aber vor allem Unzufriedenheit der K\u00fcnstler, dass sie so kein Feedback im Vorfeld mehr bekommen und verweist auf einen Exklusivvertrag mit dem Netzwerk TikTok, das dann auch als einziger von der ersten Probenwoche berichten durfte.<\/p>\n<p style=\"text-align: justify;\">Zwischen den Beitr\u00e4gen gibt es kleine Einspielfilme, die teils in der Ukraine, teils in Gro\u00dfbritannien aber auch in anderen Teilnehmerl\u00e4ndern gedreht wurden und die Gemeinsamkeiten zwischen den L\u00e4ndern und der Ukraine zeigen sollen.<\/p>\n<p style=\"text-align: justify;\">Im Opener zur Show feiert sich die Ausrichter-Stadt Liverpool erst einmal selbst, in dem sie zeigt, wie sich die Bewohner der Stadt freuten, als es hie\u00df &#8222;Eurovision is coming to Liverpool&#8220; \u2013 als Gegenschnitt Bilder von traurigen Ukrainern und der Vers\u00f6hnung mit blau-gelber Torte.<\/p>\n<p style=\"text-align: justify;\">Das 1. Halbfinale ist \u00fcbrigens in meinen Augen und Ohren das deutlich st\u00e4rker besetzte hier in Liverpool &#8230;<\/p>\n<p>&nbsp;<\/p>\n<p>&nbsp;<\/p>\n<div class=\"mceTemp\"><\/div>\n<figure id=\"attachment_201565\" aria-describedby=\"caption-attachment-201565\" style=\"width: 522px\" class=\"wp-caption alignnone\"><img decoding=\"async\" loading=\"lazy\" class=\"size-medium wp-image-201565\" src=\"https:\/\/smago.de\/ws2\/wp-content\/uploads\/2099\/05\/11-Schweden-230430_CHLOEHASHEMI-EBU-0457-522x348.jpg\" alt=\"\" width=\"522\" height=\"348\" srcset=\"https:\/\/smago.de\/ws2\/wp-content\/uploads\/2099\/05\/11-Schweden-230430_CHLOEHASHEMI-EBU-0457-522x348.jpg 522w, https:\/\/smago.de\/ws2\/wp-content\/uploads\/2099\/05\/11-Schweden-230430_CHLOEHASHEMI-EBU-0457-800x533.jpg 800w, https:\/\/smago.de\/ws2\/wp-content\/uploads\/2099\/05\/11-Schweden-230430_CHLOEHASHEMI-EBU-0457-225x150.jpg 225w, https:\/\/smago.de\/ws2\/wp-content\/uploads\/2099\/05\/11-Schweden-230430_CHLOEHASHEMI-EBU-0457-768x512.jpg 768w, https:\/\/smago.de\/ws2\/wp-content\/uploads\/2099\/05\/11-Schweden-230430_CHLOEHASHEMI-EBU-0457-1536x1024.jpg 1536w, https:\/\/smago.de\/ws2\/wp-content\/uploads\/2099\/05\/11-Schweden-230430_CHLOEHASHEMI-EBU-0457-392x261.jpg 392w, https:\/\/smago.de\/ws2\/wp-content\/uploads\/2099\/05\/11-Schweden-230430_CHLOEHASHEMI-EBU-0457-130x87.jpg 130w, https:\/\/smago.de\/ws2\/wp-content\/uploads\/2099\/05\/11-Schweden-230430_CHLOEHASHEMI-EBU-0457-668x445.jpg 668w, https:\/\/smago.de\/ws2\/wp-content\/uploads\/2099\/05\/11-Schweden-230430_CHLOEHASHEMI-EBU-0457-783x522.jpg 783w, https:\/\/smago.de\/ws2\/wp-content\/uploads\/2099\/05\/11-Schweden-230430_CHLOEHASHEMI-EBU-0457-285x190.jpg 285w, https:\/\/smago.de\/ws2\/wp-content\/uploads\/2099\/05\/11-Schweden-230430_CHLOEHASHEMI-EBU-0457-435x290.jpg 435w, https:\/\/smago.de\/ws2\/wp-content\/uploads\/2099\/05\/11-Schweden-230430_CHLOEHASHEMI-EBU-0457-150x100.jpg 150w, https:\/\/smago.de\/ws2\/wp-content\/uploads\/2099\/05\/11-Schweden-230430_CHLOEHASHEMI-EBU-0457-370x247.jpg 370w, https:\/\/smago.de\/ws2\/wp-content\/uploads\/2099\/05\/11-Schweden-230430_CHLOEHASHEMI-EBU-0457.jpg 2000w\" sizes=\"(max-width: 522px) 100vw, 522px\" \/><figcaption id=\"caption-attachment-201565\" class=\"wp-caption-text\"><em>Foto-Credit: EBU \/ Chloe Hashemi<\/em><\/figcaption><\/figure>\n<p style=\"text-align: justify;\">Auch Loreen aus <strong>Schweden<\/strong> ist ESC-Wiederholungst\u00e4terin aus dem Jahr 2012 \u2013 allerdings mit noch mehr Erfolg, 2012 gewann sie den &#8222;Grand Prix&#8220; mit &#8222;Euphoria&#8220; und schaffte einen europaweiten Hit. Daran will sie musikalisch wie erfolgstechnisch ankn\u00fcpfen \u2013 ihre damaligen Autoren Thomas G:son und Peter Bostr\u00f6m \u2013 letztgenannter als Mixer auch mitverantwortlich f\u00fcr Helene Fischers &#8222;Atemlos durch die Nacht&#8220;, sind bei &#8222;Tattoo&#8220; ebenfalls 2 von 6 Autoren. Eine aufw\u00e4ndige Performance, bei der die einen meinen, sie dr\u00fcckt die Zimmerdecke hoch, die anderen, sie r\u00e4kele sich in einem \u00fcberdimensionalen Solarium. In jedem Fall bleiben Performance und Song h\u00e4ngen und sorgen daf\u00fcr, dass sie \u2013 wenn es nach den Buchmachern geht \u2013 den ESC 2023 fast schon gewonnen hat&#8230; abwarten \u2013 ich habe in den vergangenen 40 Jahren schon ganz andere Favoriten scheitern sehen.<\/p>\n<p style=\"text-align: justify;\">Prognose: Das Finale ist sicher und sie k\u00e4mpft um den Sieg.<\/p>\n<figure id=\"attachment_201566\" aria-describedby=\"caption-attachment-201566\" style=\"width: 522px\" class=\"wp-caption alignnone\"><img decoding=\"async\" loading=\"lazy\" class=\"size-medium wp-image-201566\" src=\"https:\/\/smago.de\/ws2\/wp-content\/uploads\/2099\/05\/12-Aserbaidschan-230430_CHLOEHASHEMI-EBU-0466-522x348.jpg\" alt=\"\" width=\"522\" height=\"348\" srcset=\"https:\/\/smago.de\/ws2\/wp-content\/uploads\/2099\/05\/12-Aserbaidschan-230430_CHLOEHASHEMI-EBU-0466-522x348.jpg 522w, https:\/\/smago.de\/ws2\/wp-content\/uploads\/2099\/05\/12-Aserbaidschan-230430_CHLOEHASHEMI-EBU-0466-800x533.jpg 800w, https:\/\/smago.de\/ws2\/wp-content\/uploads\/2099\/05\/12-Aserbaidschan-230430_CHLOEHASHEMI-EBU-0466-225x150.jpg 225w, https:\/\/smago.de\/ws2\/wp-content\/uploads\/2099\/05\/12-Aserbaidschan-230430_CHLOEHASHEMI-EBU-0466-768x512.jpg 768w, https:\/\/smago.de\/ws2\/wp-content\/uploads\/2099\/05\/12-Aserbaidschan-230430_CHLOEHASHEMI-EBU-0466-1536x1024.jpg 1536w, https:\/\/smago.de\/ws2\/wp-content\/uploads\/2099\/05\/12-Aserbaidschan-230430_CHLOEHASHEMI-EBU-0466-392x261.jpg 392w, https:\/\/smago.de\/ws2\/wp-content\/uploads\/2099\/05\/12-Aserbaidschan-230430_CHLOEHASHEMI-EBU-0466-130x87.jpg 130w, https:\/\/smago.de\/ws2\/wp-content\/uploads\/2099\/05\/12-Aserbaidschan-230430_CHLOEHASHEMI-EBU-0466-668x445.jpg 668w, https:\/\/smago.de\/ws2\/wp-content\/uploads\/2099\/05\/12-Aserbaidschan-230430_CHLOEHASHEMI-EBU-0466-783x522.jpg 783w, https:\/\/smago.de\/ws2\/wp-content\/uploads\/2099\/05\/12-Aserbaidschan-230430_CHLOEHASHEMI-EBU-0466-285x190.jpg 285w, https:\/\/smago.de\/ws2\/wp-content\/uploads\/2099\/05\/12-Aserbaidschan-230430_CHLOEHASHEMI-EBU-0466-435x290.jpg 435w, https:\/\/smago.de\/ws2\/wp-content\/uploads\/2099\/05\/12-Aserbaidschan-230430_CHLOEHASHEMI-EBU-0466-150x100.jpg 150w, https:\/\/smago.de\/ws2\/wp-content\/uploads\/2099\/05\/12-Aserbaidschan-230430_CHLOEHASHEMI-EBU-0466-370x247.jpg 370w, https:\/\/smago.de\/ws2\/wp-content\/uploads\/2099\/05\/12-Aserbaidschan-230430_CHLOEHASHEMI-EBU-0466.jpg 2000w\" sizes=\"(max-width: 522px) 100vw, 522px\" \/><figcaption id=\"caption-attachment-201566\" class=\"wp-caption-text\"><em>Foto-Credit: EBU \/ Chloe Hashemi<\/em><\/figcaption><\/figure>\n<p style=\"text-align: justify;\"><strong>Aserbaidschan<\/strong> bediente sich in den vergangenen Jahren vorwiegend schwedischer Autoren f\u00fcr ihre Beitr\u00e4ge \u2013 so auch beim einzigen Sieg des Landes 2011 in D\u00fcsseldorf. Umso stolzer ist man, dass der diesj\u00e4hrige Beitrag des Duos TuralTuranX komplett im Land entstanden ist. Guter Gitarrenpop mit Ankl\u00e4ngen an die 1970er Jahre ist es, was die beiden abliefern \u2013 sch\u00f6n, gef\u00e4llig, aber ohne jeden H\u00f6hepunkt.<\/p>\n<p style=\"text-align: justify;\">Prognose:\u00a0 Schade drum w\u00e4re es definitiv \u2013 aber f\u00fcr den Finaleinzug wird das knapp und ich glaube eher, knapp drau\u00dfen.<\/p>\n<figure id=\"attachment_201567\" aria-describedby=\"caption-attachment-201567\" style=\"width: 522px\" class=\"wp-caption alignnone\"><img decoding=\"async\" loading=\"lazy\" class=\"size-medium wp-image-201567\" src=\"https:\/\/smago.de\/ws2\/wp-content\/uploads\/2099\/05\/13-Tschechien-230430_CHLOEHASHEMI-EBU-0475-522x348.jpg\" alt=\"\" width=\"522\" height=\"348\" srcset=\"https:\/\/smago.de\/ws2\/wp-content\/uploads\/2099\/05\/13-Tschechien-230430_CHLOEHASHEMI-EBU-0475-522x348.jpg 522w, https:\/\/smago.de\/ws2\/wp-content\/uploads\/2099\/05\/13-Tschechien-230430_CHLOEHASHEMI-EBU-0475-800x533.jpg 800w, https:\/\/smago.de\/ws2\/wp-content\/uploads\/2099\/05\/13-Tschechien-230430_CHLOEHASHEMI-EBU-0475-225x150.jpg 225w, https:\/\/smago.de\/ws2\/wp-content\/uploads\/2099\/05\/13-Tschechien-230430_CHLOEHASHEMI-EBU-0475-768x512.jpg 768w, https:\/\/smago.de\/ws2\/wp-content\/uploads\/2099\/05\/13-Tschechien-230430_CHLOEHASHEMI-EBU-0475-1536x1024.jpg 1536w, https:\/\/smago.de\/ws2\/wp-content\/uploads\/2099\/05\/13-Tschechien-230430_CHLOEHASHEMI-EBU-0475-392x261.jpg 392w, https:\/\/smago.de\/ws2\/wp-content\/uploads\/2099\/05\/13-Tschechien-230430_CHLOEHASHEMI-EBU-0475-130x87.jpg 130w, https:\/\/smago.de\/ws2\/wp-content\/uploads\/2099\/05\/13-Tschechien-230430_CHLOEHASHEMI-EBU-0475-668x445.jpg 668w, https:\/\/smago.de\/ws2\/wp-content\/uploads\/2099\/05\/13-Tschechien-230430_CHLOEHASHEMI-EBU-0475-783x522.jpg 783w, https:\/\/smago.de\/ws2\/wp-content\/uploads\/2099\/05\/13-Tschechien-230430_CHLOEHASHEMI-EBU-0475-285x190.jpg 285w, https:\/\/smago.de\/ws2\/wp-content\/uploads\/2099\/05\/13-Tschechien-230430_CHLOEHASHEMI-EBU-0475-435x290.jpg 435w, https:\/\/smago.de\/ws2\/wp-content\/uploads\/2099\/05\/13-Tschechien-230430_CHLOEHASHEMI-EBU-0475-150x100.jpg 150w, https:\/\/smago.de\/ws2\/wp-content\/uploads\/2099\/05\/13-Tschechien-230430_CHLOEHASHEMI-EBU-0475-370x247.jpg 370w, https:\/\/smago.de\/ws2\/wp-content\/uploads\/2099\/05\/13-Tschechien-230430_CHLOEHASHEMI-EBU-0475.jpg 2000w\" sizes=\"(max-width: 522px) 100vw, 522px\" \/><figcaption id=\"caption-attachment-201567\" class=\"wp-caption-text\"><em>Foto-Credit: EBU \/ Chloe Hashemi<\/em><\/figcaption><\/figure>\n<p style=\"text-align: justify;\">Kl\u00e4nge, die man eher aus slawischen L\u00e4ndern gew\u00fcnscht ist, kommen 2023 aus <strong>Tschechien<\/strong> \u2013 mit einem mantraartigen Refrain, der mich entfernt an den letztj\u00e4hrigen ESC-Geheimhit aus Serbien (wer erinnert sich an das kollektive H\u00e4ndewaschen) denken l\u00e4sst. Vesna sind 6 Damen in rosa-pink mit langen Z\u00f6pfen, die in einigen Passagen auch einem Nonnenchor entsprungen sein k\u00f6nnten. Textlich handelt der Song vom Zusammenhalt zwischen Frauen und Schwestern, sollte aber nach Aussage der Band gerne auch auf Menschen jeden Geschlechts und den Zusammenhalt der Menschen unter- und miteinander \u00fcbertragen werden.<\/p>\n<p style=\"text-align: justify;\">Prognose: Anders, auff\u00e4llig, passt. Ein Final-Platz f\u00fcr Tschechien sollte gesichert sein.<\/p>\n<figure id=\"attachment_201568\" aria-describedby=\"caption-attachment-201568\" style=\"width: 522px\" class=\"wp-caption alignnone\"><img decoding=\"async\" loading=\"lazy\" class=\"size-medium wp-image-201568\" src=\"https:\/\/smago.de\/ws2\/wp-content\/uploads\/2099\/05\/14-Niederlande-230430_CHLOEHASHEMI-EBU-0499-522x348.jpg\" alt=\"\" width=\"522\" height=\"348\" srcset=\"https:\/\/smago.de\/ws2\/wp-content\/uploads\/2099\/05\/14-Niederlande-230430_CHLOEHASHEMI-EBU-0499-522x348.jpg 522w, https:\/\/smago.de\/ws2\/wp-content\/uploads\/2099\/05\/14-Niederlande-230430_CHLOEHASHEMI-EBU-0499-800x533.jpg 800w, https:\/\/smago.de\/ws2\/wp-content\/uploads\/2099\/05\/14-Niederlande-230430_CHLOEHASHEMI-EBU-0499-225x150.jpg 225w, https:\/\/smago.de\/ws2\/wp-content\/uploads\/2099\/05\/14-Niederlande-230430_CHLOEHASHEMI-EBU-0499-768x512.jpg 768w, https:\/\/smago.de\/ws2\/wp-content\/uploads\/2099\/05\/14-Niederlande-230430_CHLOEHASHEMI-EBU-0499-1536x1024.jpg 1536w, https:\/\/smago.de\/ws2\/wp-content\/uploads\/2099\/05\/14-Niederlande-230430_CHLOEHASHEMI-EBU-0499-392x261.jpg 392w, https:\/\/smago.de\/ws2\/wp-content\/uploads\/2099\/05\/14-Niederlande-230430_CHLOEHASHEMI-EBU-0499-130x87.jpg 130w, https:\/\/smago.de\/ws2\/wp-content\/uploads\/2099\/05\/14-Niederlande-230430_CHLOEHASHEMI-EBU-0499-668x445.jpg 668w, https:\/\/smago.de\/ws2\/wp-content\/uploads\/2099\/05\/14-Niederlande-230430_CHLOEHASHEMI-EBU-0499-783x522.jpg 783w, https:\/\/smago.de\/ws2\/wp-content\/uploads\/2099\/05\/14-Niederlande-230430_CHLOEHASHEMI-EBU-0499-285x190.jpg 285w, https:\/\/smago.de\/ws2\/wp-content\/uploads\/2099\/05\/14-Niederlande-230430_CHLOEHASHEMI-EBU-0499-435x290.jpg 435w, https:\/\/smago.de\/ws2\/wp-content\/uploads\/2099\/05\/14-Niederlande-230430_CHLOEHASHEMI-EBU-0499-150x100.jpg 150w, https:\/\/smago.de\/ws2\/wp-content\/uploads\/2099\/05\/14-Niederlande-230430_CHLOEHASHEMI-EBU-0499-370x247.jpg 370w, https:\/\/smago.de\/ws2\/wp-content\/uploads\/2099\/05\/14-Niederlande-230430_CHLOEHASHEMI-EBU-0499.jpg 2000w\" sizes=\"(max-width: 522px) 100vw, 522px\" \/><figcaption id=\"caption-attachment-201568\" class=\"wp-caption-text\"><em>Foto-Credit: EBU \/ Chloe Hashemi<\/em><\/figcaption><\/figure>\n<p style=\"text-align: justify;\">Auf Nummer Sicher gehen wollten die <strong>Niederlande <\/strong>und lie\u00dfen 2019er Sieger Duncan Lawrence den Song f\u00fcr Mia Nicolai und Dion Cooper schreiben \u2013 die beiden wurden extra f\u00fcr diesen Song gecastet. Allerdings zeigte sich im Vorfeld auf diversen Auftritten, dass ihre Stimmen nicht wirklich harmonierten und es kam zum Eklat: Das niederl\u00e4ndische Fernsehen gab \u00f6ffentlich bekannt, mit den beiden intensiv an der Nummer zu arbeiten \u2013 und Jan(tje) Smit, der seit 10 Jahren im Auswahlkomitee sa\u00df, gab bekannt, dass er die niederl\u00e4ndischen ESC-Bem\u00fchungen nicht weiter unterst\u00fctzen werde und von Anfang an gegen den Song war &#8211; und trat \u00f6ffentlichkeitswirksam aus dem Gremium aus. Immerhin: Bei den Proben zeigten die beiden, dass sie die Nummer stimmlich stemmen k\u00f6nnen.<\/p>\n<p style=\"text-align: justify;\">Prognose: Schwere B\u00fcrde, schwere H\u00fcrde. Sollte es zur Qualifikation f\u00fcrs Finale reichen, dann wohl nur aufgrund der g\u00fcnstigen hinteren Startnr., die gerade beim Televoting immer einen Vorteil bietet.<\/p>\n<figure id=\"attachment_201569\" aria-describedby=\"caption-attachment-201569\" style=\"width: 522px\" class=\"wp-caption alignnone\"><img decoding=\"async\" loading=\"lazy\" class=\"size-medium wp-image-201569\" src=\"https:\/\/smago.de\/ws2\/wp-content\/uploads\/2099\/05\/15-Finland-230430_CHLOEHASHEMI-EBU-0514-522x348.jpg\" alt=\"\" width=\"522\" height=\"348\" srcset=\"https:\/\/smago.de\/ws2\/wp-content\/uploads\/2099\/05\/15-Finland-230430_CHLOEHASHEMI-EBU-0514-522x348.jpg 522w, https:\/\/smago.de\/ws2\/wp-content\/uploads\/2099\/05\/15-Finland-230430_CHLOEHASHEMI-EBU-0514-800x533.jpg 800w, https:\/\/smago.de\/ws2\/wp-content\/uploads\/2099\/05\/15-Finland-230430_CHLOEHASHEMI-EBU-0514-225x150.jpg 225w, https:\/\/smago.de\/ws2\/wp-content\/uploads\/2099\/05\/15-Finland-230430_CHLOEHASHEMI-EBU-0514-768x512.jpg 768w, https:\/\/smago.de\/ws2\/wp-content\/uploads\/2099\/05\/15-Finland-230430_CHLOEHASHEMI-EBU-0514-1536x1024.jpg 1536w, https:\/\/smago.de\/ws2\/wp-content\/uploads\/2099\/05\/15-Finland-230430_CHLOEHASHEMI-EBU-0514-392x261.jpg 392w, https:\/\/smago.de\/ws2\/wp-content\/uploads\/2099\/05\/15-Finland-230430_CHLOEHASHEMI-EBU-0514-130x87.jpg 130w, https:\/\/smago.de\/ws2\/wp-content\/uploads\/2099\/05\/15-Finland-230430_CHLOEHASHEMI-EBU-0514-668x445.jpg 668w, https:\/\/smago.de\/ws2\/wp-content\/uploads\/2099\/05\/15-Finland-230430_CHLOEHASHEMI-EBU-0514-783x522.jpg 783w, https:\/\/smago.de\/ws2\/wp-content\/uploads\/2099\/05\/15-Finland-230430_CHLOEHASHEMI-EBU-0514-285x190.jpg 285w, https:\/\/smago.de\/ws2\/wp-content\/uploads\/2099\/05\/15-Finland-230430_CHLOEHASHEMI-EBU-0514-435x290.jpg 435w, https:\/\/smago.de\/ws2\/wp-content\/uploads\/2099\/05\/15-Finland-230430_CHLOEHASHEMI-EBU-0514-150x100.jpg 150w, https:\/\/smago.de\/ws2\/wp-content\/uploads\/2099\/05\/15-Finland-230430_CHLOEHASHEMI-EBU-0514-370x247.jpg 370w, https:\/\/smago.de\/ws2\/wp-content\/uploads\/2099\/05\/15-Finland-230430_CHLOEHASHEMI-EBU-0514.jpg 2000w\" sizes=\"(max-width: 522px) 100vw, 522px\" \/><figcaption id=\"caption-attachment-201569\" class=\"wp-caption-text\"><em>Foto-Credit: EBU \/ Chloe Hashemi<\/em><\/figcaption><\/figure>\n<p style=\"text-align: justify;\">Finish with The <strong>Finnish<\/strong>:<\/p>\n<p>In Neongr\u00fcn und knallpink tanzt Rapper K\u00e4\u00e4rij\u00e4 mi tuns einen Cha Cha, der alles ist \u2013 nur kein Cha Cha. Am Anfang grunzt er aus dem K\u00e4fig einen Hardcore Rap auf Finnisch (nicht gerade die melodischste unter den europ\u00e4ischen Sprachen) und erst nach 1 Minute 47 ist so etwas wie eine Melodie, die im Ohr h\u00e4ngen bleibt, zu erkennen. Da ein ESC-Song bekanntlich nur 3 Minuten dauern darf, ein bisschen sp\u00e4t f\u00fcr gr\u00f6\u00dfere Ambitionen.<\/p>\n<p style=\"text-align: justify;\">Prognose: Bei den Buchmachern liegt Finnland auf Platz 2. Das scheint mir \u00fcberbewertet. Ins Finale schaffen sie es locker.<\/p>\n<p style=\"text-align: justify;\"><strong>W\u00e4hrend Europa abstimmt, gibt es dann im 1. Halbfinale noch 3 der Big 5: Die Beitr\u00e4ge aus Frankreich, Italien und von &#8222;Lord Of The Lost&#8220; aus Deutschland. Eins nehme ich vorweg: Einer der 3 z\u00e4hlt \u2013 neben den oben genannten Buchmacherlieblingen \u2013 zu meinen absoluten Favoriten. Welchen, erz\u00e4hle ich dann in der Finalvorschau &#8230;<\/strong><\/p>\n","protected":false},"excerpt":{"rendered":"<p>Irland \u2013 Kroatien \u2013 Schweiz \u2013 Israel \u2013 Moldau &#8230;:<\/p>\n","protected":false},"author":2,"featured_media":201491,"comment_status":"open","ping_status":"closed","sticky":false,"template":"","format":"standard","meta":{"_FSMCFIC_featured_image_caption":"","_FSMCFIC_featured_image_nocaption":"","_FSMCFIC_featured_image_hide":""},"categories":[1],"tags":[85],"acf":[],"_links":{"self":[{"href":"https:\/\/smago.de\/ws2\/wp-json\/wp\/v2\/posts\/201549"}],"collection":[{"href":"https:\/\/smago.de\/ws2\/wp-json\/wp\/v2\/posts"}],"about":[{"href":"https:\/\/smago.de\/ws2\/wp-json\/wp\/v2\/types\/post"}],"author":[{"embeddable":true,"href":"https:\/\/smago.de\/ws2\/wp-json\/wp\/v2\/users\/2"}],"replies":[{"embeddable":true,"href":"https:\/\/smago.de\/ws2\/wp-json\/wp\/v2\/comments?post=201549"}],"version-history":[{"count":5,"href":"https:\/\/smago.de\/ws2\/wp-json\/wp\/v2\/posts\/201549\/revisions"}],"predecessor-version":[{"id":201661,"href":"https:\/\/smago.de\/ws2\/wp-json\/wp\/v2\/posts\/201549\/revisions\/201661"}],"wp:featuredmedia":[{"embeddable":true,"href":"https:\/\/smago.de\/ws2\/wp-json\/wp\/v2\/media\/201491"}],"wp:attachment":[{"href":"https:\/\/smago.de\/ws2\/wp-json\/wp\/v2\/media?parent=201549"}],"wp:term":[{"taxonomy":"category","embeddable":true,"href":"https:\/\/smago.de\/ws2\/wp-json\/wp\/v2\/categories?post=201549"},{"taxonomy":"post_tag","embeddable":true,"href":"https:\/\/smago.de\/ws2\/wp-json\/wp\/v2\/tags?post=201549"}],"curies":[{"name":"wp","href":"https:\/\/api.w.org\/{rel}","templated":true}]}}