{"id":201547,"date":"2023-05-09T00:00:18","date_gmt":"2023-05-08T22:00:18","guid":{"rendered":"https:\/\/smago.de\/ws2\/?p=201547"},"modified":"2023-05-10T21:50:03","modified_gmt":"2023-05-10T19:50:03","slug":"esc-2","status":"publish","type":"post","link":"https:\/\/smago.de\/ws2\/pop\/esc-2\/","title":{"rendered":"\u201cEUROVISION SONG CONTEST 2023\u201d <br>smago! top-exklusiv: 1. Semifinale \u2013 \u201cEine Vorschau\u201d (2\/3) \u2013 von Frank Ehrlacher!"},"content":{"rendered":"<p><span style=\"font-size: 16px;\">Irland \u2013 Kroatien \u2013 Schweiz \u2013 Israel \u2013 Moldau &#8230;:<\/span><!--more--><\/p>\n<p>&nbsp;<\/p>\n<p>&nbsp;<\/p>\n<p style=\"text-align: justify;\"><strong><span style=\"color: #ff0000;\">BITTE BEACHTEN SIE: Um Ihnen m\u00f6glichst ALLE K\u00fcnstler-Fotos zeigen zu k\u00f6nnen, haben wir den Beitrag von Frank Ehrlacher quasi &#8222;dreigeteilt&#8220; &#8230;<\/span><span style=\"color: #ff0000;\"><br \/>\n<\/span><\/strong><\/p>\n<p>&nbsp;<\/p>\n<p>&nbsp;<\/p>\n<p>&nbsp;<\/p>\n<p style=\"text-align: justify;\">Der 67. Eurovision Song Contest geht am kommenden Samstag um 21:00 Uhr in Liverpool \u00fcber die B\u00fchne \u2013 und es ist in einer besonderen Hinsicht eine Premiere: Zum ersten Mal richtet ein Land den ESC in einem anderen Land auf. Nat\u00fcrlich gab es schon Jahre, in denen der Gewinner (Monaco 1971, Israel 1979) aus finanziellen oder technischen Gr\u00fcnden darum gebeten hat, den Contest im Folgejahr nicht ausrichten zu m\u00fcssen \u2013 aber nach dem Sieg des Kalush Orchestras f\u00fcr die Ukraine im vergangenen Jahr war relativ schnell klar, dass eine gesicherte Ausrichtung im Siegerland 2023 nicht m\u00f6glich sein wird. Die britische BBC sprang ein \u2013 aber nicht als Nachfolger aufgrund ihres zweiten Platzes in Turin, sondern, wie man sich offiziell auf die Sprachweise einigte, &#8222;on Behalf&#8220; also &#8222;im Namen&#8220; der Ukraine.<\/p>\n<p style=\"text-align: justify;\">So werden sich in den Shows am Dienstag-, Donnerstag- und Samstagabend auch viele ukrainische Elemente finden und mit <a href=\"https:\/\/de.wikipedia.org\/wiki\/Julija_Sanina\">Julija Sanina<\/a> auch eine ukrainische (Co-)Moderatorin und einige ukrainische K\u00fcnstler in den Abstimmungspausen.<\/p>\n<p style=\"text-align: justify;\">37 L\u00e4nder haben dieses Mal Beitr\u00e4ge entsandt \u2013 Bulgarien, Montenegro und Nordmazedonien, die im Vorjahr noch dabei waren, haben ihre Teilnahme abgesagt. Das Verfahren f\u00fcr die Teilnehmer bleibt zun\u00e4chst gleich: Die &#8222;Big 5&#8220;, die f\u00fcnf gr\u00f6\u00dften Beitragszahler der EBU \u2013 Deutschland, Frankreich, Gro\u00dfbritannien, Italien und Spanien &#8211; , sind vorab f\u00fcrs Finale ebenso gesetzt wie Vorjahressieger Ukraine. Die verbleibenden 31 L\u00e4nder m\u00fcssen sich in zwei Semifinals beweisen, am Dienstag 15, am Donnerstag 16 Acts \u2013 jeweils die besten 10 kommen weiter.<\/p>\n<p style=\"text-align: justify;\">Neu ist in diesem Jahr, dass es im Finale zwar weiterhin ein 50:50 Voting aus nationalen Jurys und Publikumsstimmen geben wird, in den Halbfinals aber nur die Zuschauer mit ihrem Anruf oder per App entscheiden. Die &#8222;Big 5&#8220; wurden hier zugelost, so wird Deutschland am Dienstag stimmberechtigt sein. Die ARD \u00fcbertr\u00e4gt die Halbfinals bei ARD One und online.<\/p>\n<p style=\"text-align: justify;\">Neu ist dieses Jahr leider auch, dass uns Journalisten kein Zugang zu den Einzelproben in der Woche vor dem Contest gew\u00e4hrt wurde \u2013 dieser wurde von Jahr zu Jahr weiter eingeschr\u00e4nkt: Normalerweise bekommt jedes Land an 2 Tagen jeweils 20 Minuten Probenzeit und kann den Beitrag 3 mal testen, ob er so auf die gro\u00dfe B\u00fchne passt \u2013 wobei die Choreographie ohnehin schon im Heimatland steht, es geht da nur noch um Details und darum, ob die Kamerafahrten auf der gro\u00dfen B\u00fchne funktionieren. Offiziell argumentiert die Europ\u00e4ische Rundfunkunion EBU, man wolle die K\u00fcnstler &#8222;ungest\u00f6rter&#8220; proben lassen \u2013 in Liverpool h\u00f6rt man aber vor allem Unzufriedenheit der K\u00fcnstler, dass sie so kein Feedback im Vorfeld mehr bekommen und verweist auf einen Exklusivvertrag mit dem Netzwerk TikTok, das dann auch als einziger von der ersten Probenwoche berichten durfte.<\/p>\n<p style=\"text-align: justify;\">Zwischen den Beitr\u00e4gen gibt es kleine Einspielfilme, die teils in der Ukraine, teils in Gro\u00dfbritannien aber auch in anderen Teilnehmerl\u00e4ndern gedreht wurden und die Gemeinsamkeiten zwischen den L\u00e4ndern und der Ukraine zeigen sollen.<\/p>\n<p style=\"text-align: justify;\">Im Opener zur Show feiert sich die Ausrichter-Stadt Liverpool erst einmal selbst, in dem sie zeigt, wie sich die Bewohner der Stadt freuten, als es hie\u00df &#8222;Eurovision is coming to Liverpool&#8220; \u2013 als Gegenschnitt Bilder von traurigen Ukrainern und der Vers\u00f6hnung mit blau-gelber Torte.<\/p>\n<p style=\"text-align: justify;\">Das 1. Halbfinale ist \u00fcbrigens in meinen Augen und Ohren das deutlich st\u00e4rker besetzte hier in Liverpool &#8230;<\/p>\n<p>&nbsp;<\/p>\n<figure id=\"attachment_201552\" aria-describedby=\"caption-attachment-201552\" style=\"width: 522px\" class=\"wp-caption alignnone\"><img decoding=\"async\" loading=\"lazy\" class=\"size-medium wp-image-201552\" src=\"https:\/\/smago.de\/ws2\/wp-content\/uploads\/2099\/05\/06-Irland-230503_Sarah-Louise-Bennett_EBU_1149-Enhanced-NR-522x347.jpg\" alt=\"\" width=\"522\" height=\"347\" srcset=\"https:\/\/smago.de\/ws2\/wp-content\/uploads\/2099\/05\/06-Irland-230503_Sarah-Louise-Bennett_EBU_1149-Enhanced-NR-522x347.jpg 522w, https:\/\/smago.de\/ws2\/wp-content\/uploads\/2099\/05\/06-Irland-230503_Sarah-Louise-Bennett_EBU_1149-Enhanced-NR-800x532.jpg 800w, https:\/\/smago.de\/ws2\/wp-content\/uploads\/2099\/05\/06-Irland-230503_Sarah-Louise-Bennett_EBU_1149-Enhanced-NR-225x150.jpg 225w, https:\/\/smago.de\/ws2\/wp-content\/uploads\/2099\/05\/06-Irland-230503_Sarah-Louise-Bennett_EBU_1149-Enhanced-NR-768x511.jpg 768w, https:\/\/smago.de\/ws2\/wp-content\/uploads\/2099\/05\/06-Irland-230503_Sarah-Louise-Bennett_EBU_1149-Enhanced-NR-1536x1022.jpg 1536w, https:\/\/smago.de\/ws2\/wp-content\/uploads\/2099\/05\/06-Irland-230503_Sarah-Louise-Bennett_EBU_1149-Enhanced-NR-392x261.jpg 392w, https:\/\/smago.de\/ws2\/wp-content\/uploads\/2099\/05\/06-Irland-230503_Sarah-Louise-Bennett_EBU_1149-Enhanced-NR-130x87.jpg 130w, https:\/\/smago.de\/ws2\/wp-content\/uploads\/2099\/05\/06-Irland-230503_Sarah-Louise-Bennett_EBU_1149-Enhanced-NR-669x445.jpg 669w, https:\/\/smago.de\/ws2\/wp-content\/uploads\/2099\/05\/06-Irland-230503_Sarah-Louise-Bennett_EBU_1149-Enhanced-NR-784x522.jpg 784w, https:\/\/smago.de\/ws2\/wp-content\/uploads\/2099\/05\/06-Irland-230503_Sarah-Louise-Bennett_EBU_1149-Enhanced-NR-285x190.jpg 285w, https:\/\/smago.de\/ws2\/wp-content\/uploads\/2099\/05\/06-Irland-230503_Sarah-Louise-Bennett_EBU_1149-Enhanced-NR-435x290.jpg 435w, https:\/\/smago.de\/ws2\/wp-content\/uploads\/2099\/05\/06-Irland-230503_Sarah-Louise-Bennett_EBU_1149-Enhanced-NR-150x100.jpg 150w, https:\/\/smago.de\/ws2\/wp-content\/uploads\/2099\/05\/06-Irland-230503_Sarah-Louise-Bennett_EBU_1149-Enhanced-NR-370x247.jpg 370w, https:\/\/smago.de\/ws2\/wp-content\/uploads\/2099\/05\/06-Irland-230503_Sarah-Louise-Bennett_EBU_1149-Enhanced-NR.jpg 2000w\" sizes=\"(max-width: 522px) 100vw, 522px\" \/><figcaption id=\"caption-attachment-201552\" class=\"wp-caption-text\"><em>Foto-Credit: EBU \/ Sarah Louise Bennett<\/em><\/figcaption><\/figure>\n<p>&nbsp;<\/p>\n<p style=\"text-align: justify;\">Seit dem <strong>irischen<\/strong> Vorentscheid warte ich ja darauf, daas der goldglitzernde S\u00e4nger der irischen Boygroup &#8222;Wild Youth&#8220; mal alle T\u00f6ne trifft \u2013 vielleicht ist es ja am Samstag soweit&#8230; aber daf\u00fcr m\u00fcsste er erst mal durchs Halbfinale. Das k\u00f6nnte zum Stolperstein werden. Denn ihr Song &#8222;We Are Young&#8220; ist belangloser Schweden-Pop aus der Feder von J\u00f6rgen Elofsson, der immerhin schon f\u00fcr Britney Spears und Kelly Clarkson schrieb und auch die offizielle Hymne zur Fu\u00dfball-Sommerm\u00e4rchen-WM 2016 in Deutschland komponierte. Ein Song, wie er eigentlich seit Jahren beim ESC nur noch begrenzt Chancen hat.<\/p>\n<p style=\"text-align: justify;\">Prognose: Den sieben Siegen des Rekordhalters Irland wird dieses Jahr kein weiterer folgen. Samstagabend verbringen die Jungs eher im Pub als auf der ESC-B\u00fchne.<\/p>\n<p>&nbsp;<\/p>\n<p>&nbsp;<\/p>\n<p>&nbsp;<\/p>\n<figure id=\"attachment_201553\" aria-describedby=\"caption-attachment-201553\" style=\"width: 522px\" class=\"wp-caption alignnone\"><img decoding=\"async\" loading=\"lazy\" class=\"size-medium wp-image-201553\" src=\"https:\/\/smago.de\/ws2\/wp-content\/uploads\/2099\/05\/07-Kroatien-230503_Sarah-Louise-Bennett_EBU_1269-522x348.jpg\" alt=\"\" width=\"522\" height=\"348\" srcset=\"https:\/\/smago.de\/ws2\/wp-content\/uploads\/2099\/05\/07-Kroatien-230503_Sarah-Louise-Bennett_EBU_1269-522x348.jpg 522w, https:\/\/smago.de\/ws2\/wp-content\/uploads\/2099\/05\/07-Kroatien-230503_Sarah-Louise-Bennett_EBU_1269-800x533.jpg 800w, https:\/\/smago.de\/ws2\/wp-content\/uploads\/2099\/05\/07-Kroatien-230503_Sarah-Louise-Bennett_EBU_1269-225x150.jpg 225w, https:\/\/smago.de\/ws2\/wp-content\/uploads\/2099\/05\/07-Kroatien-230503_Sarah-Louise-Bennett_EBU_1269-768x512.jpg 768w, https:\/\/smago.de\/ws2\/wp-content\/uploads\/2099\/05\/07-Kroatien-230503_Sarah-Louise-Bennett_EBU_1269-1536x1024.jpg 1536w, https:\/\/smago.de\/ws2\/wp-content\/uploads\/2099\/05\/07-Kroatien-230503_Sarah-Louise-Bennett_EBU_1269-392x261.jpg 392w, https:\/\/smago.de\/ws2\/wp-content\/uploads\/2099\/05\/07-Kroatien-230503_Sarah-Louise-Bennett_EBU_1269-130x87.jpg 130w, https:\/\/smago.de\/ws2\/wp-content\/uploads\/2099\/05\/07-Kroatien-230503_Sarah-Louise-Bennett_EBU_1269-668x445.jpg 668w, https:\/\/smago.de\/ws2\/wp-content\/uploads\/2099\/05\/07-Kroatien-230503_Sarah-Louise-Bennett_EBU_1269-783x522.jpg 783w, https:\/\/smago.de\/ws2\/wp-content\/uploads\/2099\/05\/07-Kroatien-230503_Sarah-Louise-Bennett_EBU_1269-285x190.jpg 285w, https:\/\/smago.de\/ws2\/wp-content\/uploads\/2099\/05\/07-Kroatien-230503_Sarah-Louise-Bennett_EBU_1269-435x290.jpg 435w, https:\/\/smago.de\/ws2\/wp-content\/uploads\/2099\/05\/07-Kroatien-230503_Sarah-Louise-Bennett_EBU_1269-150x100.jpg 150w, https:\/\/smago.de\/ws2\/wp-content\/uploads\/2099\/05\/07-Kroatien-230503_Sarah-Louise-Bennett_EBU_1269-370x247.jpg 370w, https:\/\/smago.de\/ws2\/wp-content\/uploads\/2099\/05\/07-Kroatien-230503_Sarah-Louise-Bennett_EBU_1269.jpg 2000w\" sizes=\"(max-width: 522px) 100vw, 522px\" \/><figcaption id=\"caption-attachment-201553\" class=\"wp-caption-text\"><em>Foto-Credit: EBU \/ Sarah Louise Bennett<\/em><\/figcaption><\/figure>\n<p>&nbsp;<\/p>\n<p style=\"text-align: justify;\">Politische Aussagen sind bekanntlich beim ESC unerw\u00fcnscht bis verboten und man muss sie schon mehr oder weniger subtil verstecken \u2013 dabei ist das, was die Gruppe Let 3 aus Kroatien auf die B\u00fchne stellt, schon sehr martialisch und provokant \u2013 daf\u00fcr sind sie aber bekannt, hie\u00df doch ihr letztes Album &#8222;Angela Merkel sere&#8220; \u2013 auf Deutsch: &#8222;Angela Merkel geht kacken&#8220;. F\u00fcr eine Provokation sind sie immer gut und wenn sie in &#8222;Mama SC&#8220; singen &#8222;Mama liebte einen Trottel&#8220;, ist mit &#8222;Mama&#8220; M\u00fctterchen Russland gemeint \u2013 und wer der Trottel oder wie es sp\u00e4ter hei\u00dft &#8222;Psychopath, der in den Krieg zieht&#8220; sein soll, kann sich jeder selbst denken Noch eine spannende Hintergrundinfo: Sie sprechen immer von einem &#8222;Trrrraktor&#8220; und spielen damit auf einen Traktor an, den Wei\u00dfrussland, einer der wenigen Verb\u00fcndeten Russlands, Wladimir Putin zum 70. Geburtstag schenkte. Da es aber auch hier bei Andeutungen bleibt, besanstandete die EBU den Song nicht.<\/p>\n<p style=\"text-align: justify;\">Prognose: Bunt, schrill und mit Aussage \u2013 ein sicherer Anw\u00e4rter f\u00fcr das gro\u00dfe Finale am Samstagabend.<\/p>\n<p>&nbsp;<\/p>\n<p>&nbsp;<\/p>\n<p>&nbsp;<\/p>\n<p>&nbsp;<\/p>\n<figure id=\"attachment_201554\" aria-describedby=\"caption-attachment-201554\" style=\"width: 522px\" class=\"wp-caption alignnone\"><img decoding=\"async\" loading=\"lazy\" class=\"size-medium wp-image-201554\" src=\"https:\/\/smago.de\/ws2\/wp-content\/uploads\/2099\/05\/08-Schweiz-230503_Sarah-Louise-Bennett_EBU_1360-522x348.jpg\" alt=\"\" width=\"522\" height=\"348\" srcset=\"https:\/\/smago.de\/ws2\/wp-content\/uploads\/2099\/05\/08-Schweiz-230503_Sarah-Louise-Bennett_EBU_1360-522x348.jpg 522w, https:\/\/smago.de\/ws2\/wp-content\/uploads\/2099\/05\/08-Schweiz-230503_Sarah-Louise-Bennett_EBU_1360-800x533.jpg 800w, https:\/\/smago.de\/ws2\/wp-content\/uploads\/2099\/05\/08-Schweiz-230503_Sarah-Louise-Bennett_EBU_1360-225x150.jpg 225w, https:\/\/smago.de\/ws2\/wp-content\/uploads\/2099\/05\/08-Schweiz-230503_Sarah-Louise-Bennett_EBU_1360-768x512.jpg 768w, https:\/\/smago.de\/ws2\/wp-content\/uploads\/2099\/05\/08-Schweiz-230503_Sarah-Louise-Bennett_EBU_1360-1536x1024.jpg 1536w, https:\/\/smago.de\/ws2\/wp-content\/uploads\/2099\/05\/08-Schweiz-230503_Sarah-Louise-Bennett_EBU_1360-392x261.jpg 392w, https:\/\/smago.de\/ws2\/wp-content\/uploads\/2099\/05\/08-Schweiz-230503_Sarah-Louise-Bennett_EBU_1360-130x87.jpg 130w, https:\/\/smago.de\/ws2\/wp-content\/uploads\/2099\/05\/08-Schweiz-230503_Sarah-Louise-Bennett_EBU_1360-668x445.jpg 668w, https:\/\/smago.de\/ws2\/wp-content\/uploads\/2099\/05\/08-Schweiz-230503_Sarah-Louise-Bennett_EBU_1360-783x522.jpg 783w, https:\/\/smago.de\/ws2\/wp-content\/uploads\/2099\/05\/08-Schweiz-230503_Sarah-Louise-Bennett_EBU_1360-285x190.jpg 285w, https:\/\/smago.de\/ws2\/wp-content\/uploads\/2099\/05\/08-Schweiz-230503_Sarah-Louise-Bennett_EBU_1360-435x290.jpg 435w, https:\/\/smago.de\/ws2\/wp-content\/uploads\/2099\/05\/08-Schweiz-230503_Sarah-Louise-Bennett_EBU_1360-150x100.jpg 150w, https:\/\/smago.de\/ws2\/wp-content\/uploads\/2099\/05\/08-Schweiz-230503_Sarah-Louise-Bennett_EBU_1360-370x247.jpg 370w, https:\/\/smago.de\/ws2\/wp-content\/uploads\/2099\/05\/08-Schweiz-230503_Sarah-Louise-Bennett_EBU_1360.jpg 2000w\" sizes=\"(max-width: 522px) 100vw, 522px\" \/><figcaption id=\"caption-attachment-201554\" class=\"wp-caption-text\"><em>Foto-Credit: EBU \/ Sarah Louise Bennett<\/em><\/figcaption><\/figure>\n<p style=\"text-align: justify;\">Gef\u00fchlt versuchen es die <strong>Schweizer <\/strong>seit Jahren mit demselben Schema: Moderne Balladen gesungen von gut aussehenden Teenagern mit kr\u00e4ftigen, einpr\u00e4gsamen Stimmen und einer ebenso einpr\u00e4gsamen wie d\u00fcsteren Choreographie. Remo Ferrer mit &#8222;Watergun&#8220; macht da keine Ausnahme \u2013 die Bilder der T\u00e4nzer bleiben vielleicht noch l\u00e4nger in Erinnerung als der Song, aber auch der ist gut.<\/p>\n<p style=\"text-align: justify;\">Prognose: Das reicht zum vierten Mal in Folge f\u00fcrs Finale bei den Eidgenossen \u2013 bemerkenswert, da sie die vier Jahre zuvor immer im Halbfinale h\u00e4ngenblieben.<\/p>\n<p>&nbsp;<\/p>\n<p>&nbsp;<\/p>\n<p>&nbsp;<\/p>\n<figure id=\"attachment_201555\" aria-describedby=\"caption-attachment-201555\" style=\"width: 522px\" class=\"wp-caption alignnone\"><img decoding=\"async\" loading=\"lazy\" class=\"size-medium wp-image-201555\" src=\"https:\/\/smago.de\/ws2\/wp-content\/uploads\/2099\/05\/09-Israel-230503_Sarah-Louise-Bennett_EBU_1679-522x348.jpg\" alt=\"\" width=\"522\" height=\"348\" srcset=\"https:\/\/smago.de\/ws2\/wp-content\/uploads\/2099\/05\/09-Israel-230503_Sarah-Louise-Bennett_EBU_1679-522x348.jpg 522w, https:\/\/smago.de\/ws2\/wp-content\/uploads\/2099\/05\/09-Israel-230503_Sarah-Louise-Bennett_EBU_1679-800x533.jpg 800w, https:\/\/smago.de\/ws2\/wp-content\/uploads\/2099\/05\/09-Israel-230503_Sarah-Louise-Bennett_EBU_1679-225x150.jpg 225w, https:\/\/smago.de\/ws2\/wp-content\/uploads\/2099\/05\/09-Israel-230503_Sarah-Louise-Bennett_EBU_1679-768x512.jpg 768w, https:\/\/smago.de\/ws2\/wp-content\/uploads\/2099\/05\/09-Israel-230503_Sarah-Louise-Bennett_EBU_1679-1536x1024.jpg 1536w, https:\/\/smago.de\/ws2\/wp-content\/uploads\/2099\/05\/09-Israel-230503_Sarah-Louise-Bennett_EBU_1679-392x261.jpg 392w, https:\/\/smago.de\/ws2\/wp-content\/uploads\/2099\/05\/09-Israel-230503_Sarah-Louise-Bennett_EBU_1679-130x87.jpg 130w, https:\/\/smago.de\/ws2\/wp-content\/uploads\/2099\/05\/09-Israel-230503_Sarah-Louise-Bennett_EBU_1679-668x445.jpg 668w, https:\/\/smago.de\/ws2\/wp-content\/uploads\/2099\/05\/09-Israel-230503_Sarah-Louise-Bennett_EBU_1679-783x522.jpg 783w, https:\/\/smago.de\/ws2\/wp-content\/uploads\/2099\/05\/09-Israel-230503_Sarah-Louise-Bennett_EBU_1679-285x190.jpg 285w, https:\/\/smago.de\/ws2\/wp-content\/uploads\/2099\/05\/09-Israel-230503_Sarah-Louise-Bennett_EBU_1679-435x290.jpg 435w, https:\/\/smago.de\/ws2\/wp-content\/uploads\/2099\/05\/09-Israel-230503_Sarah-Louise-Bennett_EBU_1679-150x100.jpg 150w, https:\/\/smago.de\/ws2\/wp-content\/uploads\/2099\/05\/09-Israel-230503_Sarah-Louise-Bennett_EBU_1679-370x247.jpg 370w, https:\/\/smago.de\/ws2\/wp-content\/uploads\/2099\/05\/09-Israel-230503_Sarah-Louise-Bennett_EBU_1679.jpg 2000w\" sizes=\"(max-width: 522px) 100vw, 522px\" \/><figcaption id=\"caption-attachment-201555\" class=\"wp-caption-text\"><em>Foto-Credit: EBU \/ Sarah Louise Bennett<\/em><\/figcaption><\/figure>\n<p style=\"text-align: justify;\"><strong>Israel<\/strong> polarisiert meistens und viele bringen den Beitr\u00e4gen aus Eurasien so viel Sympathie entgegen, dass sie oft bei den Wettb\u00fcros im vorderen Feld gesehen werden. Einen solchen Sympathie-Bonus braucht Nora Kirel, mit 23 Jahren schon eine der bekanntesten S\u00e4ngerinnen ihres Landes und mit 17 Jahren damals die j\u00fcngste Jurorin weltweit beim &#8222;Supertalent&#8220; ihrer Heimat, gar nicht. Der Song ist gut, die Performance akrobatisch und stimmig \u2013 dazu ein bisschen Pyro und f\u00fcr die ESC-Kenner ein Hauch &#8222;Kleopatrrra&#8220; und &#8222;Mata Harrri&#8220;.<\/p>\n<p style=\"text-align: justify;\">Prognose: Nach der Enttt\u00e4uschung des Vorjahres reicht es f\u00fcr Israel dieses Jahr locker zum Finaleinzug.<\/p>\n<p>&nbsp;<\/p>\n<p>&nbsp;<\/p>\n<p>&nbsp;<\/p>\n<figure id=\"attachment_201556\" aria-describedby=\"caption-attachment-201556\" style=\"width: 522px\" class=\"wp-caption alignnone\"><img decoding=\"async\" loading=\"lazy\" class=\"size-medium wp-image-201556\" src=\"https:\/\/smago.de\/ws2\/wp-content\/uploads\/2099\/05\/10-Moldau-230503_Sarah-Louise-Bennett_EBU_1767-522x348.jpg\" alt=\"\" width=\"522\" height=\"348\" srcset=\"https:\/\/smago.de\/ws2\/wp-content\/uploads\/2099\/05\/10-Moldau-230503_Sarah-Louise-Bennett_EBU_1767-522x348.jpg 522w, https:\/\/smago.de\/ws2\/wp-content\/uploads\/2099\/05\/10-Moldau-230503_Sarah-Louise-Bennett_EBU_1767-800x533.jpg 800w, https:\/\/smago.de\/ws2\/wp-content\/uploads\/2099\/05\/10-Moldau-230503_Sarah-Louise-Bennett_EBU_1767-225x150.jpg 225w, https:\/\/smago.de\/ws2\/wp-content\/uploads\/2099\/05\/10-Moldau-230503_Sarah-Louise-Bennett_EBU_1767-768x512.jpg 768w, https:\/\/smago.de\/ws2\/wp-content\/uploads\/2099\/05\/10-Moldau-230503_Sarah-Louise-Bennett_EBU_1767-1536x1024.jpg 1536w, https:\/\/smago.de\/ws2\/wp-content\/uploads\/2099\/05\/10-Moldau-230503_Sarah-Louise-Bennett_EBU_1767-392x261.jpg 392w, https:\/\/smago.de\/ws2\/wp-content\/uploads\/2099\/05\/10-Moldau-230503_Sarah-Louise-Bennett_EBU_1767-130x87.jpg 130w, https:\/\/smago.de\/ws2\/wp-content\/uploads\/2099\/05\/10-Moldau-230503_Sarah-Louise-Bennett_EBU_1767-668x445.jpg 668w, https:\/\/smago.de\/ws2\/wp-content\/uploads\/2099\/05\/10-Moldau-230503_Sarah-Louise-Bennett_EBU_1767-783x522.jpg 783w, https:\/\/smago.de\/ws2\/wp-content\/uploads\/2099\/05\/10-Moldau-230503_Sarah-Louise-Bennett_EBU_1767-285x190.jpg 285w, https:\/\/smago.de\/ws2\/wp-content\/uploads\/2099\/05\/10-Moldau-230503_Sarah-Louise-Bennett_EBU_1767-435x290.jpg 435w, https:\/\/smago.de\/ws2\/wp-content\/uploads\/2099\/05\/10-Moldau-230503_Sarah-Louise-Bennett_EBU_1767-150x100.jpg 150w, https:\/\/smago.de\/ws2\/wp-content\/uploads\/2099\/05\/10-Moldau-230503_Sarah-Louise-Bennett_EBU_1767-370x247.jpg 370w, https:\/\/smago.de\/ws2\/wp-content\/uploads\/2099\/05\/10-Moldau-230503_Sarah-Louise-Bennett_EBU_1767.jpg 2000w\" sizes=\"(max-width: 522px) 100vw, 522px\" \/><figcaption id=\"caption-attachment-201556\" class=\"wp-caption-text\"><em>Foto-Credit: EBU \/ Sarah Louise Bennett<\/em><\/figcaption><\/figure>\n<p style=\"text-align: justify;\">Wir sprachen eben schon \u00fcber das SunStroke Project aus <strong>Moldau<\/strong> \u2013 bei deren erster ESC-Teilnahme 2009 war Pasha Parfeny noch Teil der Gruppe, kurz danach startete er eine Solo-Karriere. 2012 nahm er auch als Solist am Song Contest in Baku statt &#8211; und sorgte mit Platz 11 f\u00fcr eine der besseren Positionen des Landes. In &#8222;Soarele si luna&#8220; besingt er im rum\u00e4nisher Sprache &#8222;Sonne und Mond&#8220;, begleitet von einem kleinw\u00fcchsigen Fl\u00f6tenspieler und sorgt f\u00fcr eine folkloristisch mystische Athmosph\u00e4re.<\/p>\n<p style=\"text-align: justify;\">Prognose: Fl\u00f6tenspieler und Windmaschinen sind seit Jahren DIE Geheimwaffen beim ESC \u2013 das funktioniert auch 2023 wieder und hilft Moldau ins Finale.<\/p>\n<p>&nbsp;<\/p>\n<p>&nbsp;<\/p>\n<p style=\"text-align: justify;\"><strong>W\u00e4hrend Europa abstimmt, gibt es dann im 1. Halbfinale noch 3 der Big 5: Die Beitr\u00e4ge aus Frankreich, Italien und von &#8222;Lord Of The Lost&#8220; aus Deutschland. Eins nehme ich vorweg: Einer der 3 z\u00e4hlt \u2013 neben den oben genannten Buchmacherlieblingen \u2013 zu meinen absoluten Favoriten. Welchen, erz\u00e4hle ich dann in der Finalvorschau &#8230;<\/strong><\/p>\n","protected":false},"excerpt":{"rendered":"<p>Irland \u2013 Kroatien \u2013 Schweiz \u2013 Israel \u2013 Moldau &#8230;:<\/p>\n","protected":false},"author":2,"featured_media":201491,"comment_status":"open","ping_status":"closed","sticky":false,"template":"","format":"standard","meta":{"_FSMCFIC_featured_image_caption":"","_FSMCFIC_featured_image_nocaption":"","_FSMCFIC_featured_image_hide":""},"categories":[27,128],"tags":[85],"acf":[],"_links":{"self":[{"href":"https:\/\/smago.de\/ws2\/wp-json\/wp\/v2\/posts\/201547"}],"collection":[{"href":"https:\/\/smago.de\/ws2\/wp-json\/wp\/v2\/posts"}],"about":[{"href":"https:\/\/smago.de\/ws2\/wp-json\/wp\/v2\/types\/post"}],"author":[{"embeddable":true,"href":"https:\/\/smago.de\/ws2\/wp-json\/wp\/v2\/users\/2"}],"replies":[{"embeddable":true,"href":"https:\/\/smago.de\/ws2\/wp-json\/wp\/v2\/comments?post=201547"}],"version-history":[{"count":9,"href":"https:\/\/smago.de\/ws2\/wp-json\/wp\/v2\/posts\/201547\/revisions"}],"predecessor-version":[{"id":201659,"href":"https:\/\/smago.de\/ws2\/wp-json\/wp\/v2\/posts\/201547\/revisions\/201659"}],"wp:featuredmedia":[{"embeddable":true,"href":"https:\/\/smago.de\/ws2\/wp-json\/wp\/v2\/media\/201491"}],"wp:attachment":[{"href":"https:\/\/smago.de\/ws2\/wp-json\/wp\/v2\/media?parent=201547"}],"wp:term":[{"taxonomy":"category","embeddable":true,"href":"https:\/\/smago.de\/ws2\/wp-json\/wp\/v2\/categories?post=201547"},{"taxonomy":"post_tag","embeddable":true,"href":"https:\/\/smago.de\/ws2\/wp-json\/wp\/v2\/tags?post=201547"}],"curies":[{"name":"wp","href":"https:\/\/api.w.org\/{rel}","templated":true}]}}