{"id":201512,"date":"2023-05-08T16:11:08","date_gmt":"2023-05-08T14:11:08","guid":{"rendered":"https:\/\/smago.de\/ws2\/?p=201512"},"modified":"2023-05-08T16:11:08","modified_gmt":"2023-05-08T14:11:08","slug":"eurovision-song-contest-2023-sendungen-countdown-und-aftershow-mit-max-mutzke-cesar-sampson-luca-haenni-und-sylvie-meis","status":"publish","type":"post","link":"https:\/\/smago.de\/ws2\/pop\/eurovision-song-contest-2023-sendungen-countdown-und-aftershow-mit-max-mutzke-cesar-sampson-luca-haenni-und-sylvie-meis\/","title":{"rendered":"&#8222;EUROVISION SONG CONTEST 2023&#8220; <br>Sendungen \u201eCountdown\u201d und \u201eAftershow\u201d mit Max Mutzke, Ces\u00e1r Sampson, Luca H\u00e4nni und Sylvie Meis!"},"content":{"rendered":"<p style=\"text-align: justify;\">Sendetermine: Sendungen: Sa., 13.05.2023, 20:15 Uhr + ca. 01:00 Uhr; \u00a0Das Erste, ORF 1 und SRF 1!<br \/>\n<!--more--><\/p>\n<p style=\"text-align: justify;\">\n<p style=\"text-align: justify;\">\n<p style=\"text-align: justify;\">Die G\u00e4ste f\u00fcr die Rahmensendungen zum ESC-Finale, \u201eESC \u2013 der Countdown\u201d und \u201eESC \u2013 die Aftershow\u201d, stehen fest: Max Mutzke, Sylvie Meis, Ces\u00e1r Sampson und Luca H\u00e4nni werden am 13. Mai das Publikum zusammen mit Moderatorin Barbara Sch\u00f6neberger live aus Liverpool auf den weltgr\u00f6\u00dften Musikwettbewerb einstimmen. Sie sprechen \u00fcber die ber\u00fchrendsten und \u00fcberraschendsten Momente, die ausgefallensten Kost\u00fcme und erinnern an die gr\u00f6\u00dften Hymnen des Eurovision Song Contest. Aber auch eine musikalische Zeitreise &#8211; live und unplugged &#8211; erwartet die Zuschauerinnen und Zuschauer. Zudem werden die teilnehmenden Acts aus Deutschland, \u00d6sterreich und der Schweiz zugeschaltet: \u201eLord Of The Lost\u201c, \u201eTeya &amp; Salena\u201c sowie Remo Forrer.<\/p>\n<p style=\"text-align: justify;\">Der \u201eESC \u2013 Countdown\u201c beginnt am Sonnabend, 13. Mai, um 20.15 Uhr und wird gleichzeitig im Ersten, in ORF 1 sowie SRF 1 ausgestrahlt. Danach folgt live ab 21.00 Uhr das Finale aus Liverpool. Direkt im Anschluss kehrt Barbara Sch\u00f6neberger mit der \u201eESC \u2013 Aftershow\u201c zur\u00fcck, um den Sieger-Act und die glanzvollen Momente des Abends zu feiern.<\/p>\n<p style=\"text-align: justify;\">Der S\u00e4nger und Songwriter <strong>Max Mutzke<\/strong> wurde durch seine Teilnahme am Eurovision Song Contest f\u00fcr Deutschland im Jahr 2004 international bekannt. Geboren wurde er 1981 in Waldshut-Tiengen in Baden-W\u00fcrttemberg. Schon in jungen Jahren entdeckte er seine Leidenschaft f\u00fcr Musik, 2004 brachte er sein Deb\u00fctalbum \u201eMax Mutzke\u201c auf den Markt. Es folgten sechs weitere Alben und zahlreiche Kollaborationen. Max Mutzke \u00fcberzeugt nicht nur durch seine einzigartige Stimme, sondern auch durch sein Talent f\u00fcr verschiedene Genres wie Jazz, Soul, Funk und Pop. Als herausragender Live-Performer begeistert er seine Fans immer wieder aufs Neue.<\/p>\n<p style=\"text-align: justify;\">Der S\u00e4nger, Komponist, Produzent und Schauspieler <strong>Ces\u00e1r Sampson<\/strong> aus Linz landete als Vertreter \u00d6sterreichs beim Eurovision Song Contest 2018 mit dem Lied \u201eNobody But You&#8220; auf einem sensationellen dritten Platz. Sampson stammt aus einer Musikerfamilie und tourte schon in jungen Jahren u. a. mit Kruder und Dorfmeister und Sofa Surfers. 2020 nahm er an der Show \u201eDancing Stars\u201c (ORF 1) teil und wurde Zweiter. Sein Musikstil ist eine einzigartige Kombination aus Soul, R&amp;B und Pop mit gef\u00fchlvollen Texten. Ces\u00e1r Sampson ist ebenfalls Gr\u00fcndungsmitglied des Kollektivs Symphonix, das erfolgreiche ESC-Acts produziert hat.<\/p>\n<p style=\"text-align: justify;\">Der S\u00e4nger und Songwriter <strong>Luca H\u00e4nni<\/strong> wurde 2019 einem breiten Publikum bekannt, als er beim Eurovision Song Contest mit seinem Song \u201eShe Got Me\u201c f\u00fcr die Schweiz den vierten Platz holte. Bereits 2012 belegte er bei der Casting-Show \u201eDeutschland sucht den Superstar\u201c den ersten Platz, und seine Single \u201eDon&#8217;t Think About Me\u201c eroberte die Spitze der Charts in Deutschland und \u00d6sterreich. 2020 begeisterte er als Drittplatzierter bei der Tanzshow \u201eLet\u2019s Dance\u201c. In den vergangenen Jahren hat Luca H\u00e4nni mehrere Alben herausgebracht und f\u00fcr seine eing\u00e4ngigen Pop-Songs zahlreiche Auszeichnungen und Nominierungen erhalten.<\/p>\n<p style=\"text-align: justify;\">Moderatorin und Unternehmerin <strong>Sylvie Meis<\/strong> ist ein ESC-Fan und auch in Europas Musikwelt zu Hause. Als Niederl\u00e4nderin mit belgischen Wurzeln lebte sie schon in London und Madrid. Heute ist Hamburg ihre Heimat. Ihre Karriere startete Sylvie Meis als Moderatorin bei einem holl\u00e4ndischen Musiksender, im deutschsprachigen Raum wurde sie unter anderem bekannt als Jurorin in der Show \u201eSupertalent\u201c und als Finalistin von \u201eLet\u2019s Dance\u201c \u2013 die Show, die sie auch sieben Jahre moderierte. Ihr liebster ESC-Song stammt von 1986: In dem Jahr gewann die belgische S\u00e4ngerin Sandra Kim mit \u201eJ\u2019aime la vie\u201c.<\/p>\n<p style=\"text-align: justify;\">\n<p style=\"text-align: justify;\">Weitere Informationen zum Eurovision Song Contest im Internet unter <strong><a href=\"http:\/\/www.eurovision.de\/\">www.eurovision.de<\/a><\/strong>!<\/p>\n","protected":false},"excerpt":{"rendered":"<p>Sendetermine: Sendungen: Sa., 13.05.2023, 20:15 Uhr + ca. 01:00 Uhr; \u00a0Das Erste, ORF 1 und SRF 1!<\/p>\n","protected":false},"author":2,"featured_media":201491,"comment_status":"open","ping_status":"closed","sticky":false,"template":"","format":"standard","meta":{"_FSMCFIC_featured_image_caption":"","_FSMCFIC_featured_image_nocaption":"","_FSMCFIC_featured_image_hide":""},"categories":[27,28,128],"tags":[85],"acf":[],"_links":{"self":[{"href":"https:\/\/smago.de\/ws2\/wp-json\/wp\/v2\/posts\/201512"}],"collection":[{"href":"https:\/\/smago.de\/ws2\/wp-json\/wp\/v2\/posts"}],"about":[{"href":"https:\/\/smago.de\/ws2\/wp-json\/wp\/v2\/types\/post"}],"author":[{"embeddable":true,"href":"https:\/\/smago.de\/ws2\/wp-json\/wp\/v2\/users\/2"}],"replies":[{"embeddable":true,"href":"https:\/\/smago.de\/ws2\/wp-json\/wp\/v2\/comments?post=201512"}],"version-history":[{"count":1,"href":"https:\/\/smago.de\/ws2\/wp-json\/wp\/v2\/posts\/201512\/revisions"}],"predecessor-version":[{"id":201513,"href":"https:\/\/smago.de\/ws2\/wp-json\/wp\/v2\/posts\/201512\/revisions\/201513"}],"wp:featuredmedia":[{"embeddable":true,"href":"https:\/\/smago.de\/ws2\/wp-json\/wp\/v2\/media\/201491"}],"wp:attachment":[{"href":"https:\/\/smago.de\/ws2\/wp-json\/wp\/v2\/media?parent=201512"}],"wp:term":[{"taxonomy":"category","embeddable":true,"href":"https:\/\/smago.de\/ws2\/wp-json\/wp\/v2\/categories?post=201512"},{"taxonomy":"post_tag","embeddable":true,"href":"https:\/\/smago.de\/ws2\/wp-json\/wp\/v2\/tags?post=201512"}],"curies":[{"name":"wp","href":"https:\/\/api.w.org\/{rel}","templated":true}]}}