{"id":201486,"date":"2023-05-07T00:35:34","date_gmt":"2023-05-06T22:35:34","guid":{"rendered":"https:\/\/smago.de\/ws2\/?p=201486"},"modified":"2023-05-07T00:36:38","modified_gmt":"2023-05-06T22:36:38","slug":"howard-carpendale-lets-do-it-again","status":"publish","type":"post","link":"https:\/\/smago.de\/ws2\/schlager\/howard-carpendale-lets-do-it-again\/","title":{"rendered":"HOWARD CARPENDALE <br>&#8222;Let&#8217;s Do It Again!&#8220;:"},"content":{"rendered":"<p style=\"text-align: justify;\">Howard Carpendale \u00fcber den Moment seines Lebens und die kommende Show seines Lebens! In der MDR-Talkshow &#8222;Riverboat&#8220; sagte Howard Carpendale &#8230;:<br \/>\n<!--more--><\/p>\n<div class=\"\" style=\"text-align: justify;\">\n<p>&nbsp;<\/p>\n<p>&nbsp;<\/p>\n<\/div>\n<div class=\"\" style=\"text-align: justify;\"><b class=\"\">\u2026 \u00fcber den Moment seines Lebens<\/b><\/div>\n<div class=\"\" style=\"text-align: justify;\">\n<p>Der Moment meines Lebens war, als mein Sohn mich bei seiner Hochzeit in Ibiza gefragt hat,\u00a0ob ich ihm einen Gefallen tun w\u00fcrde. 70 Freunde von ihm waren da und er fragte mich, ob ich f\u00fcr ihn ein Lied singen kann. Ich sagte ihm: Das ist doch bescheuert und schnulzig, das kann ich doch nicht machen als dein Vater\u201c. Nein, sagte er. Ich wu\u00dfte, du w\u00fcrdest so reagieren. Ich will gern, dass du ein Lied singst, dass Annemarie und mir so wichtig ist. Und er sagte: Es ist aber kein Lied von dir! Es war \u201eWonderful world\u201c von Louis Armstrong. Ich war skeptisch. es war ein gro\u00dfer Hit von ihm und seine Stimme macht diesen Titel zu einem Hit. Wenn ich das singe, ist das schnulzig. Mein Sohn sagte dann: Dann singe es wie Louis Armstrong. Und das habe ich getan.<\/p>\n<\/div>\n<div class=\"\" style=\"text-align: justify;\"><b class=\"\">\u2026 dar\u00fcber, das Pflege und Sterben in Deutschland ein Tabu-Thema sind<\/b><\/div>\n<div class=\"\" style=\"text-align: justify;\">\n<p>Es gibt etwas an Deutschland, was mich sehr st\u00f6rt. So gern ich hier lebe &#8211; ich habe zwanzig Jahre in Amerika gelebt und bin wieder hierher gekommen. Weil es am sch\u00f6nsten ist, hier zu leben. Was mich aber st\u00f6rt, ist, dass dieses Land nicht mit Tod und Pflege klar kommt. Es ist fast ein Tabu hier. Der Tod ist ein teil des Lebens. Ich will schon seit f\u00fcnf Jahren ein Gespr\u00e4ch mit meiner Familie f\u00fchren. Und alle sagen immer: Nein, jetzt noch nicht. Das Durchschnittsalter in Amerika ist 76 Jahre. Ich bin jetzt 77 Jahre alt. Das ist schei\u00dfe (lacht).<\/p>\n<\/div>\n<div class=\"\" style=\"text-align: justify;\"><b class=\"\">Kim Fisher: Was willst Du Ihnen erz\u00e4hlen?<\/b><\/div>\n<div class=\"\" style=\"text-align: justify;\">\n<p>Die Geschichte ist sehr intim. Aber ich erz\u00e4hle sie gern. Jemand in meiner Familie hat bei dem Verlust eines Elternteils sehr gelitten. Ein letzter Satz ist bei diesem Menschen h\u00e4ngen geblieben. Ich m\u00f6chte allen Menschen sagen: Ich habe \u00fcberhaupt nichts zu bereuen und sie auch nicht. Alles, was sie mir gegeben haben, ist ganz wichtig f\u00fcr mich. Und am liebsten h\u00e4tte \u00a0ich, dass alle sagen, wenn es soweit ist: Das war ein geiles Leben! Und: \u201eLet\u00b4s do it again!\u201c<em> (lacht)<\/em>.<\/p>\n<\/div>\n<div>\n<div class=\"\" style=\"text-align: justify;\">\n<p><span class=\"\"><b class=\"\">Klaus Brinkb\u00e4umer: Wenn Du Deine lange Karriere in einem Satz, besser in einem Wort zusammenfassen wolltest, welcher w\u00e4re das?<\/b><\/span><\/p>\n<p>Es gibt eine Zeile, die seit l\u00e4ngerer Zeit in meinem Kopf ist, die hei\u00dft: \u201eLet&#8217;s do it again!\u201c.<\/p>\n<p>Ich habe lange Zeit in den Abbey-Road-Studios in London gearbeitet und mich voll auf die Arbeit mit dem Royal-Philharmonic-Orchestra eingelassen. Aber als das vorbei war, fragte ich mich: Was willst Du eigentlich jetzt? Titelzeilen f\u00fcr ein Album sind mir sehr wichtig. Ich mag es nicht, einfach nur einzusteigen mit einem Schlagwort. Da kam mir diese Zeile \u201eLet\u00b4s do it again!\u201c auf.<\/p>\n<\/div>\n<div class=\"\" style=\"text-align: justify;\"><\/div>\n<\/div>\n<div><\/div>\n<div><\/div>\n<div>\n<figure id=\"attachment_201487\" aria-describedby=\"caption-attachment-201487\" style=\"width: 533px\" class=\"wp-caption alignnone\"><img decoding=\"async\" loading=\"lazy\" class=\"size-large wp-image-201487\" src=\"https:\/\/smago.de\/ws2\/wp-content\/uploads\/2023\/05\/04_Pressefoto_HowardCarpendale_2023_Fotocredit_MichaeldeBoer-533x800.jpg\" alt=\"\" width=\"533\" height=\"800\" srcset=\"https:\/\/smago.de\/ws2\/wp-content\/uploads\/2023\/05\/04_Pressefoto_HowardCarpendale_2023_Fotocredit_MichaeldeBoer-533x800.jpg 533w, https:\/\/smago.de\/ws2\/wp-content\/uploads\/2023\/05\/04_Pressefoto_HowardCarpendale_2023_Fotocredit_MichaeldeBoer-348x522.jpg 348w, https:\/\/smago.de\/ws2\/wp-content\/uploads\/2023\/05\/04_Pressefoto_HowardCarpendale_2023_Fotocredit_MichaeldeBoer-100x150.jpg 100w, https:\/\/smago.de\/ws2\/wp-content\/uploads\/2023\/05\/04_Pressefoto_HowardCarpendale_2023_Fotocredit_MichaeldeBoer-768x1152.jpg 768w, https:\/\/smago.de\/ws2\/wp-content\/uploads\/2023\/05\/04_Pressefoto_HowardCarpendale_2023_Fotocredit_MichaeldeBoer-1024x1536.jpg 1024w, https:\/\/smago.de\/ws2\/wp-content\/uploads\/2023\/05\/04_Pressefoto_HowardCarpendale_2023_Fotocredit_MichaeldeBoer-181x272.jpg 181w, https:\/\/smago.de\/ws2\/wp-content\/uploads\/2023\/05\/04_Pressefoto_HowardCarpendale_2023_Fotocredit_MichaeldeBoer-400x600.jpg 400w, https:\/\/smago.de\/ws2\/wp-content\/uploads\/2023\/05\/04_Pressefoto_HowardCarpendale_2023_Fotocredit_MichaeldeBoer-87x130.jpg 87w, https:\/\/smago.de\/ws2\/wp-content\/uploads\/2023\/05\/04_Pressefoto_HowardCarpendale_2023_Fotocredit_MichaeldeBoer-297x445.jpg 297w, https:\/\/smago.de\/ws2\/wp-content\/uploads\/2023\/05\/04_Pressefoto_HowardCarpendale_2023_Fotocredit_MichaeldeBoer-127x190.jpg 127w, https:\/\/smago.de\/ws2\/wp-content\/uploads\/2023\/05\/04_Pressefoto_HowardCarpendale_2023_Fotocredit_MichaeldeBoer-193x290.jpg 193w, https:\/\/smago.de\/ws2\/wp-content\/uploads\/2023\/05\/04_Pressefoto_HowardCarpendale_2023_Fotocredit_MichaeldeBoer.jpg 1365w\" sizes=\"(max-width: 533px) 100vw, 533px\" \/><figcaption id=\"caption-attachment-201487\" class=\"wp-caption-text\"><em>Foto-Credit: Michael de Boer<\/em><\/figcaption><\/figure>\n<\/div>\n","protected":false},"excerpt":{"rendered":"<p>Howard Carpendale \u00fcber den Moment seines Lebens und die kommende Show seines Lebens! In der MDR-Talkshow &#8222;Riverboat&#8220; sagte Howard Carpendale<\/p>\n","protected":false},"author":2,"featured_media":201487,"comment_status":"open","ping_status":"closed","sticky":false,"template":"","format":"standard","meta":{"_FSMCFIC_featured_image_caption":"","_FSMCFIC_featured_image_nocaption":"","_FSMCFIC_featured_image_hide":""},"categories":[29,39,128],"tags":[49],"acf":[],"_links":{"self":[{"href":"https:\/\/smago.de\/ws2\/wp-json\/wp\/v2\/posts\/201486"}],"collection":[{"href":"https:\/\/smago.de\/ws2\/wp-json\/wp\/v2\/posts"}],"about":[{"href":"https:\/\/smago.de\/ws2\/wp-json\/wp\/v2\/types\/post"}],"author":[{"embeddable":true,"href":"https:\/\/smago.de\/ws2\/wp-json\/wp\/v2\/users\/2"}],"replies":[{"embeddable":true,"href":"https:\/\/smago.de\/ws2\/wp-json\/wp\/v2\/comments?post=201486"}],"version-history":[{"count":2,"href":"https:\/\/smago.de\/ws2\/wp-json\/wp\/v2\/posts\/201486\/revisions"}],"predecessor-version":[{"id":201489,"href":"https:\/\/smago.de\/ws2\/wp-json\/wp\/v2\/posts\/201486\/revisions\/201489"}],"wp:featuredmedia":[{"embeddable":true,"href":"https:\/\/smago.de\/ws2\/wp-json\/wp\/v2\/media\/201487"}],"wp:attachment":[{"href":"https:\/\/smago.de\/ws2\/wp-json\/wp\/v2\/media?parent=201486"}],"wp:term":[{"taxonomy":"category","embeddable":true,"href":"https:\/\/smago.de\/ws2\/wp-json\/wp\/v2\/categories?post=201486"},{"taxonomy":"post_tag","embeddable":true,"href":"https:\/\/smago.de\/ws2\/wp-json\/wp\/v2\/tags?post=201486"}],"curies":[{"name":"wp","href":"https:\/\/api.w.org\/{rel}","templated":true}]}}