{"id":201098,"date":"2023-04-29T00:00:57","date_gmt":"2023-04-28T22:00:57","guid":{"rendered":"https:\/\/smago.de\/ws2\/?p=201098"},"modified":"2023-04-28T19:23:40","modified_gmt":"2023-04-28T17:23:40","slug":"vamos-das-geschwister-duo-meldet-sich-mit-zieh-die-roten-schuhe-an-zurueck","status":"publish","type":"post","link":"https:\/\/smago.de\/ws2\/pop-schlager\/vamos-das-geschwister-duo-meldet-sich-mit-zieh-die-roten-schuhe-an-zurueck\/","title":{"rendered":"VAMOS <br>Das Geschwister-Duo meldet sich mit &#8222;Zieh die roten Schuhe an&#8220; zur\u00fcck!"},"content":{"rendered":"<p style=\"text-align: justify;\">Mit dem Song (aus der Hit-Feder von Curt Gerritzen) und dem neuen Plattenlabel Fiesta Records, stellen sich Matthias und Dieter als &#8222;Schuhfetischisten&#8220; neu auf!<br \/>\n<!--more--><\/p>\n<p>&nbsp;<\/p>\n<p>&nbsp;<\/p>\n<p style=\"text-align: justify;\">\n<p style=\"text-align: justify;\">VAMOS, das Geschwister-Duo bestehend aus Mathias und Dieter Wosnica, melden sich mit ihrer brandneuen Single zur\u00fcck! \u201eDie Gentleman des Schlagers\u201c pr\u00e4sentieren uns mit \u201eZieh die roten Schuhe an\u201c eine Nummer, die junge und alte Schlagerfans gleicherma\u00dfen begeistert und verbindet.<\/p>\n<p style=\"text-align: justify;\">Das lebhafte Get\u00fcmmel auf der Tanzfl\u00e4che, Musik, in der man sich einfach fallen lassen kann und pure Lebensfreude \u2013 an all das erinnert Vamos mit ihrem neuen Song. Wer jetzt allerdings denkt, dass sich hier nur die jungen Generationen angesprochen f\u00fchlen sollen, liegt falsch! Viel mehr wollen Vamos generations\u00fcbergreifend dazu inspirieren sich wieder \u201edie roten Schuhe\u201c anzuziehen und die Tanzfl\u00e4chen unsicher zu machen.<\/p>\n<p style=\"text-align: justify;\">Warum grade rote Schuhe? Die Damen mit den roten Schuhen sind dem Duo schon immer besonders aufgefallen. Nicht nur sticht das feurige rot aus der Masse heraus, es steht auch f\u00fcr eines der sch\u00f6nsten Gef\u00fchle, die man empfinden kann: Die Liebe. Und was k\u00f6nnte es Sch\u00f6neres geben als einen Tanz mit der Herzensdame?<\/p>\n<p style=\"text-align: justify;\">Mit dem Song (\u2013 nat\u00fcrlich wieder aus der Hit-Feder von Curt Gerritzen \u2013) und dem neuen Plattenlabel Fiesta Records, stellt sich Vamos neu auf.<\/p>\n<p style=\"text-align: justify;\">Also seid gespannt, f\u00fcr die Zukunft hat Vamos noch einiges geplant!<\/p>\n","protected":false},"excerpt":{"rendered":"<p>Mit dem Song (aus der Hit-Feder von Curt Gerritzen) und dem neuen Plattenlabel Fiesta Records, stellen sich Matthias und Dieter<\/p>\n","protected":false},"author":2,"featured_media":201099,"comment_status":"open","ping_status":"closed","sticky":false,"template":"","format":"standard","meta":{"_FSMCFIC_featured_image_caption":"","_FSMCFIC_featured_image_nocaption":"","_FSMCFIC_featured_image_hide":""},"categories":[28],"tags":[1049],"acf":[],"_links":{"self":[{"href":"https:\/\/smago.de\/ws2\/wp-json\/wp\/v2\/posts\/201098"}],"collection":[{"href":"https:\/\/smago.de\/ws2\/wp-json\/wp\/v2\/posts"}],"about":[{"href":"https:\/\/smago.de\/ws2\/wp-json\/wp\/v2\/types\/post"}],"author":[{"embeddable":true,"href":"https:\/\/smago.de\/ws2\/wp-json\/wp\/v2\/users\/2"}],"replies":[{"embeddable":true,"href":"https:\/\/smago.de\/ws2\/wp-json\/wp\/v2\/comments?post=201098"}],"version-history":[{"count":2,"href":"https:\/\/smago.de\/ws2\/wp-json\/wp\/v2\/posts\/201098\/revisions"}],"predecessor-version":[{"id":201101,"href":"https:\/\/smago.de\/ws2\/wp-json\/wp\/v2\/posts\/201098\/revisions\/201101"}],"wp:featuredmedia":[{"embeddable":true,"href":"https:\/\/smago.de\/ws2\/wp-json\/wp\/v2\/media\/201099"}],"wp:attachment":[{"href":"https:\/\/smago.de\/ws2\/wp-json\/wp\/v2\/media?parent=201098"}],"wp:term":[{"taxonomy":"category","embeddable":true,"href":"https:\/\/smago.de\/ws2\/wp-json\/wp\/v2\/categories?post=201098"},{"taxonomy":"post_tag","embeddable":true,"href":"https:\/\/smago.de\/ws2\/wp-json\/wp\/v2\/tags?post=201098"}],"curies":[{"name":"wp","href":"https:\/\/api.w.org\/{rel}","templated":true}]}}