{"id":200662,"date":"2023-04-22T00:00:10","date_gmt":"2023-04-21T22:00:10","guid":{"rendered":"https:\/\/smago.de\/ws2\/?p=200662"},"modified":"2023-04-21T17:56:27","modified_gmt":"2023-04-21T15:56:27","slug":"marie-reim-bist-du-dafuer-bereit-marie-heute-nacht-noch-nicht","status":"publish","type":"post","link":"https:\/\/smago.de\/ws2\/pop-schlager\/marie-reim-bist-du-dafuer-bereit-marie-heute-nacht-noch-nicht\/","title":{"rendered":"MARIE REIM <br>&#8222;Bist du daf\u00fcr bereit?&#8220;, Marie? \u2013 &#8222;Heute Nacht noch nicht&#8220;!"},"content":{"rendered":"<p style=\"text-align: justify;\"><em>\u201eDieser Song handelt von einer ganz besonderen Liebesgeschichte &#8211; von meiner\u201c,<\/em> sagt Marie Reim und f\u00fchrt weiter aus &#8230;:<br \/>\n<!--more--><\/p>\n<p style=\"text-align: justify;\">\n<p style=\"text-align: justify;\">Gerade einmal drei Jahre sind vergangen, seitdem MARIE REIM ihre k\u00fcnstlerische Reise begonnen und sich in Rekordzeit zu einer der beliebtesten und aufregendsten S\u00e4ngerinnen innerhalb der deutschen Musiklandschaft entwickelt hat. Auf ihrem ungeduldig erwarteten zweiten Album \u201eBist du daf\u00fcr bereit?\u201c (V\u00d6: 05.08.2022), das auf einem sensationellen Platz 23 in die deutschen Album Charts einstieg, pr\u00e4sentiert sich Marie Reim als selbstbewusste K\u00fcnstlerin, die ihre Selbstfindungsphase hinter sich gelassen hat und nun in all ihren verschiedenen Facetten strahlt! Es zeigt Marie Reims Weiterentwicklung zur selbstbestimmten jungen Frau. Eine Frau, die genau wei\u00df, was sie will und die absolut keine Angst vor unmissverst\u00e4ndlichen Klartext-Ansagen hat.<\/p>\n<p style=\"text-align: justify;\">In ihren Songs berichtet Marie Reim in aufrichtigen Worten \u00fcber ihre vielseitige Erlebnis- und Gef\u00fchlswelt. Geschichten aus ihrem Leben, mit denen sich ihre Fans identifizieren k\u00f6nnen. Auch ihre n\u00e4chste Ohrwurm-Singleauskopplung \u201eHeute Nacht noch nicht\u201c mit typisch tanzbar-modernen Schlager-Sounds und ihrer einzigartigen Stimme ist einer dieser autobiografischen Songs: <em>\u201eDieser Song handelt von einer ganz besonderen Liebesgeschichte &#8211; von meiner\u201c,<\/em> sagt Marie Reim und f\u00fchrt weiter aus: <em>\u201eIm Song geht es darum, dass man jemanden kennengelernt hat, der voll und ganz zu einem passt. Alles ist perfekt und man m\u00f6chte alles miteinander teilen, doch auf der anderen Seite auch nichts \u00fcberst\u00fcrzen, weil man schlechte Erfahrungen gemacht hat. Deswegen versucht man, vorsichtig zu sein, gibt sich am Ende dann aber doch der Liebe hin.\u201c<\/em><\/p>\n<p style=\"text-align: justify;\">Das Musikvideo zur neuen Single-Auskopplung \u201eHeute Nacht noch nicht\u201c erscheint am 22.04.2023.<\/p>\n","protected":false},"excerpt":{"rendered":"<p>\u201eDieser Song handelt von einer ganz besonderen Liebesgeschichte &#8211; von meiner\u201c, sagt Marie Reim und f\u00fchrt weiter aus &#8230;:<\/p>\n","protected":false},"author":2,"featured_media":200663,"comment_status":"open","ping_status":"closed","sticky":false,"template":"","format":"standard","meta":{"_FSMCFIC_featured_image_caption":"","_FSMCFIC_featured_image_nocaption":"","_FSMCFIC_featured_image_hide":""},"categories":[28],"tags":[1369],"acf":[],"_links":{"self":[{"href":"https:\/\/smago.de\/ws2\/wp-json\/wp\/v2\/posts\/200662"}],"collection":[{"href":"https:\/\/smago.de\/ws2\/wp-json\/wp\/v2\/posts"}],"about":[{"href":"https:\/\/smago.de\/ws2\/wp-json\/wp\/v2\/types\/post"}],"author":[{"embeddable":true,"href":"https:\/\/smago.de\/ws2\/wp-json\/wp\/v2\/users\/2"}],"replies":[{"embeddable":true,"href":"https:\/\/smago.de\/ws2\/wp-json\/wp\/v2\/comments?post=200662"}],"version-history":[{"count":2,"href":"https:\/\/smago.de\/ws2\/wp-json\/wp\/v2\/posts\/200662\/revisions"}],"predecessor-version":[{"id":200665,"href":"https:\/\/smago.de\/ws2\/wp-json\/wp\/v2\/posts\/200662\/revisions\/200665"}],"wp:featuredmedia":[{"embeddable":true,"href":"https:\/\/smago.de\/ws2\/wp-json\/wp\/v2\/media\/200663"}],"wp:attachment":[{"href":"https:\/\/smago.de\/ws2\/wp-json\/wp\/v2\/media?parent=200662"}],"wp:term":[{"taxonomy":"category","embeddable":true,"href":"https:\/\/smago.de\/ws2\/wp-json\/wp\/v2\/categories?post=200662"},{"taxonomy":"post_tag","embeddable":true,"href":"https:\/\/smago.de\/ws2\/wp-json\/wp\/v2\/tags?post=200662"}],"curies":[{"name":"wp","href":"https:\/\/api.w.org\/{rel}","templated":true}]}}