{"id":200003,"date":"2023-04-14T22:00:39","date_gmt":"2023-04-14T20:00:39","guid":{"rendered":"https:\/\/smago.de\/ws2\/?p=200003"},"modified":"2023-04-14T22:02:39","modified_gmt":"2023-04-14T20:02:39","slug":"marko-abend-wissenswertes-ueber-seine-debuet-cd-alles-ausser-still-in-der-schreibweise-alles-ausser-still","status":"publish","type":"post","link":"https:\/\/smago.de\/ws2\/pop-schlager\/marko-abend-wissenswertes-ueber-seine-debuet-cd-alles-ausser-still-in-der-schreibweise-alles-ausser-still\/","title":{"rendered":"MARKO ABEND <br>Wissenswertes \u00fcber seine Deb\u00fct-CD &#8222;Alles au\u00dfer still&#8220; in der Schreibweise: &#8222;Alles ausser Still&#8220;!"},"content":{"rendered":"<p style=\"text-align: justify;\">Eine unerwartete Reise geht weiter &#8230;!<br \/>\n<!--more--><\/p>\n<p>&nbsp;<\/p>\n<p style=\"text-align: justify;\">\n<p style=\"text-align: justify;\">\n<p style=\"text-align: justify;\">Was als Spa\u00df mit einem Song begonnen hat, ger\u00e4t immer mehr in Bewegung.<\/p>\n<p style=\"text-align: justify;\">Als eine Online-Community Ende 2021 einen Song forderte und MARKO ABEND dem Wunsch nachkam, ging es bei ihm in k\u00fcrzester Zeit in Richtung Schlagerb\u00fchne und Charts.<\/p>\n<p style=\"text-align: justify;\">Mittlerweile gilt Marko Abend als \u201eDie raue Stimme des Nordens\u201c und ver\u00f6ffentlicht nun nach nur 18 \u00a0Monaten im Schlagergesch\u00e4ft, in Zusammenarbeit mit Top Seven Musikproduktion und Fiesta Records, dieses erste Album \u201eAlles ausser Still\u201c.<\/p>\n<p style=\"text-align: justify;\">Auf seinem Deb\u00fctalbum finden sich neben seinen bisherigen Erfolgen auch zwei brandneue Tracks sowie diverse Remixe auf dem Hause \u201eNur So!\u201c und des \u00f6sterreichischen Remixers \u201eCesaro Deejay\u201c. Als kleines Highlight d\u00fcrfen sich die H\u00f6rer zudem \u00fcber einen \u201eUltimate Fox Mix\u201c freuen, der in Zusammenarbeit mit TSM entstanden ist.<\/p>\n<p style=\"text-align: justify;\">Und die Reise geht weiter \u2026<\/p>\n<p style=\"text-align: justify;\">Ver\u00f6ffentlicht wurde das Album, das sowohl\u00a0im Handel als auch auf allen bekannten Streaming- und Download-Plattformen erh\u00e4ltlich ist, am 14.04.2023 auf auf dem erfolgreichen Label \u00a0Fiesta Records (Andreas Rosmiarek).<\/p>\n<p style=\"text-align: justify;\">Das Album ist ab dem 14.04.2023 im Handel und auf allen bekannten Streaming- und Download-Plattformen erh\u00e4ltlich!<\/p>\n","protected":false},"excerpt":{"rendered":"<p>Eine unerwartete Reise geht weiter &#8230;!<\/p>\n","protected":false},"author":2,"featured_media":200004,"comment_status":"open","ping_status":"closed","sticky":false,"template":"","format":"standard","meta":{"_FSMCFIC_featured_image_caption":"","_FSMCFIC_featured_image_nocaption":"","_FSMCFIC_featured_image_hide":""},"categories":[28],"tags":[2953],"acf":[],"_links":{"self":[{"href":"https:\/\/smago.de\/ws2\/wp-json\/wp\/v2\/posts\/200003"}],"collection":[{"href":"https:\/\/smago.de\/ws2\/wp-json\/wp\/v2\/posts"}],"about":[{"href":"https:\/\/smago.de\/ws2\/wp-json\/wp\/v2\/types\/post"}],"author":[{"embeddable":true,"href":"https:\/\/smago.de\/ws2\/wp-json\/wp\/v2\/users\/2"}],"replies":[{"embeddable":true,"href":"https:\/\/smago.de\/ws2\/wp-json\/wp\/v2\/comments?post=200003"}],"version-history":[{"count":3,"href":"https:\/\/smago.de\/ws2\/wp-json\/wp\/v2\/posts\/200003\/revisions"}],"predecessor-version":[{"id":200007,"href":"https:\/\/smago.de\/ws2\/wp-json\/wp\/v2\/posts\/200003\/revisions\/200007"}],"wp:featuredmedia":[{"embeddable":true,"href":"https:\/\/smago.de\/ws2\/wp-json\/wp\/v2\/media\/200004"}],"wp:attachment":[{"href":"https:\/\/smago.de\/ws2\/wp-json\/wp\/v2\/media?parent=200003"}],"wp:term":[{"taxonomy":"category","embeddable":true,"href":"https:\/\/smago.de\/ws2\/wp-json\/wp\/v2\/categories?post=200003"},{"taxonomy":"post_tag","embeddable":true,"href":"https:\/\/smago.de\/ws2\/wp-json\/wp\/v2\/tags?post=200003"}],"curies":[{"name":"wp","href":"https:\/\/api.w.org\/{rel}","templated":true}]}}