{"id":199982,"date":"2023-04-13T11:39:08","date_gmt":"2023-04-13T09:39:08","guid":{"rendered":"https:\/\/smago.de\/ws2\/?p=199982"},"modified":"2023-04-13T11:42:32","modified_gmt":"2023-04-13T09:42:32","slug":"luna-klee-ihr-gaensehaut-song-dann-bist-es-du-erscheint-am-14-04-2023-als-single","status":"publish","type":"post","link":"https:\/\/smago.de\/ws2\/pop-schlager\/luna-klee-ihr-gaensehaut-song-dann-bist-es-du-erscheint-am-14-04-2023-als-single\/","title":{"rendered":"LUNA KLEE <br>Ihr G\u00e4nsehaut-Song &#8222;Dann bist es du&#8220; erscheint am 14.04.2023 als Single!"},"content":{"rendered":"<p>Gro\u00dfe TV-Pr\u00e4sentation am 15.04.2023 in der &#8222;Beatrice Egli Show&#8220; im Ersten \/ in der ARD!<br \/>\n<!--more--><\/p>\n<p style=\"text-align: justify;\">\n<p style=\"text-align: justify;\">LUNA KLEE geh\u00f6rt zu den Schlager-Shooting-Stars des letzten Jahres. Von Ross Antony \u00fcber Andy Borg und Stefan Mross bis Florian Silbereisen \u2013 die junge S\u00e4ngerin war in den beliebtesten TV-Shows zu Gast und durfte ihre Musik einem Millionen -Publikum pr\u00e4sentieren. Bis weit in das neue Jahr hinein war sie mit allen drei (!) Singles \u201eDein Blick (Your Eyes)\u201c, \u201eLuftballon\u201c und \u201eDezembertr\u00e4ume\u201c (im Duett mit Ute Freudenberg) in den Radiohitparaden platziert. Und die Klickzahlen f\u00fcr ihre Videos und Auftritte gehen inzwischen Richtung der Millionengrenze. Eine Wahnsinns-Leistung nach gerade mal einem Dreivierteljahr auf der Schlager-Bildfl\u00e4che.<\/p>\n<p style=\"text-align: justify;\">Jetzt zeigt die 17-j\u00e4hrige Coburgerin eine neue Farbe. Auf ihrer neuen Single zeigt sie sich nicht nur so stimmgewaltig, sondern auch so emotional und pers\u00f6nlich wie noch nie. Am 14. April 2023 erscheint diese Single, und sie hei\u00dft \u201eDann bist es du\u201c.<\/p>\n<p style=\"text-align: justify;\">\n<p style=\"text-align: justify;\">Luna Klee:<em> \u201e\u2018Dann bist es du\u2018 ist meinem Bruder Nils gewidmet. Er ist 14 Jahre alt und hat das Down-Syndrom. Er und unser Bruder Lino sind neben meinen Eltern die Menschen, die mir am meisten bedeuten.\u201c Seit vielen Jahren engagiert sich Lunas Familie f\u00fcr die Entstigmatisierung. \u201eMit einem Menschen mit Down-Syndrom zu leben bedeutet zwar Herausforderung, aber nicht automatisch Leiden. Man bekommt unglaublich viel zur\u00fcck. Nils kann sich nicht verstellen. Wenn er lacht, dann wei\u00df ich, dass er es ehrlich meint. Wenn er sich freut, dann sieht es jeder, und wenn er traurig ist, auch. Und von all diesen Dingen erz\u00e4hlt \u201aDann bist es du\u2018.\u201c\u00a0<\/em><\/p>\n<p style=\"text-align: justify;\">Luna Klees Single \u201eDann bist es du\u201c erscheint am 14.04.2023. Einen Tag sp\u00e4ter, feiert die Single zur Primetime\u00a0TV-Premiere in der Beatrice-Egli-Show (ARD). Das Deb\u00fct-Album &#8222;Mein Kopf, mein Bauch, mein Herz&#8220; incl. der Hit-Singles \u201eDein Blick (Your Eyes)\u201c und \u201eLuftballon\u201c ist weiterhin erh\u00e4ltlich.<\/p>\n<p style=\"text-align: justify;\">Auch LIVE wird 2023 zu einem gro\u00dfen Abenteuer!<\/p>\n<p style=\"text-align: justify;\">Die Freude war gro\u00df, als Ute Freudenberg Luna eingeladen hatte, sie ab Oktober auf Konzerte ihrer \u201e50 Jahre Live-Tournee\u201c zu begleiten. Nicht nur eine Ehre f\u00fcr Luna, sondern auch eine tolle Chance und M\u00f6glichkeit, dem Publikum ihre Musik live zu pr\u00e4sentieren und sich f\u00fcr die bisherige Unterst\u00fctzung zu bedanken.<\/p>\n<p style=\"text-align: justify;\">\n<p style=\"text-align: justify;\">\n<p style=\"text-align: justify;\">\n<p style=\"text-align: justify;\">\n<p>&nbsp;<\/p>\n<p><strong><u>Ute Freudenberg: Stark wie nie &#8211; 50 Jahre live\u00a0<\/u><\/strong><\/p>\n<p>&nbsp;<\/p>\n<p>&nbsp;<\/p>\n<p><em><strong><u>Die Abschiedstournee mit Special Guests: Christian Lais + Luna Klee<\/u><\/strong><\/em><\/p>\n<p>&nbsp;<\/p>\n<p>27.10.23\u00a0\u00a0\u00a0\u00a0\u00a0\u00a0\u00a0\u00a0\u00a0 Erfurt, Alte Oper Erfurt<\/p>\n<p>28.10.23\u00a0\u00a0\u00a0\u00a0\u00a0\u00a0\u00a0\u00a0\u00a0 Magdeburg, AMO Kulturhaus<\/p>\n<p>29.10.23\u00a0\u00a0\u00a0\u00a0\u00a0\u00a0\u00a0\u00a0\u00a0 Neubrandenburg, Haus der Kultur und Bildung<\/p>\n<p>30.10.23\u00a0\u00a0\u00a0\u00a0\u00a0\u00a0\u00a0\u00a0\u00a0 Rostock, Stadthalle<\/p>\n<p>03.11.23\u00a0\u00a0\u00a0\u00a0\u00a0\u00a0\u00a0\u00a0\u00a0 Suhl, Congress Centrum Suhl<\/p>\n<p>04.11.23\u00a0\u00a0\u00a0\u00a0\u00a0\u00a0\u00a0\u00a0\u00a0 Cottbus, Stadthalle<\/p>\n<p>05.11.23\u00a0\u00a0\u00a0\u00a0\u00a0\u00a0\u00a0\u00a0\u00a0 Schwedt\/Oder, Uckerm\u00e4rkische B\u00fchnen<\/p>\n<p>09.11.23\u00a0\u00a0\u00a0\u00a0\u00a0\u00a0\u00a0\u00a0\u00a0 Leipzig, Gewandhaus zu Leipzig<\/p>\n<p>10.11.23\u00a0\u00a0\u00a0\u00a0\u00a0\u00a0\u00a0\u00a0\u00a0 Elsteraue (Zeitz), Kultur- und Kongresszentrum<\/p>\n<p>11.11.23\u00a0\u00a0\u00a0\u00a0\u00a0\u00a0\u00a0\u00a0\u00a0 Zwickau, Stadthalle<\/p>\n<p>12.11.23\u00a0\u00a0\u00a0\u00a0\u00a0\u00a0\u00a0\u00a0\u00a0 Chemnitz, Stadthalle<\/p>\n<p>16.11.23\u00a0\u00a0\u00a0\u00a0\u00a0\u00a0\u00a0\u00a0\u00a0 Dresden, Kulturpalast<\/p>\n<p>17.11.23\u00a0\u00a0\u00a0\u00a0\u00a0\u00a0\u00a0\u00a0\u00a0 Hoyerswerda, Lausitzhalle<\/p>\n<p>18.11.23\u00a0\u00a0\u00a0\u00a0\u00a0\u00a0\u00a0\u00a0\u00a0 Schwerin, Sport- und Kongresshalle<\/p>\n<p>24.11.23\u00a0\u00a0\u00a0\u00a0\u00a0\u00a0\u00a0\u00a0\u00a0 Gera, Kultur- und Kongresszentrum<\/p>\n<p>25.11.23\u00a0\u00a0\u00a0\u00a0\u00a0\u00a0\u00a0\u00a0\u00a0 Halle, Georg-Friedrich-H\u00e4ndel-Halle<\/p>\n<p>01.12.23\u00a0\u00a0\u00a0\u00a0\u00a0\u00a0\u00a0\u00a0\u00a0 L\u00f6bau, Messe-und Veranstaltungshalle<\/p>\n<p>02.12.23\u00a0\u00a0\u00a0\u00a0\u00a0\u00a0\u00a0\u00a0\u00a0 Annaberg-Buchholz, Festhalle<\/p>\n<p>03.12.23\u00a0\u00a0\u00a0\u00a0\u00a0\u00a0\u00a0\u00a0\u00a0 Gotha, Gothaer Kulturhaus<\/p>\n<p>04.12.23\u00a0\u00a0\u00a0\u00a0\u00a0\u00a0\u00a0\u00a0\u00a0 Berlin, Friedrichstadt-Palast<\/p>\n<p>09.12.23\u00a0\u00a0\u00a0\u00a0\u00a0\u00a0\u00a0\u00a0\u00a0 Stendal, B\u00fcrgerparkhalle<\/p>\n<p>15.12.23\u00a0\u00a0\u00a0\u00a0\u00a0\u00a0\u00a0\u00a0\u00a0 Brandenburg an der Havel, Stahlpalast<\/p>\n<p>16.12.23\u00a0\u00a0\u00a0\u00a0\u00a0\u00a0\u00a0\u00a0\u00a0 G\u00fcstrow, Sport-und Kongresshalle<\/p>\n<p>17.12.23\u00a0\u00a0\u00a0\u00a0\u00a0\u00a0\u00a0\u00a0\u00a0 Falkensee, Stadthalle<\/p>\n","protected":false},"excerpt":{"rendered":"<p>Gro\u00dfe TV-Pr\u00e4sentation am 15.04.2023 in der &#8222;Beatrice Egli Show&#8220; im Ersten \/ in der ARD!<\/p>\n","protected":false},"author":2,"featured_media":199985,"comment_status":"open","ping_status":"closed","sticky":false,"template":"","format":"standard","meta":{"_FSMCFIC_featured_image_caption":"","_FSMCFIC_featured_image_nocaption":"","_FSMCFIC_featured_image_hide":""},"categories":[28],"tags":[2476],"acf":[],"_links":{"self":[{"href":"https:\/\/smago.de\/ws2\/wp-json\/wp\/v2\/posts\/199982"}],"collection":[{"href":"https:\/\/smago.de\/ws2\/wp-json\/wp\/v2\/posts"}],"about":[{"href":"https:\/\/smago.de\/ws2\/wp-json\/wp\/v2\/types\/post"}],"author":[{"embeddable":true,"href":"https:\/\/smago.de\/ws2\/wp-json\/wp\/v2\/users\/2"}],"replies":[{"embeddable":true,"href":"https:\/\/smago.de\/ws2\/wp-json\/wp\/v2\/comments?post=199982"}],"version-history":[{"count":3,"href":"https:\/\/smago.de\/ws2\/wp-json\/wp\/v2\/posts\/199982\/revisions"}],"predecessor-version":[{"id":199986,"href":"https:\/\/smago.de\/ws2\/wp-json\/wp\/v2\/posts\/199982\/revisions\/199986"}],"wp:featuredmedia":[{"embeddable":true,"href":"https:\/\/smago.de\/ws2\/wp-json\/wp\/v2\/media\/199985"}],"wp:attachment":[{"href":"https:\/\/smago.de\/ws2\/wp-json\/wp\/v2\/media?parent=199982"}],"wp:term":[{"taxonomy":"category","embeddable":true,"href":"https:\/\/smago.de\/ws2\/wp-json\/wp\/v2\/categories?post=199982"},{"taxonomy":"post_tag","embeddable":true,"href":"https:\/\/smago.de\/ws2\/wp-json\/wp\/v2\/tags?post=199982"}],"curies":[{"name":"wp","href":"https:\/\/api.w.org\/{rel}","templated":true}]}}