{"id":199608,"date":"2023-04-06T23:59:32","date_gmt":"2023-04-06T21:59:32","guid":{"rendered":"https:\/\/smago.de\/ws2\/?p=199608"},"modified":"2023-04-06T21:27:42","modified_gmt":"2023-04-06T19:27:42","slug":"lord-of-the-lost-u-a-fr-0704-2023-in-der-ndr-talk-show-zu-gast","status":"publish","type":"post","link":"https:\/\/smago.de\/ws2\/uncategorized\/lord-of-the-lost-u-a-fr-0704-2023-in-der-ndr-talk-show-zu-gast\/","title":{"rendered":"LORD OF THE LOST u.a. <br>Fr. (0704.2023) in der &#8222;NDR Talk Show&#8220; zu Gast!"},"content":{"rendered":"<p>NDR Fernsehen + HR Fernsehen, 21:45 Uhr &#8211; 00:00 Uhr!\u00a0<span class=\"title columns\"><span class=\"subtitle\">Moderation: Johannes Wimmer und Bettina Tietjen<\/span><\/span><span class=\"labels columns\"><span class=\"tip-label hasThumbImage mr10\" title=\"TV-Tipp!\">!<br \/>\n<\/span><\/span><!--more--><\/p>\n<p>&nbsp;<\/p>\n<p>&nbsp;<\/p>\n<p style=\"text-align: justify;\"><strong>G\u00e4ste:<\/strong><\/p>\n<p>&nbsp;<\/p>\n<p>&nbsp;<\/p>\n<ul style=\"text-align: justify;\">\n<li>J\u00f6rg Thadeusz, Journalist, Autor und Moderator<\/li>\n<li>Laura Karasek, Moderatorin<\/li>\n<li>Desir\u00e9e Nosbusch, Schauspielerin<\/li>\n<li>Olivia Jones, Entertainerin<\/li>\n<li>Frank Hoffmann, Pastor<\/li>\n<li>Anna Schudt, Schauspielerin<\/li>\n<li>Lord Of The Lost, Musikband<\/li>\n<\/ul>\n<div class=\"left-list-col columns\"><\/div>\n<div><\/div>\n<div><\/div>\n<div><\/div>\n<div><\/div>\n<ul style=\"text-align: justify;\">\n<li><strong>J\u00f6rg Thadeusz, Journalist, Autor und Moderator<\/strong><\/li>\n<\/ul>\n<p>&nbsp;<\/p>\n<p style=\"text-align: justify;\">Seine B\u00fccher tragen lustige Titel wie &#8222;Die Vereinigten Zutaten von Amerika&#8220; oder &#8222;Wie riecht die Queen?&#8220;. J\u00f6rg Thadeusz, der f\u00fcr seinen Job als Au\u00dfenreporter bei &#8222;Zimmer frei!&#8220; einen Grimme-Preis erh\u00e4lt, ist mittlerweile ein etablierter Buchautor. Seine Radio- und Fernsehformate haben wie die B\u00fccher immer einen originellen Blickwinkel. Sieben Jahre lang moderiert er die Talksendung &#8222;Thadeusz&#8220; und seit 2013 die politische Gespr\u00e4chssendung &#8222;Thadeusz und die Beobachter&#8220;. Nun erscheint sein neuer Roman &#8222;Steinhammer&#8220;, der sich an das Leben des Malers und Beuys-Sch\u00fclers Norbert Tadeusz anlehnt, der mit J\u00f6rg Thadeusz verwandt ist, aber das &#8222;h&#8220; in seinem Namen gestrichen hat. Wie unkonventionell der Dortmunder K\u00fcnstler war, erz\u00e4hlt J\u00f6rg Thadeusz unter anderem in der &#8222;NDR Talk Show&#8220;.<\/p>\n<p>&nbsp;<\/p>\n<p>&nbsp;<\/p>\n<p>&nbsp;<\/p>\n<p>&nbsp;<\/p>\n<ul style=\"text-align: justify;\">\n<li><strong>Laura Karasek, Moderatorin<\/strong><\/li>\n<\/ul>\n<p>&nbsp;<\/p>\n<p style=\"text-align: justify;\">Ob Podcast, Talk- der Spielshow, sie moderiert auf allen Kan\u00e4len: Laura Karasek. Sie ist in Hamburg geboren, hat Jura studiert und ist als Kolumnistin und Romanautorin schon mal in die Fu\u00dfstapfen ihrer Eltern Armgard Seegers und Hellmuth Karasek getreten. Jetzt hat die Mutter von Zwillingen den Chef*innen-Sessel der &#8222;NDR Quizshow&#8220; im NDR Fernsehen erklommen und stellt ab April regelm\u00e4\u00dfig den Teilnehmenden ihre knackigen Fragen. Sie \u00fcbernimmt den Staffelstab von J\u00f6rg Pilawa, dessen Vorg\u00e4nger Alexander Bommes, Carlo von Tiedemann und Ludger Abeln waren. F\u00fcr den NDR hat Laura Karasek schon die Sendung &#8222;Soul Kitchen \u2013 Die Geschichte eines Abends&#8220; moderiert, die gleich f\u00fcr den Grimme-Preis nominiert wurde. Gute Voraussetzungen f\u00fcr ihren Neustart.<\/p>\n<p>&nbsp;<\/p>\n<p>&nbsp;<\/p>\n<p>&nbsp;<\/p>\n<p>&nbsp;<\/p>\n<ul style=\"text-align: justify;\">\n<li><strong>D\u00e9sir\u00e9e Nosbusch, Schauspielerin<\/strong><\/li>\n<\/ul>\n<p>&nbsp;<\/p>\n<p style=\"text-align: justify;\">Bereits mit zw\u00f6lf Jahren moderiert sie bei Radio Luxemburg, mit 15 Jahren bekommt sie eine eigene Show. Dass die heute 58-J\u00e4hrige inzwischen eine preisgekr\u00f6nte Schauspielerin, Moderatorin und Produzentin ist, war trotzdem nicht abzusehen. Sie sei in den Beruf nur hereingestolpert, sagt D\u00e9sir\u00e9e Nosbusch r\u00fcckblickend. Ein Gl\u00fccksfall f\u00fcr sie und die Zuschauerinnen und Zuschauer: Seit \u00fcber 40 Jahren gl\u00e4nzt die Luxemburgerin in vielen Filmen. F\u00fcr ihre Rolle als machthungrige Bankerin in der Serie &#8222;Bad Banks&#8220; bekam sie 2019 einen Grimme-Preis, aktuell ist sie in &#8222;Conti &#8211; Meine 2 Gesichter&#8220; als Staranw\u00e4ltin zu sehen. \u00dcber die H\u00f6hen und Tiefen ihrer bewegten Karriere und die Dinge, die ihr dar\u00fcber hinaus am Herzen liegen, spricht D\u00e9sir\u00e9e Nosbusch in der &#8222;NDR Talk Show&#8220;.<\/p>\n<p>&nbsp;<\/p>\n<p>&nbsp;<\/p>\n<p>&nbsp;<\/p>\n<p>&nbsp;<\/p>\n<ul style=\"text-align: justify;\">\n<li><strong>Olivia Jones, Entertainerin<\/strong><\/li>\n<\/ul>\n<p>&nbsp;<\/p>\n<p style=\"text-align: justify;\">Schon als Jugendlicher sorgt der kleine Oliver in der nieders\u00e4chsischen Kleinstadt Springe bei Hannover f\u00fcr Aufsehen, wenn er in Frauenkleidern in die Schule geht. Heute ist er in fast ganz Deutschland unter dem Namen Olivia Jones bekannt. Seine Karriere als Travestiek\u00fcnstlerin beginnt endg\u00fcltig 1997 mit dem Gewinn des Titels &#8222;Miss Drag Queen of the World&#8220; in Miami. Seither ist Olivia Jones auf vielen B\u00fchnen aktiv: als erfolgreiche Unternehmerin, politische Aktivistin und engagierte Botschafterin f\u00fcr Toleranz. Aktuell hat sie sich in einer Doku-Reihe mit dem Thema &#8222;Sterben f\u00fcr Anf\u00e4nger&#8220; auseinandergesetzt. Ohne Ber\u00fchrungs\u00e4ngste, aber voller Neugier. F\u00fcr die Zeit \u00dc50 hat sich Olivia Jones geschworen, nicht mehr zu verdr\u00e4ngen, was todsicher kommt.<\/p>\n<p>&nbsp;<\/p>\n<p>&nbsp;<\/p>\n<p>&nbsp;<\/p>\n<p>&nbsp;<\/p>\n<ul style=\"text-align: justify;\">\n<li><strong>Frank Hoffmann, Pastor<\/strong><\/li>\n<\/ul>\n<p>&nbsp;<\/p>\n<p style=\"text-align: justify;\">Das Hamburger Vergn\u00fcgungsviertel St. Pauli ist \u00fcber die Grenzen der Freien und Hansestadt hinaus bekannt f\u00fcr seine harten Partyn\u00e4chte, Erotikshows und das Rotlichtmilieu. Inmitten dieser Szenerie geht der Pastor Frank &#8222;Franki&#8220; Hoffmann seiner Arbeit nach. Sein eigentlicher Beruf ist Designer, seit vielen Jahren arbeitet er als Pastor, betet mit &#8222;echten Kiezianern&#8220;, wie er sie nennt, und hat ohne missionarischen Anspruch ein offenes Ohr f\u00fcr alle St. Paulianer, die Halt suchen. Als seine &#8222;Homebase&#8220; bezeichnet Frank Hoffmann das Tabledancelokal Susis Show Bar. Hier veranstaltet er inmitten von erotischer Umgebung regelm\u00e4\u00dfig Gottesdienste. Mit gro\u00dfem Zuspruch. Welches Schicksal ihn besonders bewegt hat, warum Religion und Rotlichtmilieu sich nicht ausschlie\u00dfen und wie Ostern auf St. Pauli gefeiert wird, erz\u00e4hlt der Kiezpastor in der &#8222;NDR Talk Show&#8220;.<\/p>\n<p>&nbsp;<\/p>\n<p>&nbsp;<\/p>\n<p>&nbsp;<\/p>\n<p>&nbsp;<\/p>\n<ul style=\"text-align: justify;\">\n<li><strong>Anna Schudt, Schauspielerin<\/strong><\/li>\n<\/ul>\n<p>&nbsp;<\/p>\n<p style=\"text-align: justify;\">Rauf auf die B\u00fchne! Das ist schon als Teenagerin der Traum von Anna Schudt, Jahrgang 1974. Also pfeift sie aufs Abitur, bricht mit 17 die Schule ab und beginnt lieber ein Schauspielstudium. Mit Erfolg, ob Film, Fernsehen oder Theater: Anna Schudt legt jedes Mal eine starke Perfomance hin und ist bereits mit dem Deutschen Fernsehpreis und dem International Emmy Award ausgezeichnet. Bis 2022 war sie als Dortmunder &#8222;Tatort&#8220;-Kommissarin Martina B\u00f6nisch zu sehen. F\u00fcr ihre neueste Rolle hantiert Anna Schudt statt mit Waffe mit dem Bogen, genauer gesagt mit einem Cellobogen. Denn im Drama &#8222;Laufen&#8220; spielt sie eine Cellistin, die \u00fcbers Joggen versucht, den Suizid ihres Lebensgef\u00e4hrten zu bew\u00e4ltigen. Welche alte Passion die Dreifachmutter durch den Film nach vielen Jahren wieder f\u00fcr sich entdeckt hat, woraus sie in schwierigen Zeiten die meiste Kraft sch\u00f6pft und wie es f\u00fcr sie ist, dass ihr Ehepartner Moritz F\u00fchrmann nun ohne sie an den &#8222;Tatort&#8220;-Set f\u00e4hrt, erz\u00e4hlt Anna Schudt in der &#8222;NDR Talk Show&#8220;.<\/p>\n<p>&nbsp;<\/p>\n<p>&nbsp;<\/p>\n<p>&nbsp;<\/p>\n<p>&nbsp;<\/p>\n<ul style=\"text-align: justify;\">\n<li><strong>Lord Of The Lost, Musikband<\/strong><\/li>\n<\/ul>\n<p>&nbsp;<\/p>\n<p style=\"text-align: justify;\">Im Alltag sind sie Chris, Klaas, Gerrit, Niklas und Pi. Aber auf der B\u00fchne hei\u00dfen sie Lord Of The Lost und werden Deutschland am 13. Mai beim Eurovision Song Contest in Liverpool vertreten. Anfang M\u00e4rz setzte sich die Band beim deutschen Vorentscheid mit ihrem Metal-Rock-Song &#8222;Blood &amp; Glitter&#8220; gegen sieben Konkurrenten durch. Sie \u00fcberzeugte nicht nur mit einem lautstarken Auftritt, sondern auch mit einem besonderen Look: dunkles Make-up, Lack, rotes Leder und dazu jede Menge Glitzer, die Jungs aus Hamburg und dem Harz wissen, wie Auffallen geht. 2009 gegr\u00fcndet, pr\u00e4sentieren sie kurz darauf ihr erstes Album &#8222;Fears&#8220; und gehen anschlie\u00dfend auf gro\u00dfe Tour. Es folgen Auftritte bei Festivals wie dem Wacken Open Air oder dem M&#8217;era Luna. Mit ihrem aktuellen Album katapultieren sich die Musiker Anfang des Jahres in weniger als einer Woche an die Spitze der Charts. Wie sie sich auf den gro\u00dfen ESC-Auftritt vorbereiten, was die f\u00fcnf Bandmitglieder abgesehen von der Musikleidenschaft miteinander verbindet und welche ganz &#8222;unrockigen&#8220; Talente noch in ihnen schlummern, das und mehr verraten Lord Of The Lost in der &#8222;NDR Talk Show&#8220;.<\/p>\n<p>&nbsp;<\/p>\n<p>&nbsp;<\/p>\n<p>&nbsp;<\/p>\n<figure id=\"attachment_199609\" aria-describedby=\"caption-attachment-199609\" style=\"width: 800px\" class=\"wp-caption alignnone\"><img decoding=\"async\" loading=\"lazy\" class=\"size-large wp-image-199609\" src=\"https:\/\/smago.de\/ws2\/wp-content\/uploads\/2023\/04\/1_NDR_Talk_Show_Hand_in_Hand-2-800x448.jpg\" alt=\"\" width=\"800\" height=\"448\" srcset=\"https:\/\/smago.de\/ws2\/wp-content\/uploads\/2023\/04\/1_NDR_Talk_Show_Hand_in_Hand-2-800x448.jpg 800w, https:\/\/smago.de\/ws2\/wp-content\/uploads\/2023\/04\/1_NDR_Talk_Show_Hand_in_Hand-2-522x292.jpg 522w, https:\/\/smago.de\/ws2\/wp-content\/uploads\/2023\/04\/1_NDR_Talk_Show_Hand_in_Hand-2-268x150.jpg 268w, https:\/\/smago.de\/ws2\/wp-content\/uploads\/2023\/04\/1_NDR_Talk_Show_Hand_in_Hand-2-768x430.jpg 768w, https:\/\/smago.de\/ws2\/wp-content\/uploads\/2023\/04\/1_NDR_Talk_Show_Hand_in_Hand-2-1536x860.jpg 1536w, https:\/\/smago.de\/ws2\/wp-content\/uploads\/2023\/04\/1_NDR_Talk_Show_Hand_in_Hand-2-2048x1147.jpg 2048w, https:\/\/smago.de\/ws2\/wp-content\/uploads\/2023\/04\/1_NDR_Talk_Show_Hand_in_Hand-2-392x220.jpg 392w, https:\/\/smago.de\/ws2\/wp-content\/uploads\/2023\/04\/1_NDR_Talk_Show_Hand_in_Hand-2-130x73.jpg 130w, https:\/\/smago.de\/ws2\/wp-content\/uploads\/2023\/04\/1_NDR_Talk_Show_Hand_in_Hand-2-794x445.jpg 794w, https:\/\/smago.de\/ws2\/wp-content\/uploads\/2023\/04\/1_NDR_Talk_Show_Hand_in_Hand-2-870x487.jpg 870w, https:\/\/smago.de\/ws2\/wp-content\/uploads\/2023\/04\/1_NDR_Talk_Show_Hand_in_Hand-2-292x164.jpg 292w, https:\/\/smago.de\/ws2\/wp-content\/uploads\/2023\/04\/1_NDR_Talk_Show_Hand_in_Hand-2-435x244.jpg 435w\" sizes=\"(max-width: 800px) 100vw, 800px\" \/><figcaption id=\"caption-attachment-199609\" class=\"wp-caption-text\"><em>(v.l.n.r.:) Dr. Johannes Wimmer und Bettina Tietjen<\/em><\/p>\n<p><em>\u00a9 NDR \/ Hendrik L\u00fcders<\/em><\/figcaption><\/figure>\n","protected":false},"excerpt":{"rendered":"<p>NDR Fernsehen + HR Fernsehen, 21:45 Uhr &#8211; 00:00 Uhr!\u00a0Moderation: Johannes Wimmer und Bettina Tietjen!<\/p>\n","protected":false},"author":2,"featured_media":199609,"comment_status":"open","ping_status":"closed","sticky":false,"template":"","format":"standard","meta":{"_FSMCFIC_featured_image_caption":"","_FSMCFIC_featured_image_nocaption":"","_FSMCFIC_featured_image_hide":""},"categories":[1],"tags":[254],"acf":[],"_links":{"self":[{"href":"https:\/\/smago.de\/ws2\/wp-json\/wp\/v2\/posts\/199608"}],"collection":[{"href":"https:\/\/smago.de\/ws2\/wp-json\/wp\/v2\/posts"}],"about":[{"href":"https:\/\/smago.de\/ws2\/wp-json\/wp\/v2\/types\/post"}],"author":[{"embeddable":true,"href":"https:\/\/smago.de\/ws2\/wp-json\/wp\/v2\/users\/2"}],"replies":[{"embeddable":true,"href":"https:\/\/smago.de\/ws2\/wp-json\/wp\/v2\/comments?post=199608"}],"version-history":[{"count":2,"href":"https:\/\/smago.de\/ws2\/wp-json\/wp\/v2\/posts\/199608\/revisions"}],"predecessor-version":[{"id":199611,"href":"https:\/\/smago.de\/ws2\/wp-json\/wp\/v2\/posts\/199608\/revisions\/199611"}],"wp:featuredmedia":[{"embeddable":true,"href":"https:\/\/smago.de\/ws2\/wp-json\/wp\/v2\/media\/199609"}],"wp:attachment":[{"href":"https:\/\/smago.de\/ws2\/wp-json\/wp\/v2\/media?parent=199608"}],"wp:term":[{"taxonomy":"category","embeddable":true,"href":"https:\/\/smago.de\/ws2\/wp-json\/wp\/v2\/categories?post=199608"},{"taxonomy":"post_tag","embeddable":true,"href":"https:\/\/smago.de\/ws2\/wp-json\/wp\/v2\/tags?post=199608"}],"curies":[{"name":"wp","href":"https:\/\/api.w.org\/{rel}","templated":true}]}}