{"id":199535,"date":"2023-04-05T00:00:18","date_gmt":"2023-04-04T22:00:18","guid":{"rendered":"https:\/\/smago.de\/ws2\/?p=199535"},"modified":"2023-04-04T22:47:27","modified_gmt":"2023-04-04T20:47:27","slug":"stefanie-hertel-heute-vorabend-05-04-2023-in-der-sendung-das-zu-gast","status":"publish","type":"post","link":"https:\/\/smago.de\/ws2\/uncategorized\/stefanie-hertel-heute-vorabend-05-04-2023-in-der-sendung-das-zu-gast\/","title":{"rendered":"STEFANIE HERTEL <br>Heute Vorabend (05.04.2023) in der Sendung &#8222;DAS!&#8220; zu Gast!"},"content":{"rendered":"<p>NDR Fernsehen, 18:45 Uhr &#8211; 19:30 Uhr (Wh.: 06.04., 05:15 Uhr &#8211; 06:00 Uhr)!<br \/>\n<!--more--><\/p>\n<p>&nbsp;<\/p>\n<p style=\"text-align: justify;\">\n<p style=\"text-align: justify;\">Als Schlagerstar und Entertainerin ist sie l\u00e4ngst eine feste Gr\u00f6\u00dfe im deutschen Showgesch\u00e4ft. Jetzt wird STEFANIE HERTEL in Hamburg auch noch zur Dancing Queen. Im Erfolgsmusical &#8222;Mamma Mia&#8220; im Stage Theater Neue Flora betritt sie zum ersten Mal die gro\u00dfe Musicalb\u00fchne.<\/p>\n<p><em>&#8222;&#8218;Mamma Mia&#8216; ist f\u00fcr mich das Nonplusultra, weil ich der gr\u00f6\u00dfte Abba-Fan bin&#8220;,<\/em> freut sich die 43-j\u00e4hrige S\u00e4ngerin.<\/p>\n<p style=\"text-align: justify;\">Auf dem Roten Sofa erz\u00e4hlt sie zwei Tage vor ihrem ersten Auftritt von wochenlangen Proben und neuen Erfahrungen in der Musical-Welt.<\/p>\n<p>&nbsp;<\/p>\n<p>&nbsp;<\/p>\n<figure id=\"attachment_199536\" aria-describedby=\"caption-attachment-199536\" style=\"width: 800px\" class=\"wp-caption alignnone\"><img decoding=\"async\" loading=\"lazy\" class=\"size-large wp-image-199536\" src=\"https:\/\/smago.de\/ws2\/wp-content\/uploads\/2023\/04\/hertel_A.-Stingl-800x450.jpeg\" alt=\"\" width=\"800\" height=\"450\" srcset=\"https:\/\/smago.de\/ws2\/wp-content\/uploads\/2023\/04\/hertel_A.-Stingl-800x450.jpeg 800w, https:\/\/smago.de\/ws2\/wp-content\/uploads\/2023\/04\/hertel_A.-Stingl-522x294.jpeg 522w, https:\/\/smago.de\/ws2\/wp-content\/uploads\/2023\/04\/hertel_A.-Stingl-267x150.jpeg 267w, https:\/\/smago.de\/ws2\/wp-content\/uploads\/2023\/04\/hertel_A.-Stingl-768x432.jpeg 768w, https:\/\/smago.de\/ws2\/wp-content\/uploads\/2023\/04\/hertel_A.-Stingl-1536x864.jpeg 1536w, https:\/\/smago.de\/ws2\/wp-content\/uploads\/2023\/04\/hertel_A.-Stingl-392x221.jpeg 392w, https:\/\/smago.de\/ws2\/wp-content\/uploads\/2023\/04\/hertel_A.-Stingl-130x73.jpeg 130w, https:\/\/smago.de\/ws2\/wp-content\/uploads\/2023\/04\/hertel_A.-Stingl-791x445.jpeg 791w, https:\/\/smago.de\/ws2\/wp-content\/uploads\/2023\/04\/hertel_A.-Stingl-870x489.jpeg 870w, https:\/\/smago.de\/ws2\/wp-content\/uploads\/2023\/04\/hertel_A.-Stingl-292x164.jpeg 292w, https:\/\/smago.de\/ws2\/wp-content\/uploads\/2023\/04\/hertel_A.-Stingl-435x245.jpeg 435w, https:\/\/smago.de\/ws2\/wp-content\/uploads\/2023\/04\/hertel_A.-Stingl-895x503.jpeg 895w, https:\/\/smago.de\/ws2\/wp-content\/uploads\/2023\/04\/hertel_A.-Stingl.jpeg 1920w\" sizes=\"(max-width: 800px) 100vw, 800px\" \/><figcaption id=\"caption-attachment-199536\" class=\"wp-caption-text\"><em>Foto-Credit: Schumann &amp; Stingl \/ A. Stingl<\/em><\/figcaption><\/figure>\n","protected":false},"excerpt":{"rendered":"<p>NDR Fernsehen, 18:45 Uhr &#8211; 19:30 Uhr (Wh.: 06.04., 05:15 Uhr &#8211; 06:00 Uhr)!<\/p>\n","protected":false},"author":2,"featured_media":199536,"comment_status":"open","ping_status":"closed","sticky":false,"template":"","format":"standard","meta":{"_FSMCFIC_featured_image_caption":"","_FSMCFIC_featured_image_nocaption":"","_FSMCFIC_featured_image_hide":""},"categories":[1],"tags":[91],"acf":[],"_links":{"self":[{"href":"https:\/\/smago.de\/ws2\/wp-json\/wp\/v2\/posts\/199535"}],"collection":[{"href":"https:\/\/smago.de\/ws2\/wp-json\/wp\/v2\/posts"}],"about":[{"href":"https:\/\/smago.de\/ws2\/wp-json\/wp\/v2\/types\/post"}],"author":[{"embeddable":true,"href":"https:\/\/smago.de\/ws2\/wp-json\/wp\/v2\/users\/2"}],"replies":[{"embeddable":true,"href":"https:\/\/smago.de\/ws2\/wp-json\/wp\/v2\/comments?post=199535"}],"version-history":[{"count":1,"href":"https:\/\/smago.de\/ws2\/wp-json\/wp\/v2\/posts\/199535\/revisions"}],"predecessor-version":[{"id":199537,"href":"https:\/\/smago.de\/ws2\/wp-json\/wp\/v2\/posts\/199535\/revisions\/199537"}],"wp:featuredmedia":[{"embeddable":true,"href":"https:\/\/smago.de\/ws2\/wp-json\/wp\/v2\/media\/199536"}],"wp:attachment":[{"href":"https:\/\/smago.de\/ws2\/wp-json\/wp\/v2\/media?parent=199535"}],"wp:term":[{"taxonomy":"category","embeddable":true,"href":"https:\/\/smago.de\/ws2\/wp-json\/wp\/v2\/categories?post=199535"},{"taxonomy":"post_tag","embeddable":true,"href":"https:\/\/smago.de\/ws2\/wp-json\/wp\/v2\/tags?post=199535"}],"curies":[{"name":"wp","href":"https:\/\/api.w.org\/{rel}","templated":true}]}}