{"id":199525,"date":"2023-04-05T00:00:57","date_gmt":"2023-04-04T22:00:57","guid":{"rendered":"https:\/\/smago.de\/ws2\/?p=199525"},"modified":"2023-04-04T22:35:52","modified_gmt":"2023-04-04T20:35:52","slug":"paso-doble-dem-himmel-sei-dank-am-11-04-2023-erscheint-ihre-neue-single","status":"publish","type":"post","link":"https:\/\/smago.de\/ws2\/uncategorized\/paso-doble-dem-himmel-sei-dank-am-11-04-2023-erscheint-ihre-neue-single\/","title":{"rendered":"PASO DOBLE <br>&#8222;Dem Himmel sei Dank&#8220;: Am 11.04.2023 erscheint ihre neue Single!"},"content":{"rendered":"<p style=\"text-align: justify;\">40 Jahre PASO DOBLE und seit 44 Jahren ein Paar \u2014 ein f\u00fcrwahr spektakul\u00e4res Doppeljubil\u00e4um!<br \/>\n<!--more--><\/p>\n<p>&nbsp;<\/p>\n<p>&nbsp;<\/p>\n<p style=\"text-align: justify;\">\n<p style=\"text-align: justify;\">Diese Bilanz kann sich sehen lassen &#8230;: \u00a040 Jahre PASO DOBLE und seit 44 Jahren ein Paar!<\/p>\n<p style=\"text-align: justify;\">Tatsache! Das Duo Paso Doble feiert 2023 40-j\u00e4hriges &#8222;Band&#8220;-Jubil\u00e4um.<\/p>\n<p style=\"text-align: justify;\">Wir gehen mal eben 40 (!)Jahre zur\u00fcck. Rale Oberpichler, 30-j\u00e4hrig, die als S\u00e4ngerin in der Hamburger Musikszene eine feste Gr\u00f6\u00dfe ist, und der 26-j\u00e4hrige Frank Oberpichler, der sich als Pianist, Komponist und Arrangeur in der deutschen Studioszene einen Namen gemacht hat, gr\u00fcnden die Formation \u201ePASO DOBLE\u201c, die zwei Jahre sp\u00e4ter mit ihren Chart-Hits \u201eComputerliebe (Die Module spiel&#8217;n verr\u00fcckt)\u201c und \u201eHerz an Herz\u201c durch die Decke gehen sollten. Der typische PASO DOBLE-Sound, Rales sympathischer, weicher Chorgesang \u00fcber harten elektronischen Beats ist bis heute \u2013 40 Jahre sp\u00e4ter \u2013 \u00a0ihr unverwechselbares einzigartiges Markenzeichen.<\/p>\n<p style=\"text-align: justify;\">Zur\u00fcck zu 2023: Bei Rale und Frank spielen die Module nach wie vor verr\u00fcckt. Sie sind live und im Studio st\u00e4ndig besch\u00e4ftigt.<\/p>\n<p style=\"text-align: justify;\">In ihrem Jubil\u00e4umsjahr 2023 ver\u00f6ffentlichen Paso Doble ihr neues Album &#8222;Liebe ist&#8220;.<\/p>\n<p style=\"text-align: justify;\">Aus diesem kommenden Album stammt die neue Single &#8222;Dem Himmel sei Dank&#8220; \u2013 ein weiterer, ganz pers\u00f6nlicher, Song aus der Reihe ihrer Liebes-Songs:\u00a0Von der gro\u00dfen Liebe tr\u00e4umt wohl ein jeder von uns, und dieser Song strahlt diese Dankbarkeit aus, die man f\u00fchlen kann, wenn es einem verg\u00f6nnt ist, seine gro\u00dfe Liebe zu treffen und zu erkennen.<\/p>\n<p style=\"text-align: justify;\">Auch dieses neue Werk von Rale und Frank hat absolut Hit-Potenzial.<\/p>\n","protected":false},"excerpt":{"rendered":"<p>40 Jahre PASO DOBLE und seit 44 Jahren ein Paar \u2014 ein f\u00fcrwahr spektakul\u00e4res Doppeljubil\u00e4um!<\/p>\n","protected":false},"author":2,"featured_media":199526,"comment_status":"open","ping_status":"closed","sticky":false,"template":"","format":"standard","meta":{"_FSMCFIC_featured_image_caption":"","_FSMCFIC_featured_image_nocaption":"","_FSMCFIC_featured_image_hide":""},"categories":[1],"tags":[1787],"acf":[],"_links":{"self":[{"href":"https:\/\/smago.de\/ws2\/wp-json\/wp\/v2\/posts\/199525"}],"collection":[{"href":"https:\/\/smago.de\/ws2\/wp-json\/wp\/v2\/posts"}],"about":[{"href":"https:\/\/smago.de\/ws2\/wp-json\/wp\/v2\/types\/post"}],"author":[{"embeddable":true,"href":"https:\/\/smago.de\/ws2\/wp-json\/wp\/v2\/users\/2"}],"replies":[{"embeddable":true,"href":"https:\/\/smago.de\/ws2\/wp-json\/wp\/v2\/comments?post=199525"}],"version-history":[{"count":2,"href":"https:\/\/smago.de\/ws2\/wp-json\/wp\/v2\/posts\/199525\/revisions"}],"predecessor-version":[{"id":199528,"href":"https:\/\/smago.de\/ws2\/wp-json\/wp\/v2\/posts\/199525\/revisions\/199528"}],"wp:featuredmedia":[{"embeddable":true,"href":"https:\/\/smago.de\/ws2\/wp-json\/wp\/v2\/media\/199526"}],"wp:attachment":[{"href":"https:\/\/smago.de\/ws2\/wp-json\/wp\/v2\/media?parent=199525"}],"wp:term":[{"taxonomy":"category","embeddable":true,"href":"https:\/\/smago.de\/ws2\/wp-json\/wp\/v2\/categories?post=199525"},{"taxonomy":"post_tag","embeddable":true,"href":"https:\/\/smago.de\/ws2\/wp-json\/wp\/v2\/tags?post=199525"}],"curies":[{"name":"wp","href":"https:\/\/api.w.org\/{rel}","templated":true}]}}