{"id":199323,"date":"2023-03-31T23:59:21","date_gmt":"2023-03-31T21:59:21","guid":{"rendered":"https:\/\/smago.de\/ws2\/?p=199323"},"modified":"2023-03-31T22:45:17","modified_gmt":"2023-03-31T20:45:17","slug":"rtl-deutschland-quotenstarkes-quartal","status":"publish","type":"post","link":"https:\/\/smago.de\/ws2\/smago-informiert\/rtl-deutschland-quotenstarkes-quartal\/","title":{"rendered":"&#8222;RTL DEUTSCHLAND&#8220; <br>Quotenstarkes Quartal:"},"content":{"rendered":"<p style=\"text-align: justify;\">RTL Deutschland mit bestem Start seit drei Jahren +++ Vorsprung zur privaten Konkurrenz ausgebaut +++<br \/>\n<!--more--><\/p>\n<p>&nbsp;<\/p>\n<p>&nbsp;<\/p>\n<ul>\n<li><strong>RTL Deutschland mit 27,6 Prozent Marktanteil (14-59) in Q1<\/strong><\/li>\n<li><strong>Abstand zu ProSiebenSat.1 auf 6,4 Prozentpunkte ausgebaut\u00a0<\/strong><\/li>\n<li><strong>RTL legt zu und ist in allen relevanten Zielgruppen die Nummer 1\u00a0<\/strong><\/li>\n<li><strong>VOX bei 14-59 sowohl im M\u00e4rz als auch im gesamten Q1 auf Platz 2 der Privatsender\u00a0<\/strong><\/li>\n<\/ul>\n<p>&nbsp;<\/p>\n<p>&nbsp;<\/p>\n<p style=\"text-align: justify;\">\n<p style=\"text-align: justify;\">Grandioses erstes Quartal f\u00fcr RTL Deutschland: Mit einem sehr guten Marktanteil von 27,6 Prozent in der Kernzielgruppe der 14- bis 59-J\u00e4hrigen verzeichnet die Senderfamilie den besten Start seit drei Jahren. Gleichzeitig baut RTL Deutschland den Vorsprung auf ProSiebenSat.1 (MA 14-59: 21,2%) auf 6,4 Prozentpunkte deutlich aus.<\/p>\n<p style=\"text-align: justify;\">RTL war im ersten Quartal in allen wichtigen Zielgruppen Marktf\u00fchrer und konnte sich als einziger Sender \u00fcberhaupt durchg\u00e4ngig gegen\u00fcber den Vorjahren steigern. In der Kernzielgruppe der 14- bis 59-J\u00e4hrigen liegt RTL mit einem Marktanteil von 10,5 Prozent um einen Prozentpunkt \u00fcber dem gleichen Zeitraum im Jahr 2022. Bei den 14- bis 49-J\u00e4hrigen liegt RTL mit einem Marktanteil von 11,5 Prozent um 3,5 Prozentpunkte vor dem n\u00e4chstbesten Mitbewerber. Den gr\u00f6\u00dften Zuwachs gegen\u00fcber dem ersten Quartal des Vorjahres verzeichnet RTL mit 1,8 Prozentpunkten in der jungen Zielgruppe der 14- bis 39-J\u00e4hrigen. Hier platziert sich der Sender mit 13,4 Prozent Marktanteil ebenfalls deutlich vor dem Zweitplatzierten.<\/p>\n<p style=\"text-align: justify;\">Auch VOX feiert einen starken Quartalserfolg und sichert sich bei den 14- bis 59-J\u00e4hrigen mit 6,1 Prozent Marktanteil erstmals \u00fcber das gesamte erste Quartal Platz 2 der Privatsender. Auch im M\u00e4rz 2023 belegt VOX Platz 2 der Privaten und liegt mit guten 6,6 Prozent Markanteil 0,5 Prozentpunkte \u00fcber dem Vormonat und 0,2 Prozentpunkte \u00fcber dem Vorjahresmonat.<\/p>\n<p style=\"text-align: justify;\">\n<p style=\"text-align: justify;\">\n<p style=\"text-align: justify;\"><em>Quelle f\u00fcr die TV-Quoten: AGF \/ GfK \/ DAP videoSCOPE \/ RTL DATA \/ 1.1. \u2013 30.3.2023 bzw. 1. \u2013 30.3.2023 \/ 27. \u2013 30.3.23 vorl. gew. \/ Vergleichszeitraum 1.1. \u2013 30.3.2022 \/ Stand: 31.3.2023<\/em><\/p>\n<p>&nbsp;<\/p>\n<p>&nbsp;<\/p>\n<figure id=\"attachment_199324\" aria-describedby=\"caption-attachment-199324\" style=\"width: 800px\" class=\"wp-caption alignnone\"><img decoding=\"async\" loading=\"lazy\" class=\"size-large wp-image-199324\" src=\"https:\/\/smago.de\/ws2\/wp-content\/uploads\/2023\/03\/A8F5B-800x450.jpg\" alt=\"\" width=\"800\" height=\"450\" srcset=\"https:\/\/smago.de\/ws2\/wp-content\/uploads\/2023\/03\/A8F5B-800x450.jpg 800w, https:\/\/smago.de\/ws2\/wp-content\/uploads\/2023\/03\/A8F5B-522x294.jpg 522w, https:\/\/smago.de\/ws2\/wp-content\/uploads\/2023\/03\/A8F5B-267x150.jpg 267w, https:\/\/smago.de\/ws2\/wp-content\/uploads\/2023\/03\/A8F5B-768x432.jpg 768w, https:\/\/smago.de\/ws2\/wp-content\/uploads\/2023\/03\/A8F5B-1536x864.jpg 1536w, https:\/\/smago.de\/ws2\/wp-content\/uploads\/2023\/03\/A8F5B-2048x1152.jpg 2048w, https:\/\/smago.de\/ws2\/wp-content\/uploads\/2023\/03\/A8F5B-392x220.jpg 392w, https:\/\/smago.de\/ws2\/wp-content\/uploads\/2023\/03\/A8F5B-130x73.jpg 130w, https:\/\/smago.de\/ws2\/wp-content\/uploads\/2023\/03\/A8F5B-791x445.jpg 791w, https:\/\/smago.de\/ws2\/wp-content\/uploads\/2023\/03\/A8F5B-870x489.jpg 870w, https:\/\/smago.de\/ws2\/wp-content\/uploads\/2023\/03\/A8F5B-292x164.jpg 292w, https:\/\/smago.de\/ws2\/wp-content\/uploads\/2023\/03\/A8F5B-435x245.jpg 435w, https:\/\/smago.de\/ws2\/wp-content\/uploads\/2023\/03\/A8F5B-895x503.jpg 895w\" sizes=\"(max-width: 800px) 100vw, 800px\" \/><figcaption id=\"caption-attachment-199324\" class=\"wp-caption-text\"><em>Foto-Credit: RTL<\/em><\/p>\n<p><em>Bitte beachten Sie auch <strong><a href=\"http:\/\/www.tvnow.de\">RTL+<\/a><\/strong>!<\/em><\/figcaption><\/figure>\n","protected":false},"excerpt":{"rendered":"<p>RTL Deutschland mit bestem Start seit drei Jahren +++ Vorsprung zur privaten Konkurrenz ausgebaut +++<\/p>\n","protected":false},"author":2,"featured_media":199324,"comment_status":"open","ping_status":"closed","sticky":false,"template":"","format":"standard","meta":{"_FSMCFIC_featured_image_caption":"","_FSMCFIC_featured_image_nocaption":"","_FSMCFIC_featured_image_hide":""},"categories":[33,128],"tags":[195],"acf":[],"_links":{"self":[{"href":"https:\/\/smago.de\/ws2\/wp-json\/wp\/v2\/posts\/199323"}],"collection":[{"href":"https:\/\/smago.de\/ws2\/wp-json\/wp\/v2\/posts"}],"about":[{"href":"https:\/\/smago.de\/ws2\/wp-json\/wp\/v2\/types\/post"}],"author":[{"embeddable":true,"href":"https:\/\/smago.de\/ws2\/wp-json\/wp\/v2\/users\/2"}],"replies":[{"embeddable":true,"href":"https:\/\/smago.de\/ws2\/wp-json\/wp\/v2\/comments?post=199323"}],"version-history":[{"count":1,"href":"https:\/\/smago.de\/ws2\/wp-json\/wp\/v2\/posts\/199323\/revisions"}],"predecessor-version":[{"id":199325,"href":"https:\/\/smago.de\/ws2\/wp-json\/wp\/v2\/posts\/199323\/revisions\/199325"}],"wp:featuredmedia":[{"embeddable":true,"href":"https:\/\/smago.de\/ws2\/wp-json\/wp\/v2\/media\/199324"}],"wp:attachment":[{"href":"https:\/\/smago.de\/ws2\/wp-json\/wp\/v2\/media?parent=199323"}],"wp:term":[{"taxonomy":"category","embeddable":true,"href":"https:\/\/smago.de\/ws2\/wp-json\/wp\/v2\/categories?post=199323"},{"taxonomy":"post_tag","embeddable":true,"href":"https:\/\/smago.de\/ws2\/wp-json\/wp\/v2\/tags?post=199323"}],"curies":[{"name":"wp","href":"https:\/\/api.w.org\/{rel}","templated":true}]}}