{"id":199315,"date":"2023-04-01T00:00:18","date_gmt":"2023-03-31T22:00:18","guid":{"rendered":"https:\/\/smago.de\/ws2\/?p=199315"},"modified":"2023-03-31T22:34:20","modified_gmt":"2023-03-31T20:34:20","slug":"faeaschtbaenkler-cd-faeaschtbaenkler-live-seit-31-03-2023-im-handel","status":"publish","type":"post","link":"https:\/\/smago.de\/ws2\/uncategorized\/faeaschtbaenkler-cd-faeaschtbaenkler-live-seit-31-03-2023-im-handel\/","title":{"rendered":"F\u00c4ASCHTB\u00c4NKLER <br>CD &#8222;F\u00e4aschtb\u00e4nkler Live&#8220; seit 31.03.2023 im Handel!"},"content":{"rendered":"<p><em>smago!<\/em> freut sich riesig, die F\u00e4aschtb\u00e4nkler am 13.04.2023 beim<em> smago!<\/em> Award \u00d6sterreich &amp; S\u00fcdtirol 3.0 in der Hohenhaus Tenne in Schladming begr\u00fc\u00dfen zu k\u00f6nnen!<br \/>\n<!--more--><\/p>\n<p>&nbsp;<\/p>\n<p>&nbsp;<\/p>\n<p style=\"text-align: justify;\">Die siebenfach mit Edelmetall ausgezeichnete Band F\u00c4ASCHTB\u00c4NKLER bringt ihr erstes Live-Album raus.<\/p>\n<p style=\"text-align: justify;\">Es war ein unvergessliches Konzert-Erlebnis, mit dem die F\u00e4aschtb\u00e4nkler im Herbst\u00a02022 ihre Fans in der randvollen bigBOX ALLG\u00c4U in Kempten begeisterten.<\/p>\n<p style=\"text-align: justify;\">Seit dem 31.03.2023 gibt es \u201eF\u00e4aschtb\u00e4nkler Live\u201c. Damit bringen sie die Leidenschaft zur Musik\u00a0und reine Lebensfreude in das Wohnzimmer der Fans zuru\u0308ck.<\/p>\n<p style=\"text-align: justify;\">Live zu h\u00f6ren sind u. a. Hits wie \u201cGlu\u0308ck\u201c, \u201cCan You English Please?\u201d und \u201ePartyplanet\u201c.<\/p>\n<p style=\"text-align: justify;\">\n<p style=\"text-align: justify;\">\n<p style=\"text-align: justify;\">\n<p style=\"text-align: justify;\">\n<p style=\"text-align: justify;\">\n<p style=\"text-align: justify;\"><strong>Zus\u00e4tzliche Marketing Facts<\/strong><\/p>\n<p style=\"text-align: justify;\">\n<p style=\"text-align: justify;\">\n<p style=\"text-align: justify;\"><strong>Kommende Tourtermine \u2013 Fru\u0308hling 2023<\/strong><\/p>\n<p style=\"text-align: justify;\">\n<p style=\"text-align: justify;\"><em>31.03.2023 DE &#8211; Lennestadt \u2013 Altenhundem \/ Sold Out!<\/em><\/p>\n<p style=\"text-align: justify;\">01.04.2023 CH \u2013 Marbach<\/p>\n<p style=\"text-align: justify;\">08.04.2023 AT \u2013 Innsbruck (Music Hall) \/ Sold Out!<\/p>\n<p style=\"text-align: justify;\">21.04.2023 DE \u2013 D\u00e4chingen<\/p>\n<p>28.04.2023 DE \u2013 Riedhausen<\/p>\n<p>29.04.2023 AT \u2013 Maishofen \/ Sold Out!<\/p>\n<p>05.05.2023 KRO \u2013 Umag<\/p>\n<p>06.05.2023 DE \u2013 Mu\u0308nchen (Circus Krone) \/ Sold Out!<\/p>\n<p>07.05.2023 BEL \u2013 Vianden<\/p>\n<p>12.05.2023 DE \u2013 Simmerberg<\/p>\n<p>18.05.2023 AT \u2013 Schwarzenbach<\/p>\n<p>19.05.2023 DE &#8211; Mutlangen \u2013 Pfersbach<\/p>\n<p>20.05.2023 DE \u2013 Walddorfh\u00e4slach<\/p>\n<p>26.05.2023 CH \u2013 Grandcour<\/p>\n<p>27.05.2023 DE &#8211; Gutach-Siegelau \/ Sold Out!<\/p>\n<p>28.05.2023 DE &#8211; Waldthurn<\/p>\n<p>&nbsp;<\/p>\n<p>&nbsp;<\/p>\n<p>Alle Termine finden Sie <strong><a href=\"https:\/\/www.faeaschtbaenkler.ch\/termine.html\">HIER &#8230;:<\/a><\/strong><\/p>\n<p>&nbsp;<\/p>\n<p>&nbsp;<\/p>\n<p>&nbsp;<\/p>\n<p>&nbsp;<\/p>\n<p><strong>Social Media<\/strong><\/p>\n<p>&nbsp;<\/p>\n<p>&nbsp;<\/p>\n<p>\u2022 <strong><a href=\"https:\/\/www.youtube.com\/user\/faeaschtbaenkler\">YouTube<\/a><\/strong> \u2013 154.000 Abonnenten<\/p>\n<p>\u2022 <strong><a href=\"https:\/\/www.tiktok.com\/@faeaschtbaenkler?lang=de-DE\">TikTok<\/a> <\/strong>\u2013 89,9 k Follower<\/p>\n<p>\u2022 <strong><a href=\"https:\/\/www.instagram.com\/faeaschtbaenkler\/\">Instagram<\/a><\/strong> \u2013 104 k Follower<\/p>\n<p>\u2022 <strong><a href=\"https:\/\/www.facebook.com\/faeaschtbaenkler\">Facebook<\/a><\/strong> \u2013 114,1 k Follower<\/p>\n<p>\u2022 <strong><a href=\"https:\/\/open.spotify.com\/artist\/5eLTULECbpoiNT8czpulxX?si=y77t9o5sSIK4k12RAJmnOg\">Spotify<\/a><\/strong> \u2013 mehr als 955,8 k monatl. H\u00f6rer*innen<\/p>\n<p>&nbsp;<\/p>\n<p>&nbsp;<\/p>\n<p>&nbsp;<\/p>\n<p><img decoding=\"async\" loading=\"lazy\" class=\"alignnone size-large wp-image-199317\" src=\"https:\/\/smago.de\/ws2\/wp-content\/uploads\/2023\/03\/mockup-live-album_post-800x800.jpg\" alt=\"\" width=\"800\" height=\"800\" srcset=\"https:\/\/smago.de\/ws2\/wp-content\/uploads\/2023\/03\/mockup-live-album_post-800x800.jpg 800w, https:\/\/smago.de\/ws2\/wp-content\/uploads\/2023\/03\/mockup-live-album_post-522x522.jpg 522w, https:\/\/smago.de\/ws2\/wp-content\/uploads\/2023\/03\/mockup-live-album_post-150x150.jpg 150w, https:\/\/smago.de\/ws2\/wp-content\/uploads\/2023\/03\/mockup-live-album_post-768x768.jpg 768w, https:\/\/smago.de\/ws2\/wp-content\/uploads\/2023\/03\/mockup-live-album_post-1536x1536.jpg 1536w, https:\/\/smago.de\/ws2\/wp-content\/uploads\/2023\/03\/mockup-live-album_post-2048x2048.jpg 2048w, https:\/\/smago.de\/ws2\/wp-content\/uploads\/2023\/03\/mockup-live-album_post-272x272.jpg 272w, https:\/\/smago.de\/ws2\/wp-content\/uploads\/2023\/03\/mockup-live-album_post-600x600.jpg 600w, https:\/\/smago.de\/ws2\/wp-content\/uploads\/2023\/03\/mockup-live-album_post-130x130.jpg 130w, https:\/\/smago.de\/ws2\/wp-content\/uploads\/2023\/03\/mockup-live-album_post-445x445.jpg 445w, https:\/\/smago.de\/ws2\/wp-content\/uploads\/2023\/03\/mockup-live-album_post-190x190.jpg 190w, https:\/\/smago.de\/ws2\/wp-content\/uploads\/2023\/03\/mockup-live-album_post-290x290.jpg 290w\" sizes=\"(max-width: 800px) 100vw, 800px\" \/><\/p>\n","protected":false},"excerpt":{"rendered":"<p>smago! freut sich riesig, die F\u00e4aschtb\u00e4nkler am 13.04.2023 beim smago! Award \u00d6sterreich &amp; S\u00fcdtirol 3.0 in der Hohenhaus Tenne in<\/p>\n","protected":false},"author":2,"featured_media":199316,"comment_status":"open","ping_status":"closed","sticky":false,"template":"","format":"standard","meta":{"_FSMCFIC_featured_image_caption":"","_FSMCFIC_featured_image_nocaption":"","_FSMCFIC_featured_image_hide":""},"categories":[1],"tags":[228],"acf":[],"_links":{"self":[{"href":"https:\/\/smago.de\/ws2\/wp-json\/wp\/v2\/posts\/199315"}],"collection":[{"href":"https:\/\/smago.de\/ws2\/wp-json\/wp\/v2\/posts"}],"about":[{"href":"https:\/\/smago.de\/ws2\/wp-json\/wp\/v2\/types\/post"}],"author":[{"embeddable":true,"href":"https:\/\/smago.de\/ws2\/wp-json\/wp\/v2\/users\/2"}],"replies":[{"embeddable":true,"href":"https:\/\/smago.de\/ws2\/wp-json\/wp\/v2\/comments?post=199315"}],"version-history":[{"count":2,"href":"https:\/\/smago.de\/ws2\/wp-json\/wp\/v2\/posts\/199315\/revisions"}],"predecessor-version":[{"id":199319,"href":"https:\/\/smago.de\/ws2\/wp-json\/wp\/v2\/posts\/199315\/revisions\/199319"}],"wp:featuredmedia":[{"embeddable":true,"href":"https:\/\/smago.de\/ws2\/wp-json\/wp\/v2\/media\/199316"}],"wp:attachment":[{"href":"https:\/\/smago.de\/ws2\/wp-json\/wp\/v2\/media?parent=199315"}],"wp:term":[{"taxonomy":"category","embeddable":true,"href":"https:\/\/smago.de\/ws2\/wp-json\/wp\/v2\/categories?post=199315"},{"taxonomy":"post_tag","embeddable":true,"href":"https:\/\/smago.de\/ws2\/wp-json\/wp\/v2\/tags?post=199315"}],"curies":[{"name":"wp","href":"https:\/\/api.w.org\/{rel}","templated":true}]}}