{"id":199140,"date":"2023-03-29T11:47:28","date_gmt":"2023-03-29T09:47:28","guid":{"rendered":"https:\/\/smago.de\/ws2\/?p=199140"},"modified":"2023-03-29T11:48:43","modified_gmt":"2023-03-29T09:48:43","slug":"andy-borg-schlager-spass-mit-andy-borg%c2%93-begruesst-den-fruehling-am-01-04-2023","status":"publish","type":"post","link":"https:\/\/smago.de\/ws2\/schlager\/andy-borg-schlager-spass-mit-andy-borg%c2%93-begruesst-den-fruehling-am-01-04-2023\/","title":{"rendered":"ANDY BORG <br>&#8222;Schlager-Spa\u00df mit Andy Borg\u0093&#8220; begr\u00fc\u00dft den Fr\u00fchling \u2013 am 01.04.2023 &#8230;"},"content":{"rendered":"<p>&#8230; im SWR Fernsehen, MDR Fernsehen und in ORF 2! Am 8. April folgt eine neue &#8222;Best Of&#8220; Ausgabe! Und am 29.04.2023 gibt&#8217;s dann bereits die n\u00e4chste Folge!<br \/>\n<!--more--><\/p>\n<p>&nbsp;<\/p>\n<p>&nbsp;<\/p>\n<p>&nbsp;<\/p>\n<p>&nbsp;<\/p>\n<p style=\"text-align: justify;\">ANDY BORGfreut sich auf den Fr\u00fchling und zeigt im April drei Ausgaben von \u201eSchlager-Spa\u00df mit Andy Borg\u201c. Den Anfang macht der SWR Moderator am Samstag, 1. April 2023 um 20:15 Uhr mit der Sonderausgabe \u201eFr\u00fchlingserwachen\u201c. Sie wird im SWR Fernsehen und zeitgleich im MDR Fernsehen sowie im \u00f6sterreichischen ORF 2 ausgestrahlt. Am 8. April 2023 um 20:15 Uhr folgt eine Best-Of-Sendung. Diese wird im SWR Fernsehen gezeigt. F\u00fcr den 29. April 2023, ebenfalls 20:15 Uhr, ist dann eine weitere Ausgabe von \u201eSchlager-Spa\u00df mit Andy Borg\u201c geplant. Zu sehen im SWR Fernsehen und MDR Fernsehen. Alle Sendungen gibt es nach der Ausstrahlung auch in der <a href=\"https:\/\/deref-gmx.net\/mail\/client\/cZtezQ3dabE\/dereferrer\/?redirectUrl=https%3A%2F%2Fwww.ardmediathek.de%2Fsendung%2Fschlager-spass-mit-andy-borg%2FY3JpZDovL3N3ci5kZS8yMzM5NzcxNg%2F\" target=\"_blank\" rel=\"noopener\">ARD Mediathek<\/a>.<\/p>\n<p>&nbsp;<\/p>\n<p>&nbsp;<\/p>\n<p>&nbsp;<\/p>\n<p>&nbsp;<\/p>\n<p style=\"text-align: justify;\"><strong>\u201eFr\u00fchlingserwachen\u201c am 1. April 2023 u. a. mit Harpo und Semino Rossi<\/strong><\/p>\n<p>&nbsp;<\/p>\n<p style=\"text-align: justify;\">Die Sendung am 1. April 2023 entsteht in Kooperation mit dem ORF, auch der MDR strahlt sie aus. Zu Gast sind u. a. Die Paldauer, Semino Rossi, Monique, Vanessa Neigert, Die Fetzig&#8217;n aus dem Zillertal und Steven Fischer. Der schwedische S\u00e4nger Harpo blickt im Gespr\u00e4ch mit Andy Borg auf sein Leben zur\u00fcck und steht mit seinen gr\u00f6\u00dften Hits auf der B\u00fchne \u2013 von \u201eMotorcycle Mama\u201c \u00fcber \u201eHoroscope\u201c bis zu \u201eMoviestar\u201d. Am Stammtisch vertreten ist die Tanzgruppe Ban S\u00e4nsuk e.V. aus Hausach im Schwarzwald, die thail\u00e4ndisches Flair in Andy Borgs Weinstube bringt.<\/p>\n<p>&nbsp;<\/p>\n<p>&nbsp;<\/p>\n<p>&nbsp;<\/p>\n<p>&nbsp;<\/p>\n<p style=\"text-align: justify;\"><strong>Andy Borg: \u201eWir holen die Erinnerungen aus dem Winterschlaf\u201c<\/strong><\/p>\n<p>&nbsp;<\/p>\n<p style=\"text-align: justify;\"><em>\u201eIch freue mich sehr, dass wir am 1. April unsere Schlagerfreunde aus meinem Heimatland \u00d6sterreich und dem MDR-Sendegebiet zus\u00e4tzlich als G\u00e4ste an den Bildschirmen begr\u00fc\u00dfen d\u00fcrfen. Bei so viel Schlager-Spa\u00df bl\u00fcht auch das ganze Team um mich herum nat\u00fcrlich auf\u201c,<\/em> sagt Andy Borg. Und weiter: <em>\u201eIn meinem Kopf geht dabei die Jukebox an. Mir geht es da nicht anders als vielen Schlagerfreunden: Wenn ich die sch\u00f6nen Hits und Oldies h\u00f6re, kann ich sofort mitsingen. Wenn man die Zeit schon nicht anhalten und mitnehmen kann, dann feiern wir die Freude daran mit jeder neuen Folge vom Schlager-Spa\u00df un<\/em>d holen die Erinnerungen aus dem Winterschlaf.\u201c<\/p>\n<p>&nbsp;<\/p>\n<p>&nbsp;<\/p>\n<p>&nbsp;<\/p>\n<p>&nbsp;<\/p>\n<p style=\"text-align: justify;\"><strong>Musikalische Highlights am 8. April 2023<\/strong><\/p>\n<p>&nbsp;<\/p>\n<p style=\"text-align: justify;\">Am 8. April 2023 zeigt \u201eSchlager-Spa\u00df mit Andy Borg \u2013 Das Beste\u201c Highlights vorangegangener Sendungen. Mit dabei sind u. a. Ute Freudenberg, Jonny Hill, Bata Illic, Heino, Laura Wilde, Beatrice Egli, Peter Kraus, Thomas Anders, Florian Silbereisen, Ireen Sheer, Die Schlagerpiloten, Patrick Lindner und Stefan Mross sowie die Kastelruther Spatzen, Saso Avsenik und seine Oberkrainer, Margit Sponheimer und Lotti Krekel.<\/p>\n<p>&nbsp;<\/p>\n<p>&nbsp;<\/p>\n<p>&nbsp;<\/p>\n<p>&nbsp;<\/p>\n<p style=\"text-align: justify;\"><strong>Fantasy und Katharina Herz besuchen Andy Borg am 29. April 2023<\/strong><\/p>\n<p>&nbsp;<\/p>\n<p style=\"text-align: justify;\">Am 29. April 2023 sind Katharina Herz, Die Ladiner und Olaf der Flipper zu Gast sein bei Andy Borg. Ebenfalls mit dabei sein werden u. a. Fantasy, Die Edlseer, Stefan Mross und Natalie Holzner.<\/p>\n<p>&nbsp;<\/p>\n<p>&nbsp;<\/p>\n<p>&nbsp;<\/p>\n<p>&nbsp;<\/p>\n<p style=\"text-align: justify;\"><strong>Sendungen<\/strong><\/p>\n<p>&nbsp;<\/p>\n<p>&nbsp;<\/p>\n<p style=\"text-align: justify;\">\u201eSchlager-Spa\u00df mit Andy Borg \u2013 Fr\u00fchlingserwachen\u201c, 1. April 2023, 20:15 Uhr, SWR Fernsehen, MDR Fernsehen und ORF 2, danach auch in der <a href=\"https:\/\/deref-gmx.net\/mail\/client\/cZtezQ3dabE\/dereferrer\/?redirectUrl=https%3A%2F%2Fwww.ardmediathek.de%2Fsendung%2Fschlager-spass-mit-andy-borg%2FY3JpZDovL3N3ci5kZS8yMzM5NzcxNg%2F\" target=\"_blank\" rel=\"noopener\">ARD Mediathek<\/a><\/p>\n<p style=\"text-align: justify;\">\u201eSchlager-Spa\u00df mit Andy Borg \u2013 Das Beste\u201c, 8. April 2023, 20:15 Uhr, SWR Fernsehen, danach auch in der <a href=\"https:\/\/deref-gmx.net\/mail\/client\/cZtezQ3dabE\/dereferrer\/?redirectUrl=https%3A%2F%2Fwww.ardmediathek.de%2Fsendung%2Fschlager-spass-mit-andy-borg%2FY3JpZDovL3N3ci5kZS8yMzM5NzcxNg%2F\" target=\"_blank\" rel=\"noopener\">ARD Mediathek<\/a><\/p>\n<p style=\"text-align: justify;\">\u201eSchlager-Spa\u00df mit Andy Borg\u201c, 29. April 2023, 20:15 Uhr, SWR Fernsehen, MDR Fernsehen und danach auch in der <a href=\"https:\/\/deref-gmx.net\/mail\/client\/cZtezQ3dabE\/dereferrer\/?redirectUrl=https%3A%2F%2Fwww.ardmediathek.de%2Fsendung%2Fschlager-spass-mit-andy-borg%2FY3JpZDovL3N3ci5kZS8yMzM5NzcxNg%2F\" target=\"_blank\" rel=\"noopener\">ARD Mediathek<\/a><\/p>\n<p>&nbsp;<\/p>\n<p>&nbsp;<\/p>\n<figure id=\"attachment_199141\" aria-describedby=\"caption-attachment-199141\" style=\"width: 800px\" class=\"wp-caption alignnone\"><img decoding=\"async\" loading=\"lazy\" class=\"size-large wp-image-199141\" src=\"https:\/\/smago.de\/ws2\/wp-content\/uploads\/2023\/03\/5_F54_Schlagerspass_mit_Andy_Borg-800x528.jpg\" alt=\"\" width=\"800\" height=\"528\" srcset=\"https:\/\/smago.de\/ws2\/wp-content\/uploads\/2023\/03\/5_F54_Schlagerspass_mit_Andy_Borg-800x528.jpg 800w, https:\/\/smago.de\/ws2\/wp-content\/uploads\/2023\/03\/5_F54_Schlagerspass_mit_Andy_Borg-522x345.jpg 522w, https:\/\/smago.de\/ws2\/wp-content\/uploads\/2023\/03\/5_F54_Schlagerspass_mit_Andy_Borg-227x150.jpg 227w, https:\/\/smago.de\/ws2\/wp-content\/uploads\/2023\/03\/5_F54_Schlagerspass_mit_Andy_Borg-768x507.jpg 768w, https:\/\/smago.de\/ws2\/wp-content\/uploads\/2023\/03\/5_F54_Schlagerspass_mit_Andy_Borg-1536x1014.jpg 1536w, https:\/\/smago.de\/ws2\/wp-content\/uploads\/2023\/03\/5_F54_Schlagerspass_mit_Andy_Borg-2048x1352.jpg 2048w, https:\/\/smago.de\/ws2\/wp-content\/uploads\/2023\/03\/5_F54_Schlagerspass_mit_Andy_Borg-392x259.jpg 392w, https:\/\/smago.de\/ws2\/wp-content\/uploads\/2023\/03\/5_F54_Schlagerspass_mit_Andy_Borg-130x86.jpg 130w, https:\/\/smago.de\/ws2\/wp-content\/uploads\/2023\/03\/5_F54_Schlagerspass_mit_Andy_Borg-674x445.jpg 674w, https:\/\/smago.de\/ws2\/wp-content\/uploads\/2023\/03\/5_F54_Schlagerspass_mit_Andy_Borg-791x522.jpg 791w, https:\/\/smago.de\/ws2\/wp-content\/uploads\/2023\/03\/5_F54_Schlagerspass_mit_Andy_Borg-288x190.jpg 288w, https:\/\/smago.de\/ws2\/wp-content\/uploads\/2023\/03\/5_F54_Schlagerspass_mit_Andy_Borg-435x287.jpg 435w, https:\/\/smago.de\/ws2\/wp-content\/uploads\/2023\/03\/5_F54_Schlagerspass_mit_Andy_Borg-150x100.jpg 150w\" sizes=\"(max-width: 800px) 100vw, 800px\" \/><figcaption id=\"caption-attachment-199141\" class=\"wp-caption-text\"><em>Die Paldauer sorgen f\u00fcr ausgelassene Stimmung beim &#8222;Schlager-Spa\u00df mit Andy Borg&#8220; in der gem\u00fctlichen Weinstube<\/em><\/p>\n<p><em>\u00a9 SWR \/ Kerstin Joensson<\/em><\/figcaption><\/figure>\n","protected":false},"excerpt":{"rendered":"<p>&#8230; im SWR Fernsehen, MDR Fernsehen und in ORF 2! Am 8. April folgt eine neue &#8222;Best Of&#8220; Ausgabe! Und<\/p>\n","protected":false},"author":2,"featured_media":199141,"comment_status":"open","ping_status":"closed","sticky":false,"template":"","format":"standard","meta":{"_FSMCFIC_featured_image_caption":"","_FSMCFIC_featured_image_nocaption":"","_FSMCFIC_featured_image_hide":""},"categories":[29,39,128],"tags":[182],"acf":[],"_links":{"self":[{"href":"https:\/\/smago.de\/ws2\/wp-json\/wp\/v2\/posts\/199140"}],"collection":[{"href":"https:\/\/smago.de\/ws2\/wp-json\/wp\/v2\/posts"}],"about":[{"href":"https:\/\/smago.de\/ws2\/wp-json\/wp\/v2\/types\/post"}],"author":[{"embeddable":true,"href":"https:\/\/smago.de\/ws2\/wp-json\/wp\/v2\/users\/2"}],"replies":[{"embeddable":true,"href":"https:\/\/smago.de\/ws2\/wp-json\/wp\/v2\/comments?post=199140"}],"version-history":[{"count":3,"href":"https:\/\/smago.de\/ws2\/wp-json\/wp\/v2\/posts\/199140\/revisions"}],"predecessor-version":[{"id":199144,"href":"https:\/\/smago.de\/ws2\/wp-json\/wp\/v2\/posts\/199140\/revisions\/199144"}],"wp:featuredmedia":[{"embeddable":true,"href":"https:\/\/smago.de\/ws2\/wp-json\/wp\/v2\/media\/199141"}],"wp:attachment":[{"href":"https:\/\/smago.de\/ws2\/wp-json\/wp\/v2\/media?parent=199140"}],"wp:term":[{"taxonomy":"category","embeddable":true,"href":"https:\/\/smago.de\/ws2\/wp-json\/wp\/v2\/categories?post=199140"},{"taxonomy":"post_tag","embeddable":true,"href":"https:\/\/smago.de\/ws2\/wp-json\/wp\/v2\/tags?post=199140"}],"curies":[{"name":"wp","href":"https:\/\/api.w.org\/{rel}","templated":true}]}}