{"id":199138,"date":"2023-03-29T11:42:28","date_gmt":"2023-03-29T09:42:28","guid":{"rendered":"https:\/\/smago.de\/ws2\/?p=199138"},"modified":"2023-03-29T11:42:28","modified_gmt":"2023-03-29T09:42:28","slug":"eurovision-song-contest-2023-esc-sendungen-countdown-und-aftershow-am-13-05-live-aus-liverpool","status":"publish","type":"post","link":"https:\/\/smago.de\/ws2\/pop\/eurovision-song-contest-2023-esc-sendungen-countdown-und-aftershow-am-13-05-live-aus-liverpool\/","title":{"rendered":"&#8222;EUROVISION SONG CONTEST 2023&#8220; <br>ESC: Sendungen \u201eCountdown\u201c und \u201eAftershow\u201c am 13.05. live aus Liverpool !"},"content":{"rendered":"<p>Erstmals gemeinsam mit ORF und das Schweizer Fernsehen!<br \/>\n<!--more--><\/p>\n<p style=\"text-align: justify;\">\n<p style=\"text-align: justify;\">Zum ersten Mal k\u00f6nnen sich die Zuschauerinnen und Zuschauer aus Deutschland, \u00d6sterreich und der Schweiz gemeinsam auf das ESC-Finale einstimmen \u2013 und es auch zusammen ausklingen lassen: Die Rahmensendungen des Finales, \u201eESC \u2013 der Countdown\u201d und \u201eESC \u2013 die Aftershow\u201d, kommen am Sonnabend, 13. Mai, live aus dem Tate Museum in Liverpool und werden gleichzeitig im Ersten, in ORF 1 sowie SRF 1 gezeigt. Die Eurovisionsshows mit Moderatorin Barbara Sch\u00f6neberger beginnen um 20.15 Uhr und 0.45 Uhr. Dazwischen \u00fcbertragen die Sender live ab 21.00 Uhr das ESC-Finale.<\/p>\n<p style=\"text-align: justify;\">Barbara Sch\u00f6neberger begr\u00fc\u00dft f\u00fcr die Shows im Herzen von Liverpool ehemalige ESC-Teilnehmer*innen und prominente ESC-Fans aus den drei L\u00e4ndern. Mit dabei sind auch die Hamburger Band \u201eLord Of The Lost\u201c, das Duo \u201eTeya &amp; Salena\u201c aus \u00d6sterreich sowie der Schweizer S\u00e4nger Remo Forrer \u2013 sie wurden ausgew\u00e4hlt, um ihre L\u00e4nder im diesj\u00e4hrigen Wettbewerb zu vertreten.<\/p>\n<p style=\"text-align: justify;\">Nach dem Finale \u00fcbernimmt Barbara Sch\u00f6neberger erneut, dann geht der ESC-Abend in die Verl\u00e4ngerung mit der Aftershow-Party.<\/p>\n<p>&nbsp;<\/p>\n<p>&nbsp;<\/p>\n<figure id=\"attachment_191908\" aria-describedby=\"caption-attachment-191908\" style=\"width: 780px\" class=\"wp-caption alignnone\"><img decoding=\"async\" loading=\"lazy\" class=\"size-full wp-image-191908\" src=\"https:\/\/smago.de\/ws2\/wp-content\/uploads\/2022\/11\/esc23.png\" alt=\"\" width=\"780\" height=\"250\" srcset=\"https:\/\/smago.de\/ws2\/wp-content\/uploads\/2022\/11\/esc23.png 780w, https:\/\/smago.de\/ws2\/wp-content\/uploads\/2022\/11\/esc23-522x167.png 522w, https:\/\/smago.de\/ws2\/wp-content\/uploads\/2022\/11\/esc23-292x94.png 292w, https:\/\/smago.de\/ws2\/wp-content\/uploads\/2022\/11\/esc23-768x246.png 768w, https:\/\/smago.de\/ws2\/wp-content\/uploads\/2022\/11\/esc23-392x126.png 392w, https:\/\/smago.de\/ws2\/wp-content\/uploads\/2022\/11\/esc23-130x42.png 130w, https:\/\/smago.de\/ws2\/wp-content\/uploads\/2022\/11\/esc23-435x139.png 435w\" sizes=\"(max-width: 780px) 100vw, 780px\" \/><figcaption id=\"caption-attachment-191908\" class=\"wp-caption-text\"><em>Foto-Credit: EBU<\/em><\/figcaption><\/figure>\n","protected":false},"excerpt":{"rendered":"<p>Erstmals gemeinsam mit ORF und das Schweizer Fernsehen!<\/p>\n","protected":false},"author":2,"featured_media":191908,"comment_status":"open","ping_status":"closed","sticky":false,"template":"","format":"standard","meta":{"_FSMCFIC_featured_image_caption":"","_FSMCFIC_featured_image_nocaption":"","_FSMCFIC_featured_image_hide":""},"categories":[27,128],"tags":[85],"acf":[],"_links":{"self":[{"href":"https:\/\/smago.de\/ws2\/wp-json\/wp\/v2\/posts\/199138"}],"collection":[{"href":"https:\/\/smago.de\/ws2\/wp-json\/wp\/v2\/posts"}],"about":[{"href":"https:\/\/smago.de\/ws2\/wp-json\/wp\/v2\/types\/post"}],"author":[{"embeddable":true,"href":"https:\/\/smago.de\/ws2\/wp-json\/wp\/v2\/users\/2"}],"replies":[{"embeddable":true,"href":"https:\/\/smago.de\/ws2\/wp-json\/wp\/v2\/comments?post=199138"}],"version-history":[{"count":1,"href":"https:\/\/smago.de\/ws2\/wp-json\/wp\/v2\/posts\/199138\/revisions"}],"predecessor-version":[{"id":199139,"href":"https:\/\/smago.de\/ws2\/wp-json\/wp\/v2\/posts\/199138\/revisions\/199139"}],"wp:featuredmedia":[{"embeddable":true,"href":"https:\/\/smago.de\/ws2\/wp-json\/wp\/v2\/media\/191908"}],"wp:attachment":[{"href":"https:\/\/smago.de\/ws2\/wp-json\/wp\/v2\/media?parent=199138"}],"wp:term":[{"taxonomy":"category","embeddable":true,"href":"https:\/\/smago.de\/ws2\/wp-json\/wp\/v2\/categories?post=199138"},{"taxonomy":"post_tag","embeddable":true,"href":"https:\/\/smago.de\/ws2\/wp-json\/wp\/v2\/tags?post=199138"}],"curies":[{"name":"wp","href":"https:\/\/api.w.org\/{rel}","templated":true}]}}