{"id":198928,"date":"2023-03-24T00:00:37","date_gmt":"2023-03-23T23:00:37","guid":{"rendered":"https:\/\/smago.de\/ws2\/?p=198928"},"modified":"2023-03-24T12:07:34","modified_gmt":"2023-03-24T11:07:34","slug":"marika-kilius-u-a-heute-24-03-2023-in-der-talk-show-koelner-treff-zu-gast","status":"publish","type":"post","link":"https:\/\/smago.de\/ws2\/oldies\/marika-kilius-u-a-heute-24-03-2023-in-der-talk-show-koelner-treff-zu-gast\/","title":{"rendered":"MARIKA KILIUS u.a. <br>Heute (24.03.2023) in der Talk-Show &#8222;K\u00f6lner Treff&#8220; zu Gast!"},"content":{"rendered":"<p>WDR Fernsehen, 22:00 Uhr &#8211; 23:30 Uhr (1. Wh. in der Nacht auf 25.02., 00:15 Uhr &#8211; 01:45 Uhr; 2. Wh.: 10:05 Uhr &#8211; 11:35 Uhr)! Moderation: Bettina B\u00f6ttinger!<br \/>\n<!--more--><\/p>\n<p>&nbsp;<\/p>\n<p>&nbsp;<\/p>\n<p style=\"text-align: justify;\"><strong>G\u00e4ste:<\/strong><\/p>\n<ul style=\"text-align: justify;\">\n<li>Thomas Herrmanns, Moderator<\/li>\n<li>Marika Kilius, Eiskunstl\u00e4uferin<\/li>\n<li>Lars Eidinger, Schauspieler<\/li>\n<li>Thomas Heinze, Schauspieler<\/li>\n<li>Volker Bertelmann, Komponist, Pianist und Oscarpreistr\u00e4ger<\/li>\n<li>Hadnet Tesfai, Moderatorin<\/li>\n<li>Annabell Neuhof, Sexpertin<\/li>\n<\/ul>\n<p>&nbsp;<\/p>\n<p>&nbsp;<\/p>\n<p>&nbsp;<\/p>\n<p>&nbsp;<\/p>\n<ul style=\"text-align: justify;\">\n<li><strong>Thomas Hermanns<\/strong><\/li>\n<\/ul>\n<p>&nbsp;<\/p>\n<p style=\"text-align: justify;\">Als Moderator, Autor und Entertainer ist er eine feste Gr\u00f6\u00dfe im deutschen Showgesch\u00e4ft. 30 Jahre moderierte er im Quatsch Comedy Club &#8211; doch im Dezember vergangenen Jahres war Schluss. Vor kurzem hat er nun seinen 60. Geburtstag gefeiert &#8211; und das zum Anlass genommen, ein paar Tipps f\u00fcr den neuen Lebensabschnitt zusammenzufassen. Warum Ausgehen bis in die fr\u00fchen Morgenstunden auch mit 60 noch absolut notwendig ist und wie man vermeiden kann, in diesem Alter wie ein Mitglied eines &#8222;gut gelaunten Wandervereins&#8220; auszusehen, das erz\u00e4hlt er uns im K\u00f6lner Treff.<\/p>\n<p>&nbsp;<\/p>\n<p>&nbsp;<\/p>\n<p>&nbsp;<\/p>\n<p>&nbsp;<\/p>\n<ul style=\"text-align: justify;\">\n<li><strong>Marika Kilius<\/strong><\/li>\n<\/ul>\n<p>&nbsp;<\/p>\n<p style=\"text-align: justify;\">Sie war Eiskunstlauf-Prinzessin, Weltmeisterin und der erste Popstar im deutschen Sport. Gemeinsam mit ihrem Eislaufpartner Hans-J\u00fcrgen B\u00e4umler war sie in den 60er-Jahren das Traumpaar des deutschen Eiskunstlaufs. Vor genau 60 Jahren holten die beiden ihr erstes Weltmeistergold. Jetzt wird Marika Kilius 80 Jahre: &#8222;Es juckt mich \u00fcberhaupt nicht, 80 zu werden. Im Gegenteil: Da kommt noch was!&#8220; \u00dcber eine m\u00f6gliche dritte Hochzeit, die verpasste James Bond-Chance und viele andere verr\u00fcckte Dinge sprechen wir mit dem Geburtstagskind im K\u00f6lner Treff.<\/p>\n<p>&nbsp;<\/p>\n<p>&nbsp;<\/p>\n<p>&nbsp;<\/p>\n<p>&nbsp;<\/p>\n<ul style=\"text-align: justify;\">\n<li><strong>Lars Eidinger<\/strong><\/li>\n<\/ul>\n<p>&nbsp;<\/p>\n<p style=\"text-align: justify;\">Er ist einer der gefragtesten deutschen Schauspieler. Auf der Theaterb\u00fchne macht Lars Eidinger immer wieder mit freiz\u00fcgigen Auftritten von sich reden. Einem breiten Fernsehpublikum ist der Schauspieler aus &#8222;Tatort&#8220; oder &#8222;Babylon Berlin&#8220; bekannt. Auch international sorgte Eidinger f\u00fcr Furore, spielte in Hollywood-Produktionen wie &#8222;Dumbo&#8220; und &#8222;Wei\u00dfes Rauschen&#8220; mit. Jetzt erscheint ein Dokumentarfilm \u00fcber das Ausnahmetalent und wir sprechen mit ihm \u00fcber Anf\u00e4nge, Wendepunkte und Kontroversen.<\/p>\n<p>&nbsp;<\/p>\n<p>&nbsp;<\/p>\n<p>&nbsp;<\/p>\n<p>&nbsp;<\/p>\n<ul style=\"text-align: justify;\">\n<li><strong>Thomas Heinze<\/strong><\/li>\n<\/ul>\n<p>&nbsp;<\/p>\n<p style=\"text-align: justify;\">Er ist der &#8222;neue&#8220; Alte: Thomas Heinze l\u00f6st Jan-Gregor Kremp in der ZDF-Kultserie &#8222;Der Alte&#8220; ab und \u00fcbernimmt somit den beliebten Posten der M\u00fcnchner Mordkommission II. Seit den 1990er Jahren brilliert der Vater dreier Kinder nun schon mit seinen Rollen &#8211; mal seicht, mal kom\u00f6diantisch, mal d\u00fcster. Wie sich seine Leidenschaft f\u00fcr schnelle Autos mit der neuen Aufgabe als Kommissar verbinden l\u00e4sst und weshalb er das Intervallfasten f\u00fcr sich entdeckt hat, davon wir er im K\u00f6lner Treff erz\u00e4hlen.<\/p>\n<p>&nbsp;<\/p>\n<p>&nbsp;<\/p>\n<p>&nbsp;<\/p>\n<p>&nbsp;<\/p>\n<ul style=\"text-align: justify;\">\n<li><strong>Volker Bertelmann<\/strong><\/li>\n<\/ul>\n<p>&nbsp;<\/p>\n<p style=\"text-align: justify;\">Der geb\u00fcrtige Westfale ist Komponist, Pianist und seit Neuestem Oscarpreistr\u00e4ger! Auch unter dem K\u00fcnstlernamen &#8222;Hauschka&#8220; bekannt, machte er sich einen Namen durch seine auf pr\u00e4parierten Klavieren eingespielten Musikst\u00fccke. Nun wurden das besondere Talent und die Kunst des 57-j\u00e4hrigen auf ganz besondere Weise honoriert! In welcher Situation er von seiner Nominierung erfahren hat, und mit welchen Gef\u00fchlen er nach Los Angeles zur Verleihung der 95. &#8222;Academy Awards&#8220; gereist &#8211; vor allem aber &#8211; mit welchen Gef\u00fchlen er zur\u00fcckgekommen ist, wird er live bei uns im Studio erz\u00e4hlen!<\/p>\n<p>&nbsp;<\/p>\n<p>&nbsp;<\/p>\n<p>&nbsp;<\/p>\n<p>&nbsp;<\/p>\n<ul style=\"text-align: justify;\">\n<li><strong>Hadnet Tesfai<\/strong><\/li>\n<\/ul>\n<p>&nbsp;<\/p>\n<p style=\"text-align: justify;\">Bereits zum dritten Mal f\u00fchrte Moderatorin Hadnet Tesfai in diesem Jahr durch die Er\u00f6ffnung und Preisverleihung der Berlinale. Sprachgewandt und in extravaganten Outfits avancierte sie zur Repr\u00e4sentantin des wichtigsten deutschen Filmfestivals. Doch nicht nur auf dem roten Teppich kann man sie erleben, auch wenn sie von legend\u00e4ren Musikfestivals wie oder Sportveranstaltungen berichtet, macht sie eine gute Figur. Daneben spricht sie mit ihrem Kollegen Tarik Tesfu in ihrem Podcast &#8222;Tratsch und Tacheles&#8220; \u00fcber aktuelle Schlagzeilen.<\/p>\n<p>&nbsp;<\/p>\n<p>&nbsp;<\/p>\n<p>&nbsp;<\/p>\n<p>&nbsp;<\/p>\n<ul style=\"text-align: justify;\">\n<li><strong>Annabell Neuhof<\/strong><\/li>\n<\/ul>\n<p>&nbsp;<\/p>\n<p style=\"text-align: justify;\">Wird Sex im Alter intensiver? Wie gelingt guter Sex trotz Stress? Die Zwillingsmutter und Sexpertin Annabell Neuhof findet Antworten auf Fragen, die sich manche nicht laut zu stellen wagen. In ihrer Sendung &#8222;Ohjaaa! Sex lieben&#8220; macht sie sich nicht nur auf die Suche nach den Zutaten f\u00fcr lange w\u00e4hrenden, gro\u00dfartigen Sex, sondern testet auch immer wieder im Selbstversuch, was gut tun k\u00f6nnte. Unvoreingenommen und vor allem mit Neugier geht sie vermeintliche Tabuthemen an. &#8222;Sex wird besser&#8220;, sagt sie, &#8222;wenn wir lernen, dar\u00fcber zu reden und mehr dar\u00fcber wissen&#8220;.<\/p>\n<p>&nbsp;<\/p>\n<p>&nbsp;<\/p>\n<figure id=\"attachment_198929\" aria-describedby=\"caption-attachment-198929\" style=\"width: 800px\" class=\"wp-caption alignnone\"><img decoding=\"async\" loading=\"lazy\" class=\"size-large wp-image-198929\" src=\"https:\/\/smago.de\/ws2\/wp-content\/uploads\/2023\/03\/1_F665_Koelner_Treff-800x526.jpg\" alt=\"\" width=\"800\" height=\"526\" srcset=\"https:\/\/smago.de\/ws2\/wp-content\/uploads\/2023\/03\/1_F665_Koelner_Treff-800x526.jpg 800w, https:\/\/smago.de\/ws2\/wp-content\/uploads\/2023\/03\/1_F665_Koelner_Treff-522x343.jpg 522w, https:\/\/smago.de\/ws2\/wp-content\/uploads\/2023\/03\/1_F665_Koelner_Treff-228x150.jpg 228w, https:\/\/smago.de\/ws2\/wp-content\/uploads\/2023\/03\/1_F665_Koelner_Treff-768x505.jpg 768w, https:\/\/smago.de\/ws2\/wp-content\/uploads\/2023\/03\/1_F665_Koelner_Treff-1536x1010.jpg 1536w, https:\/\/smago.de\/ws2\/wp-content\/uploads\/2023\/03\/1_F665_Koelner_Treff-2048x1346.jpg 2048w, https:\/\/smago.de\/ws2\/wp-content\/uploads\/2023\/03\/1_F665_Koelner_Treff-392x258.jpg 392w, https:\/\/smago.de\/ws2\/wp-content\/uploads\/2023\/03\/1_F665_Koelner_Treff-130x85.jpg 130w, https:\/\/smago.de\/ws2\/wp-content\/uploads\/2023\/03\/1_F665_Koelner_Treff-677x445.jpg 677w, https:\/\/smago.de\/ws2\/wp-content\/uploads\/2023\/03\/1_F665_Koelner_Treff-794x522.jpg 794w, https:\/\/smago.de\/ws2\/wp-content\/uploads\/2023\/03\/1_F665_Koelner_Treff-289x190.jpg 289w, https:\/\/smago.de\/ws2\/wp-content\/uploads\/2023\/03\/1_F665_Koelner_Treff-435x286.jpg 435w, https:\/\/smago.de\/ws2\/wp-content\/uploads\/2023\/03\/1_F665_Koelner_Treff-150x100.jpg 150w\" sizes=\"(max-width: 800px) 100vw, 800px\" \/><figcaption id=\"caption-attachment-198929\" class=\"wp-caption-text\"><em>\u00a9 WDR \/ Melanie Grande<\/em><\/figcaption><\/figure>\n","protected":false},"excerpt":{"rendered":"<p>WDR Fernsehen, 22:00 Uhr &#8211; 23:30 Uhr (1. Wh. in der Nacht auf 25.02., 00:15 Uhr &#8211; 01:45 Uhr; 2.<\/p>\n","protected":false},"author":2,"featured_media":198929,"comment_status":"open","ping_status":"closed","sticky":false,"template":"","format":"standard","meta":{"_FSMCFIC_featured_image_caption":"","_FSMCFIC_featured_image_nocaption":"","_FSMCFIC_featured_image_hide":""},"categories":[24,128],"tags":[129],"acf":[],"_links":{"self":[{"href":"https:\/\/smago.de\/ws2\/wp-json\/wp\/v2\/posts\/198928"}],"collection":[{"href":"https:\/\/smago.de\/ws2\/wp-json\/wp\/v2\/posts"}],"about":[{"href":"https:\/\/smago.de\/ws2\/wp-json\/wp\/v2\/types\/post"}],"author":[{"embeddable":true,"href":"https:\/\/smago.de\/ws2\/wp-json\/wp\/v2\/users\/2"}],"replies":[{"embeddable":true,"href":"https:\/\/smago.de\/ws2\/wp-json\/wp\/v2\/comments?post=198928"}],"version-history":[{"count":2,"href":"https:\/\/smago.de\/ws2\/wp-json\/wp\/v2\/posts\/198928\/revisions"}],"predecessor-version":[{"id":198931,"href":"https:\/\/smago.de\/ws2\/wp-json\/wp\/v2\/posts\/198928\/revisions\/198931"}],"wp:featuredmedia":[{"embeddable":true,"href":"https:\/\/smago.de\/ws2\/wp-json\/wp\/v2\/media\/198929"}],"wp:attachment":[{"href":"https:\/\/smago.de\/ws2\/wp-json\/wp\/v2\/media?parent=198928"}],"wp:term":[{"taxonomy":"category","embeddable":true,"href":"https:\/\/smago.de\/ws2\/wp-json\/wp\/v2\/categories?post=198928"},{"taxonomy":"post_tag","embeddable":true,"href":"https:\/\/smago.de\/ws2\/wp-json\/wp\/v2\/tags?post=198928"}],"curies":[{"name":"wp","href":"https:\/\/api.w.org\/{rel}","templated":true}]}}