{"id":198464,"date":"2023-03-16T00:00:19","date_gmt":"2023-03-15T23:00:19","guid":{"rendered":"https:\/\/smago.de\/ws2\/?p=198464"},"modified":"2023-03-15T22:13:17","modified_gmt":"2023-03-15T21:13:17","slug":"felix-muhr-ab-17-03-2023-erhaeltlich-seine-version-des-pagger-buam-hits-boell-boell-kernoel","status":"publish","type":"post","link":"https:\/\/smago.de\/ws2\/party-schlager\/felix-muhr-ab-17-03-2023-erhaeltlich-seine-version-des-pagger-buam-hits-boell-boell-kernoel\/","title":{"rendered":"FELIX MUHR <br>Ab 17.03.2023 erh\u00e4ltlich: SEINE Version des Pagger Buam Hits &#8222;B\u00f6ll B\u00f6ll Kern\u00f6l&#8220;!"},"content":{"rendered":"<p style=\"text-align: justify;\">\u201eB\u00f6ll b\u00f6ll Kern\u00f6l\u201c tr\u00e4gt nicht umsonst das steirische Stimmungsg\u00fctesiegel &#8230;!<br \/>\n<!--more--><\/p>\n<p>&nbsp;<\/p>\n<p>&nbsp;<\/p>\n<p>&nbsp;<\/p>\n<p style=\"text-align: justify;\">Die Steiermark zeichnet sich nicht nur durch ihre besondere Sprache aus, sondern sie hat auch kulinarisch einiges zu bieten &#8211; und beides l\u00e4sst sich auf humorvolle Art und Weise wunderbar vereinen. Kein Wunder also, dass sich Party-Musiker FELIX MUHR\u00a0mit seinem neuen Party-Song \u201eB\u00f6ll b\u00f6ll Kern\u00f6l\u201c somit ganz dem steirischem Lifestyle widmet. Mit seiner ganz eigenen Party-Version des bekannten Hits legt er den Fokus auf kreative Wortsch\u00f6pfungen, das mar-kante \u201eB\u00f6lln\u201c der steirischen Sprache und nat\u00fcrlich auf das schwarze Gold der Steiermark, das Kern\u00f6l.<span class=\"Apple-converted-space\">\u00a0<\/span><\/p>\n<p style=\"text-align: justify;\">Von Anfang an setzte Felix Muhr auf Bodenst\u00e4ndigkeit und bleibt seinem Motto stets treu: Er versteckt seine eigene Sprache bewusst nicht, nimmt sich und seine Musik nie zu ernst und sorgt gerne f\u00fcr gute Stimmung auf dem Dancefloor. \u201eB\u00f6ll b\u00f6ll Kern\u00f6l\u201c tr\u00e4gt nicht umsonst das steirische Stimmungsg\u00fctesiegel. Aber \u00fcberzeugt euch davon selbst!<span class=\"Apple-converted-space\">\u00a0<\/span><\/p>\n<p style=\"text-align: justify;\">\u201eB\u00f6ll b\u00f6ll Kern\u00f6l\u201c wird zum 17. M\u00e4rz auf allen g\u00e4ngigen Download- und Streaming-Portalen erh\u00e4ltlich sein!<span class=\"Apple-converted-space\">\u00a0<\/span><\/p>\n","protected":false},"excerpt":{"rendered":"<p>\u201eB\u00f6ll b\u00f6ll Kern\u00f6l\u201c tr\u00e4gt nicht umsonst das steirische Stimmungsg\u00fctesiegel &#8230;!<\/p>\n","protected":false},"author":2,"featured_media":198465,"comment_status":"open","ping_status":"closed","sticky":false,"template":"","format":"standard","meta":{"_FSMCFIC_featured_image_caption":"","_FSMCFIC_featured_image_nocaption":"","_FSMCFIC_featured_image_hide":""},"categories":[26],"tags":[2846],"acf":[],"_links":{"self":[{"href":"https:\/\/smago.de\/ws2\/wp-json\/wp\/v2\/posts\/198464"}],"collection":[{"href":"https:\/\/smago.de\/ws2\/wp-json\/wp\/v2\/posts"}],"about":[{"href":"https:\/\/smago.de\/ws2\/wp-json\/wp\/v2\/types\/post"}],"author":[{"embeddable":true,"href":"https:\/\/smago.de\/ws2\/wp-json\/wp\/v2\/users\/2"}],"replies":[{"embeddable":true,"href":"https:\/\/smago.de\/ws2\/wp-json\/wp\/v2\/comments?post=198464"}],"version-history":[{"count":2,"href":"https:\/\/smago.de\/ws2\/wp-json\/wp\/v2\/posts\/198464\/revisions"}],"predecessor-version":[{"id":198467,"href":"https:\/\/smago.de\/ws2\/wp-json\/wp\/v2\/posts\/198464\/revisions\/198467"}],"wp:featuredmedia":[{"embeddable":true,"href":"https:\/\/smago.de\/ws2\/wp-json\/wp\/v2\/media\/198465"}],"wp:attachment":[{"href":"https:\/\/smago.de\/ws2\/wp-json\/wp\/v2\/media?parent=198464"}],"wp:term":[{"taxonomy":"category","embeddable":true,"href":"https:\/\/smago.de\/ws2\/wp-json\/wp\/v2\/categories?post=198464"},{"taxonomy":"post_tag","embeddable":true,"href":"https:\/\/smago.de\/ws2\/wp-json\/wp\/v2\/tags?post=198464"}],"curies":[{"name":"wp","href":"https:\/\/api.w.org\/{rel}","templated":true}]}}