{"id":198434,"date":"2023-03-15T15:09:31","date_gmt":"2023-03-15T14:09:31","guid":{"rendered":"https:\/\/smago.de\/ws2\/?p=198434"},"modified":"2023-03-15T15:09:31","modified_gmt":"2023-03-15T14:09:31","slug":"michael-wendler-rtlzwei-stoppt-das-angekuendigte-format-mit-michael-wendler","status":"publish","type":"post","link":"https:\/\/smago.de\/ws2\/pop-schlager\/michael-wendler-rtlzwei-stoppt-das-angekuendigte-format-mit-michael-wendler\/","title":{"rendered":"MICHAEL WENDLER <br>RTLZWEI stoppt das angek\u00fcndigte Format mit Michael Wendler"},"content":{"rendered":"<p>Die geplante Doku-Soap mit Michael Wendler und Laura M\u00fcller wird nicht f\u00fcr RTLZWEI produziert und ausgestrahlt! Der Sender schreibt &#8230;:<br \/>\n<!--more--><\/p>\n<p>&nbsp;<\/p>\n<p>&nbsp;<\/p>\n<p style=\"text-align: justify;\">\n<div class=\"row main-text--container\" style=\"text-align: justify;\">\n<div class=\"col-12 col-sm-10 offset-sm-1 col-lg-8 offset-lg-2 lh-4 type-1 pbo-text\">\n<p><em>&#8222;Wir haben die Vehemenz der Reaktionen wahrgenommen und nehmen die Stimmen unseres Publikums ernst. Wir bitten um Entschuldigung, sollten wir hier Gef\u00fchle verletzt haben.<\/em><\/p>\n<\/div>\n<\/div>\n<div class=\"row main-text--container\">\n<div class=\"col-12 col-sm-10 offset-sm-1 col-lg-8 offset-lg-2 lh-4 type-1 pbo-text\">\n<p style=\"text-align: justify;\"><em>RTLZWEI hat sich immer von Extremismus aller Art distanziert und steht f\u00fcr Weltoffenheit und Toleranz. Es ist uns wichtig, auch nur den Anschein zu vermeiden, dass der Sender hier zu Abstrichen bereit ist. Deshalb werden wir das Projekt mit Michael Wendler nicht weiterverfolgen. Die Produzenten EndemolShine Germany und Rainer Laux Productions tragen diese Entscheidung in vollem Umfang mit.&#8220;<\/em><\/p>\n<\/div>\n<\/div>\n<p>&nbsp;<\/p>\n<p>&nbsp;<\/p>\n<figure id=\"attachment_198435\" aria-describedby=\"caption-attachment-198435\" style=\"width: 600px\" class=\"wp-caption alignnone\"><img decoding=\"async\" loading=\"lazy\" class=\"size-full wp-image-198435\" src=\"https:\/\/smago.de\/ws2\/wp-content\/uploads\/2023\/03\/RTLII_Logo.webp\" alt=\"\" width=\"600\" height=\"338\" srcset=\"https:\/\/smago.de\/ws2\/wp-content\/uploads\/2023\/03\/RTLII_Logo.webp 600w, https:\/\/smago.de\/ws2\/wp-content\/uploads\/2023\/03\/RTLII_Logo-522x294.webp 522w, https:\/\/smago.de\/ws2\/wp-content\/uploads\/2023\/03\/RTLII_Logo-266x150.webp 266w, https:\/\/smago.de\/ws2\/wp-content\/uploads\/2023\/03\/RTLII_Logo-392x221.webp 392w, https:\/\/smago.de\/ws2\/wp-content\/uploads\/2023\/03\/RTLII_Logo-130x73.webp 130w, https:\/\/smago.de\/ws2\/wp-content\/uploads\/2023\/03\/RTLII_Logo-292x164.webp 292w, https:\/\/smago.de\/ws2\/wp-content\/uploads\/2023\/03\/RTLII_Logo-435x245.webp 435w\" sizes=\"(max-width: 600px) 100vw, 600px\" \/><figcaption id=\"caption-attachment-198435\" class=\"wp-caption-text\"><em>Foto-Credit: RTLZWEI<\/em><\/figcaption><\/figure>\n<p>&nbsp;<\/p>\n","protected":false},"excerpt":{"rendered":"<p>Die geplante Doku-Soap mit Michael Wendler und Laura M\u00fcller wird nicht f\u00fcr RTLZWEI produziert und ausgestrahlt! Der Sender schreibt &#8230;:<\/p>\n","protected":false},"author":2,"featured_media":198435,"comment_status":"open","ping_status":"closed","sticky":false,"template":"","format":"standard","meta":{"_FSMCFIC_featured_image_caption":"","_FSMCFIC_featured_image_nocaption":"","_FSMCFIC_featured_image_hide":""},"categories":[28,128],"tags":[177],"acf":[],"_links":{"self":[{"href":"https:\/\/smago.de\/ws2\/wp-json\/wp\/v2\/posts\/198434"}],"collection":[{"href":"https:\/\/smago.de\/ws2\/wp-json\/wp\/v2\/posts"}],"about":[{"href":"https:\/\/smago.de\/ws2\/wp-json\/wp\/v2\/types\/post"}],"author":[{"embeddable":true,"href":"https:\/\/smago.de\/ws2\/wp-json\/wp\/v2\/users\/2"}],"replies":[{"embeddable":true,"href":"https:\/\/smago.de\/ws2\/wp-json\/wp\/v2\/comments?post=198434"}],"version-history":[{"count":1,"href":"https:\/\/smago.de\/ws2\/wp-json\/wp\/v2\/posts\/198434\/revisions"}],"predecessor-version":[{"id":198436,"href":"https:\/\/smago.de\/ws2\/wp-json\/wp\/v2\/posts\/198434\/revisions\/198436"}],"wp:featuredmedia":[{"embeddable":true,"href":"https:\/\/smago.de\/ws2\/wp-json\/wp\/v2\/media\/198435"}],"wp:attachment":[{"href":"https:\/\/smago.de\/ws2\/wp-json\/wp\/v2\/media?parent=198434"}],"wp:term":[{"taxonomy":"category","embeddable":true,"href":"https:\/\/smago.de\/ws2\/wp-json\/wp\/v2\/categories?post=198434"},{"taxonomy":"post_tag","embeddable":true,"href":"https:\/\/smago.de\/ws2\/wp-json\/wp\/v2\/tags?post=198434"}],"curies":[{"name":"wp","href":"https:\/\/api.w.org\/{rel}","templated":true}]}}