{"id":198163,"date":"2023-03-11T00:00:26","date_gmt":"2023-03-10T23:00:26","guid":{"rendered":"https:\/\/smago.de\/ws2\/?p=198163"},"modified":"2023-03-10T10:21:39","modified_gmt":"2023-03-10T09:21:39","slug":"dsds-6","status":"publish","type":"post","link":"https:\/\/smago.de\/ws2\/uncategorized\/dsds-6\/","title":{"rendered":"DIETER BOHLEN, PIETRO LOMBARDI u.a. <br>Heute, 11.03.2023, RTL: &#8222;Deutschland sucht den Superstar&#8220; &#8211; Paradiesischer Recall!"},"content":{"rendered":"<p style=\"text-align: justify;\"><span class=\"topheader\">Welche DSDS-Talente setzen sich am Strand von Coconut Island durch? \/\/\u00a0<\/span><span class=\"header\">Der Kreis der Kandidat(inn)en im Rennen um den Superstar-Titel wird kleiner &#8230; \/\/ 20:15 Uhr!<br \/>\n<!--more--><\/span><\/p>\n<p>&nbsp;<\/p>\n<p>&nbsp;<\/p>\n<p style=\"text-align: justify;\">Nach einem verhei\u00dfungsvollen Thailand-Auftakt in der Hauptstadt Bangkok geht es f\u00fcr die verbliebenen DSDS-Kandidat:innen in der n\u00e4chsten Recall-Runde &#8211; zu sehen am heutigenSamstag, den 11.03.2023 um 20:15 Uhr bei RTL &#8211; weiter Richtung Phuket: Am Traumstrand von Coconut Island warten eine Luxusvilla und ein wundersch\u00f6nes Audition-Set auf die Talente, die ihre Ankunft im Ferienparadies kaum erwarten k\u00f6nnen.<\/p>\n<p style=\"text-align: justify;\">Die beiden Recall-Nachz\u00fcglerinnen Olga und Tatjana freuen sich, als erste Bewohnerinnen in die neue DSDS-Villa einziehen zu d\u00fcrfen und lassen es sich mit einer ausgiebigen Thaimassage und einem feuchtfr\u00f6hlichen Pool-Besuch gutgehen. Nachdem die \u00fcbrigen Kandidat:innen nach der schlimmen Zeltlager-Erfahrung bei den Recalls auf Mallorca zun\u00e4chst etwas misstrauisch in Phuket eintreffen, ist der Jubel wenig sp\u00e4ter gro\u00df \u2013 die neue Luxus-Villa ist Realit\u00e4t, der Kampf um die besten Schlafpl\u00e4tze kann beginnen! Doch Olga und Tatjana ernten nach Ankunft ihrer Mitstreiter:innen neben einer herzlichen Willkommens-Begr\u00fc\u00dfung auch einige kritische Blicke: Besonders Rose findet es unfair, dass die beiden den ersten Thailand-Recall \u00fcberspringen durften und macht ihrem \u00c4rger Luft. Werden die beiden Nachz\u00fcglerinnen sich trotz Gegenwind und fehlender Wettkampf-Praxis gegen die starke Konkurrenz durchsetzen k\u00f6nnen? Dilara macht schon mal eine deutliche Ansage: \u201eAb jetzt ist richtig Konkurrenzkampf!\u201c<\/p>\n<p style=\"text-align: justify;\">Kaum sind die Gruppen f\u00fcr die kommende Audition eingeteilt, gibt es Spannungen: Monika kennt ihren Gruppen-Song nicht und hat Versagens-\u00c4ngste, Marleen ist genervt von Natalie, Lawa und Dilara versp\u00fcren gegen\u00fcber Tatjana \u201ebad vibes\u201c und Isa trifft wegen Stimmproblemen die hohen T\u00f6ne nicht. Noch schlimmer hat es Kiyan erwischt: Ihm ist der Fu\u00df stark angeschwollen und es wird \u00fcberlegt, einen Arzt zu holen. Die Nerven sind angespannt &#8211; f\u00fcr einen Teil der Recall-Kandidat:innen keine guten Vorzeichen, es in die n\u00e4chste Runde zu schaffen. Gut, dass ein abendlicher Besuch des thail\u00e4ndischen Lichterfestes etwas seelische Entspannung bringt: In einer feierlichen Zeremonie d\u00fcrfen die Talente ihre innigsten W\u00fcnsche niederschreiben und vergie\u00dfen dabei sogar ein paar nachdenkliche Tr\u00e4nen.<\/p>\n<p style=\"text-align: justify;\">Der n\u00e4chste Morgen bringt neuen Trouble: Jemand hat offensichtlich nachts an der Klima-Anlage die Temperatur herunter gedreht &#8211; das bedeutet Erk\u00e4ltungs-Gefahr und ist Gift f\u00fcr jede Sing-Stimme! \u201eVielleicht versuchen einige durch solche Aktionen und Taktiken Superstar zu werden?\u201c, fragt Peris schockiert. Rose, Aileen und Monika treffen sich derweil unter Palmen zum Deeptalk und es wird schnell klar: Viele \u00c4ngste bewegen die Talente in ihrem Alltag, doch ihre Mission verlieren sie nicht aus den Augen &#8211; alle Kr\u00e4fte b\u00fcndeln, um die n\u00e4chste Runde zu \u00fcberstehen!<\/p>\n<p style=\"text-align: justify;\">Wenig sp\u00e4ter kommt es dann zum entscheidenden Showdown: Die Jury erwartet die aufgeregten Kandidat:innen am Strand zur mit Spannung erwarteten Gruppen-Audition. Nach einem Wechselbad der Gef\u00fchle zwischen gro\u00dfartigen Recall-Performances und harter Jury-Kritik, wartet auf die DSDS-Talente vor der Urteilsverk\u00fcndung eine weitere harte Nuss: Sie sollen vor der Jury einsch\u00e4tzen, wer es ihrer Meinung nach nicht in die n\u00e4chste Runde schaffen darf. Da ist der n\u00e4chste Stress schon vorprogrammiert!<\/p>\n<p>&nbsp;<\/p>\n<p>&nbsp;<\/p>\n<p>&nbsp;<\/p>\n<p>&nbsp;<\/p>\n<p>&nbsp;<\/p>\n<p>&nbsp;<\/p>\n<p>&nbsp;<\/p>\n<p style=\"text-align: justify;\"><strong>Folgende Gruppen sind im 2. Set des Auslands-Recalls in Thailand zu sehen:<\/strong><\/p>\n<p>&nbsp;<\/p>\n<p>&nbsp;<\/p>\n<p>&nbsp;<\/p>\n<p style=\"text-align: justify;\"><strong><br \/>\n<\/strong><br \/>\n\u2022 <strong>Lawa Baban<\/strong> (25) aus Gie\u00dfen, <strong>Dilara Sabahat<\/strong> (17) aus Neum\u00fcnster und <strong>Tatjana Ivanovic<\/strong> (19) aus Pf\u00e4ffikon (Schweiz) singen <strong>\u201eHold My Hand\u201c von Lady Gaga<\/strong><\/p>\n<p>&nbsp;<\/p>\n<p style=\"text-align: justify;\">\n\u2022 <strong>Lorent Berisha<\/strong> (19) aus Dierikon (Schweiz), <strong>Jaden Fischer<\/strong> (17) aus Bocholt und <strong>Kiyan Sepehr Yousefbeik<\/strong> (25) aus Hannover singen <strong>\u201eDancing On My Own\u201d von Calum Scott<\/strong><\/p>\n<p>&nbsp;<\/p>\n<p style=\"text-align: justify;\">\n\u2022 <strong>Monika Gajek<\/strong> (21) aus Salzgitter, <strong>Rose Ndumba<\/strong> (24) aus Essen und <strong>Olga Levit<\/strong> (29) aus Berlin singen <strong>\u201eSNAP\u201d von Rosa Linn<\/strong><\/p>\n<p>&nbsp;<\/p>\n<p style=\"text-align: justify;\">\n\u2022 <strong>Isa Berisha<\/strong> (22) aus Salzgitter, <strong>Sidan Yilmaz<\/strong> (23) aus Altenholz und <strong>Felix Gleixner<\/strong> (27) aus Amberg singen <strong>\u201eShape of You\u201d von Ed Sheeran<\/strong><\/p>\n<p>&nbsp;<\/p>\n<p style=\"text-align: justify;\">\n\u2022 <strong>Marleen Sch\u00e4fer<\/strong> (19) aus Karlsruhe, <strong>Natalie Nock<\/strong> (29) aus Baden-Baden und <strong>Aileen Sager<\/strong> (23) aus Birkenfeld singen <strong>\u201eDirty Dancing\u201d von Glockenbach &amp; \u00c1SD\u00cdS<\/strong><\/p>\n<p>&nbsp;<\/p>\n<p style=\"text-align: justify;\">\n\u2022 <strong>Fatih Y\u00fcksel<\/strong> (28) aus D\u00fcsseldorf, <strong>Peris Achilleas Grigoriadis<\/strong> (24) aus Pleidelsheim und <strong>Jill Lange<\/strong> (22) aus R\u00f6merstein singen <strong>\u201eIch hass Dich\u201d von Nina Chuba &amp; Chapo102<\/strong><\/p>\n<p>&nbsp;<\/p>\n<p style=\"text-align: justify;\">\n\u2022 <strong>Sem Eisinger<\/strong> (29) aus Frankfurt und <strong>David Leischik<\/strong> (27) aus K\u00f6ln singen <strong>\u201eHow Deep Is Your Love\u201c von Bee Gees<\/strong><\/p>\n<p style=\"text-align: justify;\">\n<p style=\"text-align: justify;\">\n<p style=\"text-align: justify;\">\n<figure id=\"attachment_198165\" aria-describedby=\"caption-attachment-198165\" style=\"width: 800px\" class=\"wp-caption alignnone\"><img decoding=\"async\" loading=\"lazy\" class=\"size-large wp-image-198165\" src=\"https:\/\/smago.de\/ws2\/wp-content\/uploads\/2023\/03\/AAFAD-800x533.jpg\" alt=\"\" width=\"800\" height=\"533\" srcset=\"https:\/\/smago.de\/ws2\/wp-content\/uploads\/2023\/03\/AAFAD-800x533.jpg 800w, https:\/\/smago.de\/ws2\/wp-content\/uploads\/2023\/03\/AAFAD-522x348.jpg 522w, https:\/\/smago.de\/ws2\/wp-content\/uploads\/2023\/03\/AAFAD-225x150.jpg 225w, https:\/\/smago.de\/ws2\/wp-content\/uploads\/2023\/03\/AAFAD-768x512.jpg 768w, https:\/\/smago.de\/ws2\/wp-content\/uploads\/2023\/03\/AAFAD-1536x1024.jpg 1536w, https:\/\/smago.de\/ws2\/wp-content\/uploads\/2023\/03\/AAFAD-2048x1365.jpg 2048w, https:\/\/smago.de\/ws2\/wp-content\/uploads\/2023\/03\/AAFAD-392x261.jpg 392w, https:\/\/smago.de\/ws2\/wp-content\/uploads\/2023\/03\/AAFAD-130x87.jpg 130w, https:\/\/smago.de\/ws2\/wp-content\/uploads\/2023\/03\/AAFAD-668x445.jpg 668w, https:\/\/smago.de\/ws2\/wp-content\/uploads\/2023\/03\/AAFAD-783x522.jpg 783w, https:\/\/smago.de\/ws2\/wp-content\/uploads\/2023\/03\/AAFAD-285x190.jpg 285w, https:\/\/smago.de\/ws2\/wp-content\/uploads\/2023\/03\/AAFAD-435x290.jpg 435w, https:\/\/smago.de\/ws2\/wp-content\/uploads\/2023\/03\/AAFAD-150x100.jpg 150w, https:\/\/smago.de\/ws2\/wp-content\/uploads\/2023\/03\/AAFAD-370x247.jpg 370w\" sizes=\"(max-width: 800px) 100vw, 800px\" \/><figcaption id=\"caption-attachment-198165\" class=\"wp-caption-text\"><em>Die Jury mit (v.l.) Leony, Katja Krasavice, Pietro Lombardi und Dieter Bohlen am Strand von Coconut Island, dem zweiten Set des Recalls in Thailand<\/em><\/p>\n<p><em>Foto-Credit: RTL \/ Markus Hertrich<\/em><\/p>\n<p><em>Bitte beachten Sie auch \u00a0!<\/em><\/figcaption><\/figure>\n<p>&nbsp;<\/p>\n<p>&nbsp;<\/p>\n<p>&nbsp;<\/p>\n<p>&nbsp;<\/p>\n<figure id=\"attachment_198164\" aria-describedby=\"caption-attachment-198164\" style=\"width: 800px\" class=\"wp-caption alignnone\"><img decoding=\"async\" loading=\"lazy\" class=\"size-large wp-image-198164\" src=\"https:\/\/smago.de\/ws2\/wp-content\/uploads\/2023\/03\/33F14-800x533.jpg\" alt=\"\" width=\"800\" height=\"533\" srcset=\"https:\/\/smago.de\/ws2\/wp-content\/uploads\/2023\/03\/33F14-800x533.jpg 800w, https:\/\/smago.de\/ws2\/wp-content\/uploads\/2023\/03\/33F14-522x348.jpg 522w, https:\/\/smago.de\/ws2\/wp-content\/uploads\/2023\/03\/33F14-225x150.jpg 225w, https:\/\/smago.de\/ws2\/wp-content\/uploads\/2023\/03\/33F14-768x512.jpg 768w, https:\/\/smago.de\/ws2\/wp-content\/uploads\/2023\/03\/33F14-1536x1024.jpg 1536w, https:\/\/smago.de\/ws2\/wp-content\/uploads\/2023\/03\/33F14-2048x1365.jpg 2048w, https:\/\/smago.de\/ws2\/wp-content\/uploads\/2023\/03\/33F14-392x261.jpg 392w, https:\/\/smago.de\/ws2\/wp-content\/uploads\/2023\/03\/33F14-130x87.jpg 130w, https:\/\/smago.de\/ws2\/wp-content\/uploads\/2023\/03\/33F14-668x445.jpg 668w, https:\/\/smago.de\/ws2\/wp-content\/uploads\/2023\/03\/33F14-783x522.jpg 783w, https:\/\/smago.de\/ws2\/wp-content\/uploads\/2023\/03\/33F14-285x190.jpg 285w, https:\/\/smago.de\/ws2\/wp-content\/uploads\/2023\/03\/33F14-435x290.jpg 435w, https:\/\/smago.de\/ws2\/wp-content\/uploads\/2023\/03\/33F14-150x100.jpg 150w, https:\/\/smago.de\/ws2\/wp-content\/uploads\/2023\/03\/33F14-370x247.jpg 370w\" sizes=\"(max-width: 800px) 100vw, 800px\" \/><figcaption id=\"caption-attachment-198164\" class=\"wp-caption-text\"><em>Die Jury mit (v.l.) Leony, Katja Krasavice, Pietro Lombardi und Dieter Bohlen am Strand von Coconut Island, dem zweiten Set des Recalls in Thailand<\/em><\/p>\n<p><em>Foto-Credit: Foto: RTL \/ Markus Hertrich<\/em><\/p>\n<p><em>Bitte beachten Sie auch <strong><a href=\"http:\/\/www.tvnow.de\">RTL+<\/a><\/strong>!<\/em><\/figcaption><\/figure>\n","protected":false},"excerpt":{"rendered":"<p>Welche DSDS-Talente setzen sich am Strand von Coconut Island durch? \/\/\u00a0Der Kreis der Kandidat(inn)en im Rennen um den Superstar-Titel wird<\/p>\n","protected":false},"author":2,"featured_media":198164,"comment_status":"open","ping_status":"closed","sticky":false,"template":"","format":"standard","meta":{"_FSMCFIC_featured_image_caption":"","_FSMCFIC_featured_image_nocaption":"","_FSMCFIC_featured_image_hide":""},"categories":[1],"tags":[402],"acf":[],"_links":{"self":[{"href":"https:\/\/smago.de\/ws2\/wp-json\/wp\/v2\/posts\/198163"}],"collection":[{"href":"https:\/\/smago.de\/ws2\/wp-json\/wp\/v2\/posts"}],"about":[{"href":"https:\/\/smago.de\/ws2\/wp-json\/wp\/v2\/types\/post"}],"author":[{"embeddable":true,"href":"https:\/\/smago.de\/ws2\/wp-json\/wp\/v2\/users\/2"}],"replies":[{"embeddable":true,"href":"https:\/\/smago.de\/ws2\/wp-json\/wp\/v2\/comments?post=198163"}],"version-history":[{"count":3,"href":"https:\/\/smago.de\/ws2\/wp-json\/wp\/v2\/posts\/198163\/revisions"}],"predecessor-version":[{"id":198244,"href":"https:\/\/smago.de\/ws2\/wp-json\/wp\/v2\/posts\/198163\/revisions\/198244"}],"wp:featuredmedia":[{"embeddable":true,"href":"https:\/\/smago.de\/ws2\/wp-json\/wp\/v2\/media\/198164"}],"wp:attachment":[{"href":"https:\/\/smago.de\/ws2\/wp-json\/wp\/v2\/media?parent=198163"}],"wp:term":[{"taxonomy":"category","embeddable":true,"href":"https:\/\/smago.de\/ws2\/wp-json\/wp\/v2\/categories?post=198163"},{"taxonomy":"post_tag","embeddable":true,"href":"https:\/\/smago.de\/ws2\/wp-json\/wp\/v2\/tags?post=198163"}],"curies":[{"name":"wp","href":"https:\/\/api.w.org\/{rel}","templated":true}]}}