{"id":198057,"date":"2023-03-08T00:00:40","date_gmt":"2023-03-07T23:00:40","guid":{"rendered":"https:\/\/smago.de\/ws2\/?p=198057"},"modified":"2026-03-30T20:02:30","modified_gmt":"2026-03-30T18:02:30","slug":"claudia-biltz-ihr-neuer-song-mein-herz-entstand-in-zusammenarbeit-mit-andre-stade","status":"publish","type":"post","link":"https:\/\/smago.de\/ws2\/pop-schlager\/claudia-biltz-ihr-neuer-song-mein-herz-entstand-in-zusammenarbeit-mit-andre-stade\/","title":{"rendered":"CLAUDIA BILTZ <br>Ihr neuer Song \u201eMein Herz\u201c \u2013 pers\u00f6nlich, ehrlich und ausdrucksstark!"},"content":{"rendered":"<p>Die S\u00e4ngerin v<span lang=\"DE\">er\u00f6ffentlicht ihren zweiten Titel am 10.03.2023 via Fiesta Records (Andreas Rosmiarek)!<br \/>\n<!--more--><\/span><\/p>\n<p>&nbsp;<\/p>\n<p style=\"text-align: justify;\">\n<p class=\"p1\" style=\"text-align: justify;\">Nachdem CLAUDIA BLITZ Mitte Januar 2023 mit ihrer Debu\u0308t-Single \u201eNichts wird bleiben, wie es ist\u201c ins neue Jahr gestartet ist, folgt nun mit \u201eMein Herz\u201c ihre zweite Ver\u00f6ffentlichung.<\/p>\n<p>Erneut gew\u00e4hrt die S\u00e4ngerin einen sehr pers\u00f6nlichen Einblick in ihre Gedanken- und Gefu\u0308hlswelt. Im Mittelpunkt stehen Werte wie Ehrlichkeit, Vertrauen und gegenseitige Wertsch\u00e4tzung \u2013 und manchmal eben auch die Liebe auf den zweiten Blick.<\/p>\n<p><em>\u201eIch bin ein absoluter Harmonie-Mensch, beruflich wie auch privat. Ehrlichkeit, Wertsch\u00e4tzung, Respekt und Vertrauen sind fu\u0308r mich elementare Grundpfeiler jeder zwischenmenschlichen Beziehung. Dann ist es auch gar nicht schlimm, wenn mal die Fetzen fliegen und man sich einfach mal ganz klar und ehrlich die Meinung sagt. Denn alle wissen, dass dadurch nichts kaputt geht und dass man einander trotzdem sch\u00e4tzt und mag und dass die Beziehung das aush\u00e4lt \u2013 ja sogar hin und wieder braucht, um daran zu wachsen.\u201c<\/em><\/p>\n<p>Diese Haltung spiegelt sich auch im Song wider: Emotion und Klarheit, Gegens\u00e4tze und Verbindung, Reibung und Zusammenhalt \u2013 am Ende steht das \u201eWir\u201c.<\/p>\n<p>Den Song-Text verfasste Claudia Biltz selbst, auch die Melodie stammt zu gro\u00dfen Teilen aus ihrer Feder. Der Titel entwickelt dabei eine unmittelbare Dynamik, die direkt ins Ohr geht.<\/p>\n<p>Bereits eine Woche nach der Ver\u00f6ffentlichung wird zudem ein Disco tauglicher Remix aus dem Atmosjam-Studio von Davin Bernhard und Holger Florian erscheinen, der dem Song eine weitere Facette verleiht.<\/p>\n<p>Ver\u00f6ffentlicht wird \u201eMein Herz\u201c am 10.03.2023 u\u0308ber Fiesta Records (Andreas Rosmiarek).<\/p>\n","protected":false},"excerpt":{"rendered":"<p>Die S\u00e4ngerin ver\u00f6ffentlicht ihren zweiten Titel am 10.03.2023 via Fiesta Records (Andreas Rosmiarek)!<\/p>\n","protected":false},"author":2,"featured_media":198058,"comment_status":"open","ping_status":"closed","sticky":false,"template":"","format":"standard","meta":{"_FSMCFIC_featured_image_caption":"","_FSMCFIC_featured_image_nocaption":"","_FSMCFIC_featured_image_hide":""},"categories":[28],"tags":[3087],"acf":[],"_links":{"self":[{"href":"https:\/\/smago.de\/ws2\/wp-json\/wp\/v2\/posts\/198057"}],"collection":[{"href":"https:\/\/smago.de\/ws2\/wp-json\/wp\/v2\/posts"}],"about":[{"href":"https:\/\/smago.de\/ws2\/wp-json\/wp\/v2\/types\/post"}],"author":[{"embeddable":true,"href":"https:\/\/smago.de\/ws2\/wp-json\/wp\/v2\/users\/2"}],"replies":[{"embeddable":true,"href":"https:\/\/smago.de\/ws2\/wp-json\/wp\/v2\/comments?post=198057"}],"version-history":[{"count":5,"href":"https:\/\/smago.de\/ws2\/wp-json\/wp\/v2\/posts\/198057\/revisions"}],"predecessor-version":[{"id":258065,"href":"https:\/\/smago.de\/ws2\/wp-json\/wp\/v2\/posts\/198057\/revisions\/258065"}],"wp:featuredmedia":[{"embeddable":true,"href":"https:\/\/smago.de\/ws2\/wp-json\/wp\/v2\/media\/198058"}],"wp:attachment":[{"href":"https:\/\/smago.de\/ws2\/wp-json\/wp\/v2\/media?parent=198057"}],"wp:term":[{"taxonomy":"category","embeddable":true,"href":"https:\/\/smago.de\/ws2\/wp-json\/wp\/v2\/categories?post=198057"},{"taxonomy":"post_tag","embeddable":true,"href":"https:\/\/smago.de\/ws2\/wp-json\/wp\/v2\/tags?post=198057"}],"curies":[{"name":"wp","href":"https:\/\/api.w.org\/{rel}","templated":true}]}}