{"id":198003,"date":"2023-03-07T00:00:36","date_gmt":"2023-03-06T23:00:36","guid":{"rendered":"https:\/\/smago.de\/ws2\/?p=198003"},"modified":"2023-03-06T13:45:17","modified_gmt":"2023-03-06T12:45:17","slug":"georg-und-walter-woerle-30-jahre-woerle-musicland","status":"publish","type":"post","link":"https:\/\/smago.de\/ws2\/schlager\/georg-und-walter-woerle-30-jahre-woerle-musicland\/","title":{"rendered":"GEORG und WALTER W\u00d6RLE <br>30 Jahre W\u00f6rle-Musicland!"},"content":{"rendered":"<p>Wir sagen: Herzlichen Gl\u00fcckwunsch an die Gebr\u00fcder W\u00f6rle!<br \/>\n<!--more--><\/p>\n<p>&nbsp;<\/p>\n<p>&nbsp;<\/p>\n<p>&nbsp;<\/p>\n<p style=\"text-align: justify;\">&#8222;Wen und was haben wir nicht alles er- und \u00fcberlebt in dieser Branche&#8220;, sagen sich die Br\u00fcder Georg &#8222;Schorsch&#8220; und Walter W\u00f6rle heute. Nachdem sie 1993 den Hauptjob als Radiomoderatoren an den Nagel h\u00e4ngten, war die Musik auf der B\u00fchne und in ihrem neuen Tonstudio die Hauptt\u00e4tigkeit.<\/p>\n<p style=\"text-align: justify;\">Neben zahlreichen B\u00fchnenauftritten als DUO W\u00d6RLE in renommierten Tanzs\u00e4len, schrieben sie auch flei\u00dfig Songs f\u00fcr andere Interpreten und Studios. So entstanden seinerzeit Lieder f\u00fcr Petra Frey, die Klostertaler, das Original Naabtal-Duo, Geraldine Olivier usw. Mit Sandra Weiss gewannen sie als Produzenten 1997 den Grand Prix der Volksmusik. Das &#8222;Duo W\u00f6rle &#8220; tritt heute \u00fcbrigens nur noch zu seltenen Gelegenheiten auf. Der Schwerpunkt liegt in der Arbeit f\u00fcr andere K\u00fcnstler.<\/p>\n<p style=\"text-align: justify;\">Im eigenen Studio im Ostallg\u00e4uer Baisweil wurden mehrere Kultstars produziert. Die Geschwister Leismann, Gitti und Erika, Gus Backus waren zu Gast und sangen hier ihre Alben ein, welche von den W\u00f6rles arrangiert und produziert wurden.<\/p>\n<p style=\"text-align: justify;\">Irgendwann haben sie sich dann darauf spezialisiert, die &#8222;eigenen&#8220; K\u00fcnstler zu f\u00f6rdern. So entstanden u.a. mehrere Alben mit der vielgebuchten Schlagerband &#8222;Die Schornsteinfeger&#8220; oder auch Italohits f\u00fcr &#8222;Salvatore e Rosario&#8220;. Die Schwarzw\u00e4lder S\u00e4ngerin Daniela Martinez konnten sie als Moderatorin beim nagelneuen Fernsehsender &#8222;Stimmungsgarten-TV&#8220; platzieren. Ihr neuer Titel zur Sendung st\u00fcrmt gerade die Radiohitparaden. \u00dcbrigens wurde die S\u00e4ngerin in der Vergangenheit 3 mal Jahressieger der SWR4-Hitparade, jeweils mit Kompositionen von Georg und Walter W\u00f6rle.<\/p>\n<p style=\"text-align: justify;\">Aktuell erscheinen aus dem W\u00f6rle-Musicland demn\u00e4chst u.a. die neue Single von Captain Freddy (Ex-Frontmann von Captain Cook und seine singenden Saxophone) und das neue Album von &#8222;Immer wieder sonntags&#8220;- Sommerhitk\u00f6nig Simon Broch aus der Schweiz. F\u00fcr ihn schrieben und produzierten sie 2021 den Titel &#8222;Etwas Sommergl\u00fcck&#8220;, der alle Wettbewerbsrunden bestand und zum Sieg f\u00fchrte.<\/p>\n<p style=\"text-align: justify;\">Auch nach 30 Jahren musikalischer T\u00e4tigkeit ist das Br\u00fcderpaar nicht m\u00fcde geworden. So wurde vor kurzem das Studio wieder technisch aufger\u00fcstet und mit aktuellsten Sounds und M\u00f6glichkeiten optimiert.\u00a0 Vom volkst\u00fcmlichen Lied bis zum Popschlager &#8230;.das soll auch f\u00fcr die n\u00e4chsten Jahre die Bandbreite der Produktionsfirma sein.<\/p>\n<p style=\"text-align: justify;\">Georg (Schorsch) und Walter W\u00f6rle bedanken sich auf diesem Wege bei allen Medien- und Gesch\u00e4ftspartnern, so wie bei all ihren K\u00fcnstlern f\u00fcr ihr langj\u00e4hriges Vertrauen.<\/p>\n<p>&nbsp;<\/p>\n<p>&nbsp;<\/p>\n<figure id=\"attachment_198004\" aria-describedby=\"caption-attachment-198004\" style=\"width: 600px\" class=\"wp-caption alignnone\"><img decoding=\"async\" loading=\"lazy\" class=\"size-large wp-image-198004\" src=\"https:\/\/smago.de\/ws2\/wp-content\/uploads\/2023\/03\/Georg-Schorsch-und-Walter-Woerle-im-Tonstudio-600x800.jpg\" alt=\"\" width=\"600\" height=\"800\" srcset=\"https:\/\/smago.de\/ws2\/wp-content\/uploads\/2023\/03\/Georg-Schorsch-und-Walter-Woerle-im-Tonstudio-600x800.jpg 600w, https:\/\/smago.de\/ws2\/wp-content\/uploads\/2023\/03\/Georg-Schorsch-und-Walter-Woerle-im-Tonstudio-391x522.jpg 391w, https:\/\/smago.de\/ws2\/wp-content\/uploads\/2023\/03\/Georg-Schorsch-und-Walter-Woerle-im-Tonstudio-112x150.jpg 112w, https:\/\/smago.de\/ws2\/wp-content\/uploads\/2023\/03\/Georg-Schorsch-und-Walter-Woerle-im-Tonstudio-768x1024.jpg 768w, https:\/\/smago.de\/ws2\/wp-content\/uploads\/2023\/03\/Georg-Schorsch-und-Walter-Woerle-im-Tonstudio-1152x1536.jpg 1152w, https:\/\/smago.de\/ws2\/wp-content\/uploads\/2023\/03\/Georg-Schorsch-und-Walter-Woerle-im-Tonstudio-1536x2048.jpg 1536w, https:\/\/smago.de\/ws2\/wp-content\/uploads\/2023\/03\/Georg-Schorsch-und-Walter-Woerle-im-Tonstudio-204x272.jpg 204w, https:\/\/smago.de\/ws2\/wp-content\/uploads\/2023\/03\/Georg-Schorsch-und-Walter-Woerle-im-Tonstudio-450x600.jpg 450w, https:\/\/smago.de\/ws2\/wp-content\/uploads\/2023\/03\/Georg-Schorsch-und-Walter-Woerle-im-Tonstudio-97x130.jpg 97w, https:\/\/smago.de\/ws2\/wp-content\/uploads\/2023\/03\/Georg-Schorsch-und-Walter-Woerle-im-Tonstudio-334x445.jpg 334w, https:\/\/smago.de\/ws2\/wp-content\/uploads\/2023\/03\/Georg-Schorsch-und-Walter-Woerle-im-Tonstudio-142x190.jpg 142w, https:\/\/smago.de\/ws2\/wp-content\/uploads\/2023\/03\/Georg-Schorsch-und-Walter-Woerle-im-Tonstudio-217x290.jpg 217w, https:\/\/smago.de\/ws2\/wp-content\/uploads\/2023\/03\/Georg-Schorsch-und-Walter-Woerle-im-Tonstudio-510x680.jpg 510w, https:\/\/smago.de\/ws2\/wp-content\/uploads\/2023\/03\/Georg-Schorsch-und-Walter-Woerle-im-Tonstudio-scaled.jpg 1920w\" sizes=\"(max-width: 600px) 100vw, 600px\" \/><figcaption id=\"caption-attachment-198004\" class=\"wp-caption-text\"><em>Das Foto zeigt v.l. Georg &#8222;Schorsch&#8220; W\u00f6rle und Walter W\u00f6rle<\/em><\/figcaption><\/figure>\n","protected":false},"excerpt":{"rendered":"<p>Wir sagen: Herzlichen Gl\u00fcckwunsch an die Gebr\u00fcder W\u00f6rle!<\/p>\n","protected":false},"author":2,"featured_media":198004,"comment_status":"open","ping_status":"closed","sticky":false,"template":"","format":"standard","meta":{"_FSMCFIC_featured_image_caption":"","_FSMCFIC_featured_image_nocaption":"","_FSMCFIC_featured_image_hide":""},"categories":[29],"tags":[],"acf":[],"_links":{"self":[{"href":"https:\/\/smago.de\/ws2\/wp-json\/wp\/v2\/posts\/198003"}],"collection":[{"href":"https:\/\/smago.de\/ws2\/wp-json\/wp\/v2\/posts"}],"about":[{"href":"https:\/\/smago.de\/ws2\/wp-json\/wp\/v2\/types\/post"}],"author":[{"embeddable":true,"href":"https:\/\/smago.de\/ws2\/wp-json\/wp\/v2\/users\/2"}],"replies":[{"embeddable":true,"href":"https:\/\/smago.de\/ws2\/wp-json\/wp\/v2\/comments?post=198003"}],"version-history":[{"count":3,"href":"https:\/\/smago.de\/ws2\/wp-json\/wp\/v2\/posts\/198003\/revisions"}],"predecessor-version":[{"id":198007,"href":"https:\/\/smago.de\/ws2\/wp-json\/wp\/v2\/posts\/198003\/revisions\/198007"}],"wp:featuredmedia":[{"embeddable":true,"href":"https:\/\/smago.de\/ws2\/wp-json\/wp\/v2\/media\/198004"}],"wp:attachment":[{"href":"https:\/\/smago.de\/ws2\/wp-json\/wp\/v2\/media?parent=198003"}],"wp:term":[{"taxonomy":"category","embeddable":true,"href":"https:\/\/smago.de\/ws2\/wp-json\/wp\/v2\/categories?post=198003"},{"taxonomy":"post_tag","embeddable":true,"href":"https:\/\/smago.de\/ws2\/wp-json\/wp\/v2\/tags?post=198003"}],"curies":[{"name":"wp","href":"https:\/\/api.w.org\/{rel}","templated":true}]}}