{"id":197953,"date":"2023-03-05T23:59:30","date_gmt":"2023-03-05T22:59:30","guid":{"rendered":"https:\/\/smago.de\/ws2\/?p=197953"},"modified":"2023-03-05T21:45:49","modified_gmt":"2023-03-05T20:45:49","slug":"mandy-schwarz-zeit-zu-gehn-ein-fox-brett-aus-dem-hause-foxdog-music","status":"publish","type":"post","link":"https:\/\/smago.de\/ws2\/pop-schlager\/mandy-schwarz-zeit-zu-gehn-ein-fox-brett-aus-dem-hause-foxdog-music\/","title":{"rendered":"MANDY SCHWARZ <br>&#8222;Zeit zu gehn&#8220; &#8211; ein Fox-Brett aus dem Hause Foxdog Music!"},"content":{"rendered":"<p>Erfahren Sie HIER mehr \u00fcber Mandy Schwarz &#8230;:<br \/>\n<!--more--><\/p>\n<p>&nbsp;<\/p>\n<p>&nbsp;<\/p>\n<p style=\"text-align: justify;\">Wie oft schon belogen, wie oft schon Zeit vertan, wie oft verlorene Hoffnung und zerbrochene Tr\u00e4ume \u2013 wer kennt das nicht. Der falsche Mensch, zur falschen Zeit und irgendwie stimmt irgendwann gar nichts mehr. Die Erkenntnis ist nicht einfach und tut manchmal weh. Aber wenn es einmal soweit ist, gibt es kein Zeitverschwenden und kein Halten mehr. Vorbei sind Trauer und Wut und Verletzt sein &#8211; kurz vor der Verzweiflung stehen wir auf, richten voller Selbstbewusstsein die Krone, strecken trotzig das Kinn und machen weiter. Das gro\u00dfe Gl\u00fcck wartet schlie\u00dflich irgendwo &#8211; Wenn auch nicht hier. Also \u201egib mir jetzt mein Herz zur\u00fcck\u201c, bevor es zu sp\u00e4t ist.<\/p>\n<p style=\"text-align: justify;\">Mit \u201eZeit zu gehn\u201c ver\u00f6ffentlich MANDY SCHWARZ nun den zweiten Song aus eigener Feder. Das Produktionsteam ist erprobt und bleibt das gleiche: Sepp G\u00fcntner als Komponist ist ein alter Bekannter, mit Anna Jones \/ Foxdog Music fand sich ein sehr guter Produktionspartner, eine weitere Zusammenarbeit ist geplant.<\/p>\n<p>&nbsp;<\/p>\n<p>&nbsp;<\/p>\n<p>&nbsp;<\/p>\n<p>&nbsp;<\/p>\n<p style=\"text-align: justify;\"><strong>Mandy Schwarz &#8211; Temperament, Professionalit\u00e4t und Entertainment<\/strong><\/p>\n<p>&nbsp;<\/p>\n<p style=\"text-align: justify;\">Mandy Schwarz hat zwei T\u00f6chter und lebt mit Ihrem Lebensgef\u00e4hrten in Dresden. Geboren und aufgewachsen ist sie in der Oberlausitz am Dreil\u00e4ndereck Deutschland-Tschechien-Polen. Ihr Gesangstalent fiel schon fr\u00fch auf und sie wurde in verschiedenen Kinder- und Jugendch\u00f6ren und sp\u00e4ter im Kirchenchor musikalisch gef\u00f6rdert. Solos in Kirchen zu singen machte der besonderen Akustik wegen unheimlich Spa\u00df und weckte den Wunsch in ihr, S\u00e4ngerin zu werden.<\/p>\n<p style=\"text-align: justify;\">Nach dem Abitur studierte sie in Dresden allerdings erst mal das Lehramt, um dann im Kulturclub der Hochschule festzustellen, dass Musik und Entertainment doch mehr Spa\u00df machen. In der Folge liess sich Mandy Schwarz musikalisch ausbilden, unter anderem bei ihrer Gesangslehrerin Monica Bethge. Unter Prof. Schulz an der Hochschule f\u00fcr Musik \u201eCarl Maria von Weber\u201c in Dresden holte sie sich den letzten Schliff f\u00fcr den Start einer Gesangskarriere.<\/p>\n<p style=\"text-align: justify;\">Endlich in der Gro\u00dfstadt angelangt, wurde nun experimentiert. Ausprobiert wurde erst mal alles, von Punk und Rock \u00fcber Musik-Comedy und Musical bis hin zu Pop. 1999 holte sich Mandy Schwarz bei einem Interpretenwettbewerb mit dem 1. Platz ihren ersten Erfolg. Die Texte f\u00fcr ihre Titel schrieb sie selbst, die Musik dazu Sepp G\u00fcntner. Nun kamen auch die ersten vielversprechenden Engagements! Bei der \u201ePallas-Show-Band\u201c aus Berlin blieb sie von 1999 bis 2001. Die folgenden Jahre arbeitet(e) sie erfolgreich als \u201eFrida\u201c in verschiedenen ABBA-Shows, wie \u201eABBA da capo\u201c und \u201eABBAgirls\u201c: Tourneen gab\u2019s von Norwegen bis Rum\u00e4nien, durch ganz Europa.<\/p>\n<p style=\"text-align: justify;\">Mandy Schwarz stand auch mit den Grossen live auf der B\u00fchne; man hat Garderobe und B\u00fchne geteilt und bei gemeinsamen Veranstaltungen und Konzerten beste Action geboten. Um nur einige zu nennen: The Rubettes, Boney M., Middle Of The Road, Fancy, Ireen Sheer, Bernhard Brink, Olaf Berger oder DJ \u00d6tzi und viele mehr! Zu den unvergessenen H\u00f6hepunkten z\u00e4hlen medienumworbenen Konzerte vor mehr als 10.000 Zuschauern, wie etwa zur \u201eTour de France\u201c, zur \u201eBiathlon-WM\u201c in Ruhpolding und zur \u201eFu\u00dfball WM 2006\u201c auf der Fanmeile in Kaiserslautern. Nat\u00fcrlich hinterlie\u00dfen auch die besonders fanverr\u00fcckten und von den Medien begleiteten Konzerte in Rum\u00e4nien gro\u00dfen Eindruck bei ihr.<\/p>\n<p style=\"text-align: justify;\">Nachdem sich der ABBA-Hype gelegt hatte, erinnerte sich Mandy Schwarz an ihre zweite Leidenschaft, das Unterrichten. Seit mehr als zehn Jahren gibt sie als Vocal-Coach Tipps und Tricks f\u00fcr Stimme und B\u00fchne an die n\u00e4chste Generation weiter. In gleicher Funktion und mit derselben Leidenschaft unterrichtet sie auch in einem Schulprojekt, das 2015 den \u201eEurop\u00e4ischen Schulmusikpreis\u201c gewann. Ob Schlager oder Heavy Metal, ob Profi oder Hobbys\u00e4nger, ihre Sch\u00fclerinnen und Sch\u00fcler in ihrer Entwicklung und auf dem Weg nach oben begleiten zu d\u00fcrfen, ist Erf\u00fcllung und macht Spa\u00df zugleich.<\/p>\n<p style=\"text-align: justify;\">Das B\u00fchnenleben liess sie allerdings nie mehr los. Beeindruckt von der Wiedergeburt des deutschen Schlagers unter anderem durch K\u00fcnstlerinnen wie Helene Fischer oder Andrea Berg, der Mandy Schwarz auch eine Double-Show widmete, reifte der Entschluss, sich nun diesem Genre mit noch mehr Leidenschaft zuzuwenden. Den Stein ins Rollen brachte ein ganz besonderes Angebot: Durch ein deutschlandweites Internet-Casting wurde sie von einem Schweizer Produzenten-Team entdeckt und kann sich nun einen lang gehegten Traum erf\u00fcllen: Endlich eigene Hits auf die B\u00fchne und in die Medien bringen!<\/p>\n<p style=\"text-align: justify;\">Seit Januar 2017 arbeitet das Team kontinuierlich an neuen Songs; die Besuche in der Schweiz sind immer spannend und ereignisreich und eine durch und durch positive Erfahrung in ihrer ganz pers\u00f6nlichen Geschichte. Und \u2013 die breite Ausrichtung der Titel in bew\u00e4hrter und neuer Stilausrichtung, bezeugt die Vielseitigkeit der S\u00e4ngerin Mandy Schwarz: Man darf gespannt sein auf jeden einzelnen davon!<\/p>\n","protected":false},"excerpt":{"rendered":"<p>Erfahren Sie HIER mehr \u00fcber Mandy Schwarz &#8230;:<\/p>\n","protected":false},"author":2,"featured_media":197954,"comment_status":"open","ping_status":"closed","sticky":false,"template":"","format":"standard","meta":{"_FSMCFIC_featured_image_caption":"","_FSMCFIC_featured_image_nocaption":"","_FSMCFIC_featured_image_hide":""},"categories":[28],"tags":[2632],"acf":[],"_links":{"self":[{"href":"https:\/\/smago.de\/ws2\/wp-json\/wp\/v2\/posts\/197953"}],"collection":[{"href":"https:\/\/smago.de\/ws2\/wp-json\/wp\/v2\/posts"}],"about":[{"href":"https:\/\/smago.de\/ws2\/wp-json\/wp\/v2\/types\/post"}],"author":[{"embeddable":true,"href":"https:\/\/smago.de\/ws2\/wp-json\/wp\/v2\/users\/2"}],"replies":[{"embeddable":true,"href":"https:\/\/smago.de\/ws2\/wp-json\/wp\/v2\/comments?post=197953"}],"version-history":[{"count":3,"href":"https:\/\/smago.de\/ws2\/wp-json\/wp\/v2\/posts\/197953\/revisions"}],"predecessor-version":[{"id":197957,"href":"https:\/\/smago.de\/ws2\/wp-json\/wp\/v2\/posts\/197953\/revisions\/197957"}],"wp:featuredmedia":[{"embeddable":true,"href":"https:\/\/smago.de\/ws2\/wp-json\/wp\/v2\/media\/197954"}],"wp:attachment":[{"href":"https:\/\/smago.de\/ws2\/wp-json\/wp\/v2\/media?parent=197953"}],"wp:term":[{"taxonomy":"category","embeddable":true,"href":"https:\/\/smago.de\/ws2\/wp-json\/wp\/v2\/categories?post=197953"},{"taxonomy":"post_tag","embeddable":true,"href":"https:\/\/smago.de\/ws2\/wp-json\/wp\/v2\/tags?post=197953"}],"curies":[{"name":"wp","href":"https:\/\/api.w.org\/{rel}","templated":true}]}}