{"id":197949,"date":"2023-03-05T23:59:52","date_gmt":"2023-03-05T22:59:52","guid":{"rendered":"https:\/\/smago.de\/ws2\/?p=197949"},"modified":"2023-03-05T21:40:19","modified_gmt":"2023-03-05T20:40:19","slug":"frank-poeschl-mit-schluss-aus-und-vorbei-moechte-er-musikalisch-durchstarten","status":"publish","type":"post","link":"https:\/\/smago.de\/ws2\/pop-schlager\/frank-poeschl-mit-schluss-aus-und-vorbei-moechte-er-musikalisch-durchstarten\/","title":{"rendered":"FRANK P\u00d6SCHL <br>Mit &#8222;Schluss aus und vorbei&#8220; m\u00f6chte er musikalisch durchstarten!"},"content":{"rendered":"<p>Der Weg dorthin war hart und dornenreich &#8230;:<br \/>\n<!--more--><\/p>\n<p>&nbsp;<\/p>\n<p>&nbsp;<\/p>\n<p style=\"text-align: justify;\">Bereits seit fr\u00fchester Jugend bet\u00e4tigt sich FRANK P\u00d6SCHL musikalisch. So begann er im Alter von acht Jahren mit dem Instrument Klarinette und war Teil eines Jugendblasorchesters. Mit 15 Jahren begann dann der Einstieg in die Blaskapelle, woraufhin das Alt-Saxophon in einer Bigband folgte.<\/p>\n<p>Nach einigen Auftritten schloss sich Frank einer Band an und war dort der S\u00e4nger f\u00fcr Schlagermusik. Genau dieses Genre erf\u00fcllte ihn mit Freude und Spa\u00df. Doch mit etwa 20 Jahren musste er aus beruflichen Gr\u00fcnden mit der Musik aufh\u00f6ren, da er seit dem 15. Lebensjahr in der Altenpflege arbeitete.<\/p>\n<p>So vergingen gute drei\u00dfig Jahre, in denen sich Frank mit einem \u201eBetreuten Wohnen f\u00fcr sozial Schwache\u201c und einem Pflegedienst selbstst\u00e4ndig machte. Er organisierte seinen Betrieb \u00fcber die Jahre so, dass er wieder \u00fcber das Musik machen nachdenken konnte.<\/p>\n<p>Und so folgte die Produktion seines ersten eigenen Songs: \u201eSchluss, aus und vorbei\u201c. Jedoch ist das nur der Titel des Songs, denn jetzt geht es erst richtig los f\u00fcr den Schlagers\u00e4nger Frank P\u00f6schl!<\/p>\n<p><em>\u201eWeitere Songs sind schon fertig produziert und ich freue mich auf alles, was musikalisch noch kommen wird\u201c,<\/em> so der K\u00fcnstler.<\/p>\n","protected":false},"excerpt":{"rendered":"<p>Der Weg dorthin war hart und dornenreich &#8230;:<\/p>\n","protected":false},"author":2,"featured_media":197950,"comment_status":"open","ping_status":"closed","sticky":false,"template":"","format":"standard","meta":{"_FSMCFIC_featured_image_caption":"","_FSMCFIC_featured_image_nocaption":"","_FSMCFIC_featured_image_hide":""},"categories":[28],"tags":[2906],"acf":[],"_links":{"self":[{"href":"https:\/\/smago.de\/ws2\/wp-json\/wp\/v2\/posts\/197949"}],"collection":[{"href":"https:\/\/smago.de\/ws2\/wp-json\/wp\/v2\/posts"}],"about":[{"href":"https:\/\/smago.de\/ws2\/wp-json\/wp\/v2\/types\/post"}],"author":[{"embeddable":true,"href":"https:\/\/smago.de\/ws2\/wp-json\/wp\/v2\/users\/2"}],"replies":[{"embeddable":true,"href":"https:\/\/smago.de\/ws2\/wp-json\/wp\/v2\/comments?post=197949"}],"version-history":[{"count":2,"href":"https:\/\/smago.de\/ws2\/wp-json\/wp\/v2\/posts\/197949\/revisions"}],"predecessor-version":[{"id":197952,"href":"https:\/\/smago.de\/ws2\/wp-json\/wp\/v2\/posts\/197949\/revisions\/197952"}],"wp:featuredmedia":[{"embeddable":true,"href":"https:\/\/smago.de\/ws2\/wp-json\/wp\/v2\/media\/197950"}],"wp:attachment":[{"href":"https:\/\/smago.de\/ws2\/wp-json\/wp\/v2\/media?parent=197949"}],"wp:term":[{"taxonomy":"category","embeddable":true,"href":"https:\/\/smago.de\/ws2\/wp-json\/wp\/v2\/categories?post=197949"},{"taxonomy":"post_tag","embeddable":true,"href":"https:\/\/smago.de\/ws2\/wp-json\/wp\/v2\/tags?post=197949"}],"curies":[{"name":"wp","href":"https:\/\/api.w.org\/{rel}","templated":true}]}}