{"id":197914,"date":"2023-03-04T23:33:42","date_gmt":"2023-03-04T22:33:42","guid":{"rendered":"https:\/\/smago.de\/ws2\/?p=197914"},"modified":"2023-03-04T23:33:42","modified_gmt":"2023-03-04T22:33:42","slug":"deutscher-textdichter-verband-dtv-statement-zur-aktuellen-situation-im-deutschen-radio","status":"publish","type":"post","link":"https:\/\/smago.de\/ws2\/pop\/deutscher-textdichter-verband-dtv-statement-zur-aktuellen-situation-im-deutschen-radio\/","title":{"rendered":"DEUTSCHER TEXTDICHTER VERBAND <br>DTV-Statement zur aktuellen Situation im deutschen Radio!"},"content":{"rendered":"<p>&nbsp;<\/p>\n<p>&nbsp;<\/p>\n<p style=\"text-align: justify;\">\n<p style=\"text-align: justify;\"><em>Die Entwicklung f\u00fcr deutschsprachige Musik im Radio ist bedauerlich. Seit Jahren beobachten wir eine sinkende Akzeptanz f\u00fcr Musik von hier in den Redaktionen der heimischen Sender. F\u00fcr uns ist dieser schwache Support f\u00fcr deutschsprachige K\u00fcnstler schwer nachvollziehbar, zumal er sich besonders eklatant in den \u00f6ffentlich-rechtlichen Medien widerspiegelt und die gro\u00dfe Beliebtheit deutschsprachiger Musik beim Publikum sowohl im Live-Sektor als auch im Streaming und bei Tontr\u00e4gerverk\u00e4ufen nicht abbildet.\u00a0<\/em><br \/>\n<em>\u00a0<\/em><br \/>\n<em>7 der 10 in den 2020er Jahren am h\u00e4ufigsten in Deutschland gestreamten Songs waren deutschsprachig (Quelle: GEMA), 5 der 10 meistverkauften Alben im Jahr 2022 ebenfalls (Quelle: GfK Entertainment). Auf 4 von 10 der live meistaufgef\u00fchrten Titel trifft dies laut GEMA-Statistik ebenfalls zu.\u00a0<u>Demgegen\u00fcber war im vergangenen Jahr kein einziger deutschsprachiger Titel in den Top 100 der Radiocharts zu finden.<\/u><\/em><br \/>\n<em>\u00a0<\/em><br \/>\n<em>Die Bandbreite an deutschsprachiger Musik war nie gr\u00f6\u00dfer. Man sollte meinen, dass es f\u00fcr jede Radiofarbe auch ein entsprechendes Angebot gibt. Wir m\u00f6chten einmal mehr Radioverantwortliche und Medienmenschen zum Dialog einladen, um dem Missverh\u00e4ltnis von musikalischem Angebot und medialer Unterst\u00fctzung gemeinsam entgegenzusteuern. Wir sind uns sicher, dass ein besserer Austausch f\u00fcr beide Seiten gewinnbringend sein kann.\u00a0<\/em><br \/>\n<em>\u00a0<\/em><br \/>\n<em>Hamburg, im Februar 2023<br \/>\n<\/em><br \/>\n<em><strong>Deutscher Textdichter-Verband e.V.\u00a0<\/strong><\/em><\/p>\n<p>&nbsp;<\/p>\n<p>&nbsp;<\/p>\n<p>&nbsp;<\/p>\n<figure id=\"attachment_197916\" aria-describedby=\"caption-attachment-197916\" style=\"width: 800px\" class=\"wp-caption alignnone\"><img decoding=\"async\" loading=\"lazy\" class=\"size-large wp-image-197916\" src=\"https:\/\/smago.de\/ws2\/wp-content\/uploads\/2023\/03\/DTV-800x800.jpeg\" alt=\"\" width=\"800\" height=\"800\" srcset=\"https:\/\/smago.de\/ws2\/wp-content\/uploads\/2023\/03\/DTV-800x800.jpeg 800w, https:\/\/smago.de\/ws2\/wp-content\/uploads\/2023\/03\/DTV-522x522.jpeg 522w, https:\/\/smago.de\/ws2\/wp-content\/uploads\/2023\/03\/DTV-150x150.jpeg 150w, https:\/\/smago.de\/ws2\/wp-content\/uploads\/2023\/03\/DTV-768x768.jpeg 768w, https:\/\/smago.de\/ws2\/wp-content\/uploads\/2023\/03\/DTV-1536x1536.jpeg 1536w, https:\/\/smago.de\/ws2\/wp-content\/uploads\/2023\/03\/DTV.jpeg 2048w, https:\/\/smago.de\/ws2\/wp-content\/uploads\/2023\/03\/DTV-272x272.jpeg 272w, https:\/\/smago.de\/ws2\/wp-content\/uploads\/2023\/03\/DTV-600x600.jpeg 600w, https:\/\/smago.de\/ws2\/wp-content\/uploads\/2023\/03\/DTV-130x130.jpeg 130w, https:\/\/smago.de\/ws2\/wp-content\/uploads\/2023\/03\/DTV-445x445.jpeg 445w, https:\/\/smago.de\/ws2\/wp-content\/uploads\/2023\/03\/DTV-190x190.jpeg 190w, https:\/\/smago.de\/ws2\/wp-content\/uploads\/2023\/03\/DTV-290x290.jpeg 290w\" sizes=\"(max-width: 800px) 100vw, 800px\" \/><figcaption id=\"caption-attachment-197916\" class=\"wp-caption-text\"><em>Foto-Credit: <strong><a href=\"https:\/\/www.textdichter-verband.de\">Deutscher Textdichter Verband<\/a><\/strong><\/em><\/figcaption><\/figure>\n","protected":false},"excerpt":{"rendered":"<p>&nbsp; &nbsp; Die Entwicklung f\u00fcr deutschsprachige Musik im Radio ist bedauerlich. Seit Jahren beobachten wir eine sinkende Akzeptanz f\u00fcr Musik<\/p>\n","protected":false},"author":2,"featured_media":197916,"comment_status":"open","ping_status":"closed","sticky":false,"template":"","format":"standard","meta":{"_FSMCFIC_featured_image_caption":"","_FSMCFIC_featured_image_nocaption":"","_FSMCFIC_featured_image_hide":""},"categories":[27,29],"tags":[2905],"acf":[],"_links":{"self":[{"href":"https:\/\/smago.de\/ws2\/wp-json\/wp\/v2\/posts\/197914"}],"collection":[{"href":"https:\/\/smago.de\/ws2\/wp-json\/wp\/v2\/posts"}],"about":[{"href":"https:\/\/smago.de\/ws2\/wp-json\/wp\/v2\/types\/post"}],"author":[{"embeddable":true,"href":"https:\/\/smago.de\/ws2\/wp-json\/wp\/v2\/users\/2"}],"replies":[{"embeddable":true,"href":"https:\/\/smago.de\/ws2\/wp-json\/wp\/v2\/comments?post=197914"}],"version-history":[{"count":1,"href":"https:\/\/smago.de\/ws2\/wp-json\/wp\/v2\/posts\/197914\/revisions"}],"predecessor-version":[{"id":197919,"href":"https:\/\/smago.de\/ws2\/wp-json\/wp\/v2\/posts\/197914\/revisions\/197919"}],"wp:featuredmedia":[{"embeddable":true,"href":"https:\/\/smago.de\/ws2\/wp-json\/wp\/v2\/media\/197916"}],"wp:attachment":[{"href":"https:\/\/smago.de\/ws2\/wp-json\/wp\/v2\/media?parent=197914"}],"wp:term":[{"taxonomy":"category","embeddable":true,"href":"https:\/\/smago.de\/ws2\/wp-json\/wp\/v2\/categories?post=197914"},{"taxonomy":"post_tag","embeddable":true,"href":"https:\/\/smago.de\/ws2\/wp-json\/wp\/v2\/tags?post=197914"}],"curies":[{"name":"wp","href":"https:\/\/api.w.org\/{rel}","templated":true}]}}