{"id":197777,"date":"2023-03-02T14:09:08","date_gmt":"2023-03-02T13:09:08","guid":{"rendered":"https:\/\/smago.de\/ws2\/?p=197777"},"modified":"2023-03-02T14:10:58","modified_gmt":"2023-03-02T13:10:58","slug":"nicole-der-titel-die-zweite-liebe-version-2022-zero-deniro-remix-dient-als-neue-radio-single-2023","status":"publish","type":"post","link":"https:\/\/smago.de\/ws2\/schlager\/nicole-der-titel-die-zweite-liebe-version-2022-zero-deniro-remix-dient-als-neue-radio-single-2023\/","title":{"rendered":"NICOLE <br>Der Titel \u201eDie zweite Liebe (Version 2022) [Zero &#038; DeNiro Remix]&#8220; dient als neue Radio-Single 2023!"},"content":{"rendered":"<p>Die Ver\u00f6ffentlichung der neuen Remix-Single wird flankiert von einem zus\u00e4tzlichen Remix-Update \u2026:<br \/>\n<!--more--><\/p>\n<p>&nbsp;<\/p>\n<p style=\"text-align: justify;\">\n<p>NICOLE begr\u00fc\u00dft den Fr\u00fchling auf der Tanzfl\u00e4che: Die Single \u201eDie zweite Liebe (Version 2022)\u201c im brandneuen Remix von Zero &amp; DeNiro ist ab dem 03.03.2023 im Stream verf\u00fcgbar.<\/p>\n<p style=\"text-align: justify;\">Nach ihrem fulminanten Comeback im Herbst \u2013 zur\u00fcck auf der B\u00fchne nach \u00fcberwundener Krankheit, zur\u00fcck in den Top-20 der Charts mit dem aktuellen Album \u201eIch bin zur\u00fcck\u201c \u2013 startet Nicole jetzt mit elektrisierenden Fr\u00fchlingsgef\u00fchlen ins neue Jahr, indem sie einen fr\u00fchen Karrieremeilenstein auf den Dancefloor schickt.<\/p>\n<p style=\"text-align: justify;\">Genau genommen ist jede Cover- oder Remix-Version ein zweites Aufbl\u00fchen, eine zweite Liebe \u2013 und dieser Neunziger-Meilenstein passt einfach zu gut zu jenem Punkt, an dem Nicole aktuell steht: \u201eLieber Gott dort oben\/mach mich niemals bequem\u201c, singt sie \u00fcber dem elektrisierenden Remix-Fundament aus Beats und Synthesizer-Sounds, dessen Urversion erstmals auf dem Album \u201eUnd au\u00dferdem\u2026\u201c im Jahr 1994 ver\u00f6ffentlicht worden war. Hatte sie bereits die Neuinterpretation f\u00fcrs aktuelle Album mit einem sehr viel satteren Arrangement ausgestattet, geht der brandneue Remix von Zero &amp; DeNiro sogar noch ein paar (Tanz) Schritte weiter.<\/p>\n<p style=\"text-align: justify;\">Die Ver\u00f6ffentlichung der neuen Remix-Single wird flankiert von einem zus\u00e4tzlichen Remix-Update: Auch der Song \u201eSeelenpiloten\u201c vom aktuellen Album, ein zweisamer H\u00f6henflug, der in Sph\u00e4ren f\u00fchrt, in denen \u201ekein Gedanke verboten\u201c ist, kommt dank Zero &amp; DeNiro ab sofort mit zus\u00e4tzlichem Dance-Nachdruck daher.<\/p>\n","protected":false},"excerpt":{"rendered":"<p>Die Ver\u00f6ffentlichung der neuen Remix-Single wird flankiert von einem zus\u00e4tzlichen Remix-Update \u2026:<\/p>\n","protected":false},"author":2,"featured_media":197778,"comment_status":"open","ping_status":"closed","sticky":false,"template":"","format":"standard","meta":{"_FSMCFIC_featured_image_caption":"","_FSMCFIC_featured_image_nocaption":"","_FSMCFIC_featured_image_hide":""},"categories":[29,39],"tags":[650],"acf":[],"_links":{"self":[{"href":"https:\/\/smago.de\/ws2\/wp-json\/wp\/v2\/posts\/197777"}],"collection":[{"href":"https:\/\/smago.de\/ws2\/wp-json\/wp\/v2\/posts"}],"about":[{"href":"https:\/\/smago.de\/ws2\/wp-json\/wp\/v2\/types\/post"}],"author":[{"embeddable":true,"href":"https:\/\/smago.de\/ws2\/wp-json\/wp\/v2\/users\/2"}],"replies":[{"embeddable":true,"href":"https:\/\/smago.de\/ws2\/wp-json\/wp\/v2\/comments?post=197777"}],"version-history":[{"count":2,"href":"https:\/\/smago.de\/ws2\/wp-json\/wp\/v2\/posts\/197777\/revisions"}],"predecessor-version":[{"id":197780,"href":"https:\/\/smago.de\/ws2\/wp-json\/wp\/v2\/posts\/197777\/revisions\/197780"}],"wp:featuredmedia":[{"embeddable":true,"href":"https:\/\/smago.de\/ws2\/wp-json\/wp\/v2\/media\/197778"}],"wp:attachment":[{"href":"https:\/\/smago.de\/ws2\/wp-json\/wp\/v2\/media?parent=197777"}],"wp:term":[{"taxonomy":"category","embeddable":true,"href":"https:\/\/smago.de\/ws2\/wp-json\/wp\/v2\/categories?post=197777"},{"taxonomy":"post_tag","embeddable":true,"href":"https:\/\/smago.de\/ws2\/wp-json\/wp\/v2\/tags?post=197777"}],"curies":[{"name":"wp","href":"https:\/\/api.w.org\/{rel}","templated":true}]}}