{"id":197726,"date":"2023-02-28T23:59:07","date_gmt":"2023-02-28T22:59:07","guid":{"rendered":"https:\/\/smago.de\/ws2\/?p=197726"},"modified":"2023-02-28T16:47:54","modified_gmt":"2023-02-28T15:47:54","slug":"smago-informiert-welche-ard-wollen-wir-zapp-talk-im-ndr-fernsehen-mit-kai-gniffke","status":"publish","type":"post","link":"https:\/\/smago.de\/ws2\/smago-informiert\/smago-informiert-welche-ard-wollen-wir-zapp-talk-im-ndr-fernsehen-mit-kai-gniffke\/","title":{"rendered":"smago! INFORMIERT <br>Welche ARD wollen wir? \u2013 \u201eZAPP Talk\u201c im NDR Fernsehen mit Kai Gniffke!"},"content":{"rendered":"<p>Sendetermin: Mi., 01.03.2023, 22.45 Uhr im NDR Fernsehen! Eine 90-Minuten-Fassung l\u00e4uft als YouTube Premiere bereits um 19:00 Uhr unter <a href=\"http:\/\/www.youtube.com\/zapp\">www.youtube.com\/zapp<\/a>!<br \/>\n<!--more--><\/p>\n<p>&nbsp;<\/p>\n<p style=\"text-align: justify;\">\n<p>Der neue ARD-Vorsitzende Kai Gniffke (SWR) hat ein schweres Erbe angetreten: Seit dem Vorwurf der Misswirtschaft im RBB ist das Vertrauen in die ARD insgesamt besch\u00e4digt. Jetzt soll sie moderner, schlanker, transparenter werden. Aber wie?<\/p>\n<p style=\"text-align: justify;\">Kathrin Drehkopf (ZAPP) und Tilo Jung (Jung &amp; Naiv) laden den ARD-Chef im NDR Fernsehen zum \u201eZAPP Talk\u201c. Mit ihnen diskutieren die Medienmanagerin Julia J\u00e4kel, die Koordinatorin der Rundfunkkommission der L\u00e4nder, Heike Raab, und \u201eZeit\u201c-Autorin Yasmine M\u2018Barek. \u00dcber eine nicht repr\u00e4sentative Umfrage auf dem Portal #NDRfragt finden auch die Meinungen des NDR Publikums Eingang in die Sendung mit der Frage \u201eWelche ARD wollen wir?\u201c<\/p>\n<p style=\"text-align: justify;\">12.718 Menschen mit Wohnsitz in Norddeutschland haben sich an der Befragung im Auftrag von \u201eZAPP\u201c beteiligt. 85 Prozent von ihnen sind der Meinung, dass es einen \u00f6ffentlich-rechtlichen Rundfunk in Deutschland braucht. Nur elf Prozent beantworten die entsprechende Frage mit \u201eNein\u201c. Auch \u00fcber die Frage, was zum Auftrag des \u00d6RR geh\u00f6rt, sind die meisten sich einig: Nachrichten und Informationsangebote (94%), Musik in Radio und TV (70%), Kulturberichterstattung (70%) sowie Spielfilme und Serien (69%). Nicht ganz so viele (61%) teilen die Auffassung, dass auch Sport\u00fcbertragungen dazu z\u00e4hlen. Weniger als die H\u00e4lfte der Befragten betrachtet Quiz- und Spielshows (39%) sowie den Betrieb von Orchestern, Bands und Ch\u00f6ren (30%) als Teil des \u00f6ffentlich-rechtlichen Programmauftrags.<\/p>\n<p style=\"text-align: justify;\">Medienstaatssekret\u00e4rin Heike Raab (SPD) aus Rheinland-Pfalz koordiniert die Arbeit in der gemeinsamen Rundfunkkommission der L\u00e4nder und fordert z\u00fcgige Reformen: die Rundfunkanstalten sollten ihre Zusammenarbeit in Programm und Verwaltung deutlich ausbauen. Dazu geh\u00f6re auch eine einheitliche digitale Plattform aller \u00f6ffentlich-rechtlicher Marken und Angebote. Die Ausgaben der Sender sollten k\u00fcnftig genauer \u00fcberpr\u00fcft werden, der Rundfunkbeitrag d\u00fcrfe nicht weiter steigen. \u201eZAPP\u201c hat gefragt, wie viel die Teilnehmer*innen bereit w\u00e4ren, monatlich f\u00fcr den Rundfunk zu bezahlen: Eine Mehrheit will weiterhin bezahlen. Die Summen gehen aber stark auseinander: Rund ein Drittel (34%) sind bereit, den momentanen Rundfunkbeitrag von 18,36 EUR oder mehr zu bezahlen. 17 Prozent wollen gar nichts zahlen.<\/p>\n<p style=\"text-align: justify;\">Die sehr unterschiedlichen Bed\u00fcrfnisse und Interessen der Teilnehmenden spiegeln die R\u00fcckmeldungen zum Programm: Auf die Frage, ob sie ihre Lebenssituation und ihr Umfeld in den Programminhalten der ARD ausreichend abgebildet sehen, antworten 33 Prozent mit \u201eeher nein\u201c, weitere 13 Prozent mit \u201enein, gar nicht\u201c. Die Gr\u00fcnde sind so vielf\u00e4ltig wie die Hintergr\u00fcnde der Befragten: Manchen Bewohnern l\u00e4ndlicher Regionen liegt zu viel Fokus auf der Gro\u00dfstadt, vielen Jungen ist das Programm zu altbacken, \u00c4ltere beklagen sich \u00fcber das Gendern. Auch \u201eZeit\u201c-Autorin Yasmine M\u2019Barek w\u00fcnscht sich mehr Angebote f\u00fcr die Gruppe der Unter-40-j\u00e4hrigen und eine gr\u00f6\u00dfere (Meinungs-)Vielfalt im Programm.<\/p>\n<p style=\"text-align: justify;\">Die Umfrage zeigt, wie schwierig es f\u00fcr den \u00f6ffentlich-rechtlichen Rundfunk ist, den Bed\u00fcrfnissen einer pluralistischen Gesellschaft, insbesondere vor dem Hintergrund globaler Umw\u00e4lzungen und Krisen gerecht zu werden. Die Rundfunkkommission der L\u00e4nder will sich im Reformprozess von einem \u201eZukunftsrat\u201c aus acht Expertinnen und Experten mit wissenschaftlicher, juristischer und digitaler Kompetenz beraten lassen. Mit der ehemaligen Gruner + Jahr-Chefin Julia J\u00e4kel sitzt eins der designierten Mitglieder beim \u201eZAPP Talk\u201c am Tisch.<\/p>\n<p>&nbsp;<\/p>\n<p style=\"text-align: justify;\"><em>Die Ergebnisse der \u201eZAPP\u201c-Umfrage sind unter diesem Link ver\u00f6ffentlicht: <a href=\"http:\/\/www.ndr.de\/fernsehen\/sendungen\/zapp\/Mehrheit-fuer-oeffentlich-rechtlichen-Rundfunk-fordert-aber-Reformen,ergebnisse1168.html\">http:\/\/www.ndr.de\/fernsehen\/sendungen\/zapp\/Mehrheit-fuer-oeffentlich-rechtlichen-Rundfunk-fordert-aber-Reformen,ergebnisse1168.html<\/a><\/em><\/p>\n<p>&nbsp;<\/p>\n<p style=\"text-align: justify;\"><em>F\u00fcr die Umfrage-Gemeinschaft #NDRfragt k\u00f6nnen sich Interessierte fortlaufend unter <a href=\"http:\/\/ndr.de\/NDRfragt\">NDR.de\/NDRfragt<\/a> anmelden. Die Umfrageergebnisse von #NDRfragt sind nicht repr\u00e4sentativ, geben aber Aufschluss dar\u00fcber, was die Norddeutschen bewegt. Denn die Antworten werden nach den statistischen Merkmalen Schulabschluss, Alter, Geschlecht und Bundesland gewichtet, um Verzerrungen herauszurechnen. <\/em><\/p>\n<p>&nbsp;<\/p>\n<p>&nbsp;<\/p>\n<p>&nbsp;<\/p>\n<p>&nbsp;<\/p>\n<p style=\"text-align: justify;\"><strong>Weitere Informationen unter <a href=\"http:\/\/ndr.de\/zapp\">NDR.de\/zapp<\/a> sowie unter:<\/strong><\/p>\n<p>&nbsp;<\/p>\n<p>&nbsp;<\/p>\n<p>&nbsp;<\/p>\n<p style=\"text-align: justify;\">YouTube: <a href=\"https:\/\/www.youtube.com\/zapp\">https:\/\/www.youtube.com\/zapp<\/a>,<\/p>\n<p style=\"text-align: justify;\">Instagram: <a href=\"https:\/\/www.instagram.com\/zapp.medienmagazin\">https:\/\/www.instagram.com\/zapp.medienmagazin<\/a><\/p>\n<p style=\"text-align: justify;\">Twitter: <a href=\"https:\/\/twitter.com\/ZappMM\">https:\/\/twitter.com\/ZappMM<\/a><\/p>\n<p>&nbsp;<\/p>\n<p>&nbsp;<\/p>\n<p>&nbsp;<\/p>\n<figure id=\"attachment_197727\" aria-describedby=\"caption-attachment-197727\" style=\"width: 800px\" class=\"wp-caption alignnone\"><img decoding=\"async\" loading=\"lazy\" class=\"size-large wp-image-197727\" src=\"https:\/\/smago.de\/ws2\/wp-content\/uploads\/2023\/02\/1_ARD_Logo_neu_sw_2019-800x448.jpg\" alt=\"\" width=\"800\" height=\"448\" srcset=\"https:\/\/smago.de\/ws2\/wp-content\/uploads\/2023\/02\/1_ARD_Logo_neu_sw_2019-800x448.jpg 800w, https:\/\/smago.de\/ws2\/wp-content\/uploads\/2023\/02\/1_ARD_Logo_neu_sw_2019-522x292.jpg 522w, https:\/\/smago.de\/ws2\/wp-content\/uploads\/2023\/02\/1_ARD_Logo_neu_sw_2019-268x150.jpg 268w, https:\/\/smago.de\/ws2\/wp-content\/uploads\/2023\/02\/1_ARD_Logo_neu_sw_2019-768x430.jpg 768w, https:\/\/smago.de\/ws2\/wp-content\/uploads\/2023\/02\/1_ARD_Logo_neu_sw_2019-1536x860.jpg 1536w, https:\/\/smago.de\/ws2\/wp-content\/uploads\/2023\/02\/1_ARD_Logo_neu_sw_2019-2048x1147.jpg 2048w, https:\/\/smago.de\/ws2\/wp-content\/uploads\/2023\/02\/1_ARD_Logo_neu_sw_2019-392x220.jpg 392w, https:\/\/smago.de\/ws2\/wp-content\/uploads\/2023\/02\/1_ARD_Logo_neu_sw_2019-130x73.jpg 130w, https:\/\/smago.de\/ws2\/wp-content\/uploads\/2023\/02\/1_ARD_Logo_neu_sw_2019-794x445.jpg 794w, https:\/\/smago.de\/ws2\/wp-content\/uploads\/2023\/02\/1_ARD_Logo_neu_sw_2019-870x487.jpg 870w, https:\/\/smago.de\/ws2\/wp-content\/uploads\/2023\/02\/1_ARD_Logo_neu_sw_2019-292x164.jpg 292w, https:\/\/smago.de\/ws2\/wp-content\/uploads\/2023\/02\/1_ARD_Logo_neu_sw_2019-435x244.jpg 435w\" sizes=\"(max-width: 800px) 100vw, 800px\" \/><figcaption id=\"caption-attachment-197727\" class=\"wp-caption-text\"><em>Das neue ARD-Logo wurde zum 01.12.2019 sukzessive \u00fcber mehrere Jahre hinweg eingef\u00fchrt<\/em><\/p>\n<p><em>\u00a9 ARD Design<\/em><\/figcaption><\/figure>\n","protected":false},"excerpt":{"rendered":"<p>Sendetermin: Mi., 01.03.2023, 22.45 Uhr im NDR Fernsehen! Eine 90-Minuten-Fassung l\u00e4uft als YouTube Premiere bereits um 19:00 Uhr unter www.youtube.com\/zapp!<\/p>\n","protected":false},"author":2,"featured_media":197727,"comment_status":"open","ping_status":"closed","sticky":false,"template":"","format":"standard","meta":{"_FSMCFIC_featured_image_caption":"","_FSMCFIC_featured_image_nocaption":"","_FSMCFIC_featured_image_hide":""},"categories":[33,128],"tags":[798],"acf":[],"_links":{"self":[{"href":"https:\/\/smago.de\/ws2\/wp-json\/wp\/v2\/posts\/197726"}],"collection":[{"href":"https:\/\/smago.de\/ws2\/wp-json\/wp\/v2\/posts"}],"about":[{"href":"https:\/\/smago.de\/ws2\/wp-json\/wp\/v2\/types\/post"}],"author":[{"embeddable":true,"href":"https:\/\/smago.de\/ws2\/wp-json\/wp\/v2\/users\/2"}],"replies":[{"embeddable":true,"href":"https:\/\/smago.de\/ws2\/wp-json\/wp\/v2\/comments?post=197726"}],"version-history":[{"count":2,"href":"https:\/\/smago.de\/ws2\/wp-json\/wp\/v2\/posts\/197726\/revisions"}],"predecessor-version":[{"id":197729,"href":"https:\/\/smago.de\/ws2\/wp-json\/wp\/v2\/posts\/197726\/revisions\/197729"}],"wp:featuredmedia":[{"embeddable":true,"href":"https:\/\/smago.de\/ws2\/wp-json\/wp\/v2\/media\/197727"}],"wp:attachment":[{"href":"https:\/\/smago.de\/ws2\/wp-json\/wp\/v2\/media?parent=197726"}],"wp:term":[{"taxonomy":"category","embeddable":true,"href":"https:\/\/smago.de\/ws2\/wp-json\/wp\/v2\/categories?post=197726"},{"taxonomy":"post_tag","embeddable":true,"href":"https:\/\/smago.de\/ws2\/wp-json\/wp\/v2\/tags?post=197726"}],"curies":[{"name":"wp","href":"https:\/\/api.w.org\/{rel}","templated":true}]}}