{"id":197400,"date":"2023-02-22T11:09:00","date_gmt":"2023-02-22T10:09:00","guid":{"rendered":"https:\/\/smago.de\/ws2\/?p=197400"},"modified":"2023-02-22T11:09:00","modified_gmt":"2023-02-22T10:09:00","slug":"eurovision-song-contest-2023-esc-vorentscheid-online-voting-der-ard-radio-popwellen-fuer-den-deutschen-beitrag-startet-am-24-02-2023","status":"publish","type":"post","link":"https:\/\/smago.de\/ws2\/party-schlager\/eurovision-song-contest-2023-esc-vorentscheid-online-voting-der-ard-radio-popwellen-fuer-den-deutschen-beitrag-startet-am-24-02-2023\/","title":{"rendered":"\u201cEUROVISION SONG CONTEST 2023&#8243; <br>ESC-Vorentscheid: Online-Voting der ARD Radio-Popwellen f\u00fcr den deutschen Beitrag startet am 24.02.2023!"},"content":{"rendered":"<p>Die Show &#8222;Unser Lied f\u00fcr Liverpool&#8220; aus den MMC Studios in K\u00f6ln l\u00e4uft ab 22:20 Uhr live im Ersten, in ONE, der Deutschen Welle, bei <a href=\"http:\/\/eurovision.de\/\">eurovision.de<\/a> und in der ARD-Mediathek; Moderation: Barbara Sch\u00f6neberger!<br \/>\n<!--more--><\/p>\n<p style=\"text-align: justify;\">\n<p style=\"text-align: justify;\">Neun Acts wollen Deutschland beim ESC 2023 vertreten, nur einer kann es schaffen \u2013 wer, entscheiden H\u00f6rerinnen und H\u00f6rer aller Radio-Popwellen der ARD mit. Am Freitag, 24. Februar, startet um 6.00 Uhr auf den Online-Seiten von Antenne Brandenburg, BAYERN 3, Bremen Vier, hr3, MDR-Jump, NDR 2, SR 1, SWR3 und WDR 2 das Voting, dessen Ergebnis mit eingehen wird in die Publikumsabstimmung bei der Show \u201eEurovision Song Contest 2023 &#8211; Unser Lied f\u00fcr Liverpool\u201c im Ersten. Dort stehen am 3. M\u00e4rz ab 22.20 Uhr zur Wahl Will Church, Frida Gold, Patty Gurdy, Ikke H\u00fcftgold, Lord Of The Lost, Ren\u00e9 Miller, Anica Russo, Lonely Spring und TRONG.<\/p>\n<p style=\"text-align: justify;\">Das Voting der H\u00f6rer*innen endet am 3. M\u00e4rz um 22.00 Uhr. Wer mitmacht, hat eine Stimme und kann sie entsprechend f\u00fcr einen Kandidaten, eine Kandidatin oder Gruppe abgeben. Zu der Abstimmung kommen am Showtag die Telefon- und SMS-Stimmen der Zuschauer*innen hinzu. Gemeinsam machen beide Publikums-Votings 50 Prozent der finalen Entscheidung aus.<\/p>\n<p style=\"text-align: justify;\">Die anderen 50 Prozent ergeben sich aus einem internationalen Jury-Voting. Jurys aus acht L\u00e4ndern stimmen ab: jeweils f\u00fcnf Expert*innen aus dem Musik- und Show-Business der Schweiz, den Niederlanden, Finnland, Spanien, Litauen, der Ukraine, \u00d6sterreich sowie Gro\u00dfbritannien. Die jeweiligen Sprecherinnen und Sprecher der Jurys vergeben in der Sendung 1, 2, 3, 4, 5, 6, 8, 10 und 12 Punkte an die Acts.<\/p>\n<p style=\"text-align: justify;\">Die Show aus den MMC Studios in K\u00f6ln l\u00e4uft ab 22:20 Uhr live im Ersten, in ONE, der Deutschen Welle, bei <a href=\"http:\/\/eurovision.de\/\">eurovision.de<\/a> und in der ARD-Mediathek. Moderatorin ist Barbara Sch\u00f6neberger.<\/p>\n<p style=\"text-align: justify;\">\n<p style=\"text-align: justify;\">\u00a0Mehr Informationen zum ESC gibt es unter <a href=\"http:\/\/eurovision.de\/\">eurovision.de<\/a>!<\/p>\n<p>&nbsp;<\/p>\n<p>&nbsp;<\/p>\n<p>&nbsp;<\/p>\n<figure id=\"attachment_197343\" aria-describedby=\"caption-attachment-197343\" style=\"width: 800px\" class=\"wp-caption alignnone\"><img decoding=\"async\" loading=\"lazy\" class=\"size-large wp-image-197343\" src=\"https:\/\/smago.de\/ws2\/wp-content\/uploads\/2023\/02\/2_Eurovision_Song_Contest_Unser_Lied_fuer_Liverpool-800x448.jpg\" alt=\"\" width=\"800\" height=\"448\" srcset=\"https:\/\/smago.de\/ws2\/wp-content\/uploads\/2023\/02\/2_Eurovision_Song_Contest_Unser_Lied_fuer_Liverpool-800x448.jpg 800w, https:\/\/smago.de\/ws2\/wp-content\/uploads\/2023\/02\/2_Eurovision_Song_Contest_Unser_Lied_fuer_Liverpool-522x292.jpg 522w, https:\/\/smago.de\/ws2\/wp-content\/uploads\/2023\/02\/2_Eurovision_Song_Contest_Unser_Lied_fuer_Liverpool-268x150.jpg 268w, https:\/\/smago.de\/ws2\/wp-content\/uploads\/2023\/02\/2_Eurovision_Song_Contest_Unser_Lied_fuer_Liverpool-768x430.jpg 768w, https:\/\/smago.de\/ws2\/wp-content\/uploads\/2023\/02\/2_Eurovision_Song_Contest_Unser_Lied_fuer_Liverpool-1536x860.jpg 1536w, https:\/\/smago.de\/ws2\/wp-content\/uploads\/2023\/02\/2_Eurovision_Song_Contest_Unser_Lied_fuer_Liverpool-2048x1147.jpg 2048w, https:\/\/smago.de\/ws2\/wp-content\/uploads\/2023\/02\/2_Eurovision_Song_Contest_Unser_Lied_fuer_Liverpool-392x220.jpg 392w, https:\/\/smago.de\/ws2\/wp-content\/uploads\/2023\/02\/2_Eurovision_Song_Contest_Unser_Lied_fuer_Liverpool-130x73.jpg 130w, https:\/\/smago.de\/ws2\/wp-content\/uploads\/2023\/02\/2_Eurovision_Song_Contest_Unser_Lied_fuer_Liverpool-794x445.jpg 794w, https:\/\/smago.de\/ws2\/wp-content\/uploads\/2023\/02\/2_Eurovision_Song_Contest_Unser_Lied_fuer_Liverpool-870x487.jpg 870w, https:\/\/smago.de\/ws2\/wp-content\/uploads\/2023\/02\/2_Eurovision_Song_Contest_Unser_Lied_fuer_Liverpool-292x164.jpg 292w, https:\/\/smago.de\/ws2\/wp-content\/uploads\/2023\/02\/2_Eurovision_Song_Contest_Unser_Lied_fuer_Liverpool-435x244.jpg 435w\" sizes=\"(max-width: 800px) 100vw, 800px\" \/><figcaption id=\"caption-attachment-197343\" class=\"wp-caption-text\"><em>Logo des nationalen Vorentscheids<\/em><\/p>\n<p><em>\u00a9 NDR<\/em><\/figcaption><\/figure>\n","protected":false},"excerpt":{"rendered":"<p>Die Show &#8222;Unser Lied f\u00fcr Liverpool&#8220; aus den MMC Studios in K\u00f6ln l\u00e4uft ab 22:20 Uhr live im Ersten, in<\/p>\n","protected":false},"author":2,"featured_media":197343,"comment_status":"open","ping_status":"closed","sticky":false,"template":"","format":"standard","meta":{"_FSMCFIC_featured_image_caption":"","_FSMCFIC_featured_image_nocaption":"","_FSMCFIC_featured_image_hide":""},"categories":[26,27,39,128],"tags":[85],"acf":[],"_links":{"self":[{"href":"https:\/\/smago.de\/ws2\/wp-json\/wp\/v2\/posts\/197400"}],"collection":[{"href":"https:\/\/smago.de\/ws2\/wp-json\/wp\/v2\/posts"}],"about":[{"href":"https:\/\/smago.de\/ws2\/wp-json\/wp\/v2\/types\/post"}],"author":[{"embeddable":true,"href":"https:\/\/smago.de\/ws2\/wp-json\/wp\/v2\/users\/2"}],"replies":[{"embeddable":true,"href":"https:\/\/smago.de\/ws2\/wp-json\/wp\/v2\/comments?post=197400"}],"version-history":[{"count":1,"href":"https:\/\/smago.de\/ws2\/wp-json\/wp\/v2\/posts\/197400\/revisions"}],"predecessor-version":[{"id":197401,"href":"https:\/\/smago.de\/ws2\/wp-json\/wp\/v2\/posts\/197400\/revisions\/197401"}],"wp:featuredmedia":[{"embeddable":true,"href":"https:\/\/smago.de\/ws2\/wp-json\/wp\/v2\/media\/197343"}],"wp:attachment":[{"href":"https:\/\/smago.de\/ws2\/wp-json\/wp\/v2\/media?parent=197400"}],"wp:term":[{"taxonomy":"category","embeddable":true,"href":"https:\/\/smago.de\/ws2\/wp-json\/wp\/v2\/categories?post=197400"},{"taxonomy":"post_tag","embeddable":true,"href":"https:\/\/smago.de\/ws2\/wp-json\/wp\/v2\/tags?post=197400"}],"curies":[{"name":"wp","href":"https:\/\/api.w.org\/{rel}","templated":true}]}}