{"id":197170,"date":"2023-02-15T23:59:33","date_gmt":"2023-02-15T22:59:33","guid":{"rendered":"https:\/\/smago.de\/ws2\/?p=197170"},"modified":"2023-02-15T08:01:25","modified_gmt":"2023-02-15T07:01:25","slug":"zdf-zdf-programmdirektorin-dr-nadine-bilke-wir-arbeiten-unermuedlich-an-neuem","status":"publish","type":"post","link":"https:\/\/smago.de\/ws2\/smago-informiert\/zdf-zdf-programmdirektorin-dr-nadine-bilke-wir-arbeiten-unermuedlich-an-neuem\/","title":{"rendered":"&#8222;ZDF&#8220; <br>ZDF-Programmdirektorin Dr. Nadine Bilke: &#8222;Wir arbeiten unerm\u00fcdlich an Neuem&#8220;!"},"content":{"rendered":"<p>Lesen Sie HIER ihren Gastbeitrag zu &#8222;60 Jahre ZDF&#8220; &#8230;:<br \/>\n<!--more--><\/p>\n<p>&nbsp;<\/p>\n<p style=\"text-align: justify;\">\n<p class=\"normalabsatz\" style=\"text-align: justify;\"><em>60 Jahre ZDF, das sind 60 Jahre gutes Programm f\u00fcr unser Publikum. 60 Jahre spannende Fiktion, hochwertige Unterhaltung, fundierte Wissensvermittlung und Kultur, die sich st\u00e4ndig neu erfindet. Ein Programm, das Menschen informiert, unterh\u00e4lt, bildet und verbindet. In 60 Jahren sind viele gro\u00dfe Marken entstanden, auf die wir stolz sind und die wir pflegen. Gleichzeitig ruhen wir uns nicht auf Erfolgen aus, sondern arbeiten unerm\u00fcdlich an Neuem, um unser Programm sowohl inhaltlich als auch in der Verbreitung am Puls der Zeit zu halten.<\/em><\/p>\n<p class=\"normalabsatz\" style=\"text-align: justify;\"><em>Auch 2023 erwartet Sie deshalb wieder ein vielf\u00e4ltiges und qualitativ hochwertiges Programm: Wir bieten packende Thriller (&#8222;Der Schwarm&#8220;) genauso wie Geschichten f\u00fcrs Herz (&#8222;Dr. Nice&#8220;). ZDFneo zeigt junge Serien f\u00fcr jede Stimmung und jeden Geschmack, von Comedy und Drama bis hin zu einer Horrorserie. Junge Presenterinnen und Presenter bringen frischen Wind in unsere Shows: Im ZDF gibt es Unterhaltung mit Anspruch, zum Nachdenken und auch zum Entspannen. Bildstarke und fundierte Dokumentationen bei &#8222;Terra X&#8220; und Co. bieten Wissen zum Eintauchen. F\u00fcr Kinder in den unterschiedlichsten Entwicklungsphasen machen wir Programm in ZDFtivi und bei KiKA und bieten Orientierung. Und nicht nur mit unseren &#8222;unbubble&#8220;-Formaten auf YouTube und in der ZDFmediathek, sondern auch in unseren Talk-Runden im ZDF bieten wir dem gesellschaftlichen Diskurs und der Meinungsvielfalt in Deutschland gro\u00dfe B\u00fchnen.<\/em><\/p>\n<p style=\"text-align: justify;\"><em>Voller Elan und mit vielen neuen Ideen und Programm-Highlights geben wir also in diesem Jubil\u00e4umsjahr ein festes Versprechen an unsere Zuschauerinnen und Zuschauer: Wir bieten Ihnen auch weiterhin gutes und hochwertiges Programm \u2013 egal auf welcher Plattform.<\/em><\/p>\n<p>&nbsp;<\/p>\n<p>&nbsp;<\/p>\n<p>&nbsp;<\/p>\n<figure id=\"attachment_197108\" aria-describedby=\"caption-attachment-197108\" style=\"width: 720px\" class=\"wp-caption alignnone\"><img decoding=\"async\" loading=\"lazy\" class=\"size-full wp-image-197108\" src=\"https:\/\/smago.de\/ws2\/wp-content\/uploads\/2023\/02\/csm_zdf_60Jahre_Pressemotiv_1600x900_3d35e5aa0e.jpg\" alt=\"\" width=\"720\" height=\"405\" srcset=\"https:\/\/smago.de\/ws2\/wp-content\/uploads\/2023\/02\/csm_zdf_60Jahre_Pressemotiv_1600x900_3d35e5aa0e.jpg 720w, https:\/\/smago.de\/ws2\/wp-content\/uploads\/2023\/02\/csm_zdf_60Jahre_Pressemotiv_1600x900_3d35e5aa0e-522x294.jpg 522w, https:\/\/smago.de\/ws2\/wp-content\/uploads\/2023\/02\/csm_zdf_60Jahre_Pressemotiv_1600x900_3d35e5aa0e-267x150.jpg 267w, https:\/\/smago.de\/ws2\/wp-content\/uploads\/2023\/02\/csm_zdf_60Jahre_Pressemotiv_1600x900_3d35e5aa0e-392x221.jpg 392w, https:\/\/smago.de\/ws2\/wp-content\/uploads\/2023\/02\/csm_zdf_60Jahre_Pressemotiv_1600x900_3d35e5aa0e-130x73.jpg 130w, https:\/\/smago.de\/ws2\/wp-content\/uploads\/2023\/02\/csm_zdf_60Jahre_Pressemotiv_1600x900_3d35e5aa0e-292x164.jpg 292w, https:\/\/smago.de\/ws2\/wp-content\/uploads\/2023\/02\/csm_zdf_60Jahre_Pressemotiv_1600x900_3d35e5aa0e-435x245.jpg 435w\" sizes=\"(max-width: 720px) 100vw, 720px\" \/><figcaption id=\"caption-attachment-197108\" class=\"wp-caption-text\"><em>60 Jahre ZDF: Das Jubil\u00e4umslogo<\/em><\/p>\n<p><em>Foto-Credit: ZDF &#8211; HA Kommunikation<\/em><\/figcaption><\/figure>\n","protected":false},"excerpt":{"rendered":"<p>Lesen Sie HIER ihren Gastbeitrag zu &#8222;60 Jahre ZDF&#8220; &#8230;:<\/p>\n","protected":false},"author":2,"featured_media":197108,"comment_status":"open","ping_status":"closed","sticky":false,"template":"","format":"standard","meta":{"_FSMCFIC_featured_image_caption":"","_FSMCFIC_featured_image_nocaption":"","_FSMCFIC_featured_image_hide":""},"categories":[33,128],"tags":[135],"acf":[],"_links":{"self":[{"href":"https:\/\/smago.de\/ws2\/wp-json\/wp\/v2\/posts\/197170"}],"collection":[{"href":"https:\/\/smago.de\/ws2\/wp-json\/wp\/v2\/posts"}],"about":[{"href":"https:\/\/smago.de\/ws2\/wp-json\/wp\/v2\/types\/post"}],"author":[{"embeddable":true,"href":"https:\/\/smago.de\/ws2\/wp-json\/wp\/v2\/users\/2"}],"replies":[{"embeddable":true,"href":"https:\/\/smago.de\/ws2\/wp-json\/wp\/v2\/comments?post=197170"}],"version-history":[{"count":1,"href":"https:\/\/smago.de\/ws2\/wp-json\/wp\/v2\/posts\/197170\/revisions"}],"predecessor-version":[{"id":197171,"href":"https:\/\/smago.de\/ws2\/wp-json\/wp\/v2\/posts\/197170\/revisions\/197171"}],"wp:featuredmedia":[{"embeddable":true,"href":"https:\/\/smago.de\/ws2\/wp-json\/wp\/v2\/media\/197108"}],"wp:attachment":[{"href":"https:\/\/smago.de\/ws2\/wp-json\/wp\/v2\/media?parent=197170"}],"wp:term":[{"taxonomy":"category","embeddable":true,"href":"https:\/\/smago.de\/ws2\/wp-json\/wp\/v2\/categories?post=197170"},{"taxonomy":"post_tag","embeddable":true,"href":"https:\/\/smago.de\/ws2\/wp-json\/wp\/v2\/tags?post=197170"}],"curies":[{"name":"wp","href":"https:\/\/api.w.org\/{rel}","templated":true}]}}