{"id":197168,"date":"2023-02-15T23:59:47","date_gmt":"2023-02-15T22:59:47","guid":{"rendered":"https:\/\/smago.de\/ws2\/?p=197168"},"modified":"2023-02-15T07:59:23","modified_gmt":"2023-02-15T06:59:23","slug":"zdf-zum-60-geburtstag-wir-wollen-ein-zdf-fuer-alle-sein","status":"publish","type":"post","link":"https:\/\/smago.de\/ws2\/smago-informiert\/zdf-zum-60-geburtstag-wir-wollen-ein-zdf-fuer-alle-sein\/","title":{"rendered":"&#8222;ZDF&#8220; <br>Zum 60. Geburtstag: &#8222;Wir wollen ein ZDF f\u00fcr alle sein&#8220;!"},"content":{"rendered":"<p id=\"ui-id-1\" class=\"ui-accordion-header ui-corner-top ui-state-default ui-accordion-icons ui-state-focus\" tabindex=\"0\" role=\"tab\" aria-controls=\"ui-id-2\" aria-selected=\"false\" aria-expanded=\"false\">Lesen Sie HIER ein Gru\u00dfwort von ZDF-Intendant Dr. Norbert Himmler!<br \/>\n<!--more--><\/p>\n<p tabindex=\"0\" role=\"tab\" aria-controls=\"ui-id-2\" aria-selected=\"false\" aria-expanded=\"false\">\n<p style=\"text-align: justify;\" tabindex=\"0\" role=\"tab\" aria-controls=\"ui-id-2\" aria-selected=\"false\" aria-expanded=\"false\">\n<p class=\"normalabsatz\" style=\"text-align: justify;\"><em>Der \u00f6ffentlich-rechtliche Rundfunk ist eine grundlegende S\u00e4ule f\u00fcr die Demokratie, f\u00fcr eine umfassend informierte und aufgekl\u00e4rte Gesellschaft. Die Menschen verlassen sich insbesondere in Zeiten von Krieg und Krise zu Recht auf unsere vertrauensw\u00fcrdige Berichterstattung, faire Diskussionsr\u00e4ume und unser vielf\u00e4ltiges Programm. Als ZDF stehen wir seit elf Jahren in Folge an der Spitze der deutschen Fernsehlandschaft, wir sind das erfolgreichste nationale Vollprogramm, mit einem europ\u00e4ischen Auftrag. Das zeigt, dass wir den Gro\u00dfteil der deutschen Bev\u00f6lkerung mit unserem Programm bereits jeden Tag erreichen \u2013 eine Bilanz, die uns nicht ausruhen l\u00e4sst, sondern anspornt, denn wir wollen ein ZDF f\u00fcr alle sein.<\/em><\/p>\n<p class=\"normalabsatz\" style=\"text-align: justify;\"><em>Schon w\u00e4hrend der Pandemie und im vergangenen Kriegsjahr hat sich einmal mehr gezeigt, wie wichtig das \u00f6ffentlich-rechtliche Angebot in der Information und in der Hintergrundberichterstattung ist. Als Anstalt der L\u00e4nder berichten wir f\u00fcr ganz Deutschland aus aller Welt und in die Regionen hinein. In unserem Anspruch an den Qualit\u00e4tsjournalismus bis hin zu wichtigen Themen wie dem Jugendschutz und der Barrierefreiheit m\u00fcssen wir jeden Tag best practice sein \u2013 engagiert, transparent und glaubw\u00fcrdig.<\/em><\/p>\n<p class=\"normalabsatz\" style=\"text-align: justify;\"><em>Dem wollen wir weiterhin gerecht werden, indem wir mit unserer Zuschauerschaft st\u00e4rker in den Austausch treten und auch die Menschen in Deutschland erreichen, die unser Angebot wenig bis gar nicht nutzen: Wir wollen j\u00fcngere Menschen ansprechen, die sich gerade in der Umbruchphase zu Beruf und Familiengr\u00fcndung befinden und sehr online- und streaming-affin sind. Zum anderen m\u00f6chte das ZDF noch besser diejenigen erreichen, die auf Grund ihrer Lebenssituation nur ein geringes Zeitbudget f\u00fcr Bewegtbildnutzung haben. Daf\u00fcr schaffen wir ein passgenaues Angebot in unseren Nachrichten, der Fiktion, im Bildungsbereich und der Unterhaltung \u2013 intelligent miteinander vernetzt auf den unterschiedlichen Plattformen. Das ist unser Auftrag f\u00fcr die gesamte ZDF-Familie und f\u00fcr ein zukunftsf\u00e4higes Netzwerk mit \u00f6ffentlich-rechtlichen Inhalten.<\/em><\/p>\n<p class=\"normalabsatz\" style=\"text-align: justify;\"><em>Unseren Zuschauerinnen und Zuschauern, Nutzerinnen und Nutzern, wollen wir zu diesem Anlass auch einmal Danke sagen: f\u00fcr ihr Vertrauen, f\u00fcr Kritik und Debatten, f\u00fcr ihre Begeisterung und den gro\u00dfen Zuspruch.<\/em><\/p>\n<p class=\"normalabsatz\" style=\"text-align: justify;\"><em>Der Dialog mit dem Publikum ist uns wichtig. Den wollen wir weiter ausbauen. Zum 60. Geburtstag hei\u00dft es deshalb: Wir haben viel zu tun. Im Sinne unseres Leitsatzes, den wir ins Zentrum unserer Reform gesetzt haben:<\/em><\/p>\n<p class=\"normalabsatz\" style=\"text-align: justify;\"><em>&#8222;Ein ZDF f\u00fcr alle&#8220;.<\/em><\/p>\n<p>&nbsp;<\/p>\n<p>&nbsp;<\/p>\n<figure id=\"attachment_197108\" aria-describedby=\"caption-attachment-197108\" style=\"width: 720px\" class=\"wp-caption alignnone\"><img decoding=\"async\" loading=\"lazy\" class=\"size-full wp-image-197108\" src=\"https:\/\/smago.de\/ws2\/wp-content\/uploads\/2023\/02\/csm_zdf_60Jahre_Pressemotiv_1600x900_3d35e5aa0e.jpg\" alt=\"\" width=\"720\" height=\"405\" srcset=\"https:\/\/smago.de\/ws2\/wp-content\/uploads\/2023\/02\/csm_zdf_60Jahre_Pressemotiv_1600x900_3d35e5aa0e.jpg 720w, https:\/\/smago.de\/ws2\/wp-content\/uploads\/2023\/02\/csm_zdf_60Jahre_Pressemotiv_1600x900_3d35e5aa0e-522x294.jpg 522w, https:\/\/smago.de\/ws2\/wp-content\/uploads\/2023\/02\/csm_zdf_60Jahre_Pressemotiv_1600x900_3d35e5aa0e-267x150.jpg 267w, https:\/\/smago.de\/ws2\/wp-content\/uploads\/2023\/02\/csm_zdf_60Jahre_Pressemotiv_1600x900_3d35e5aa0e-392x221.jpg 392w, https:\/\/smago.de\/ws2\/wp-content\/uploads\/2023\/02\/csm_zdf_60Jahre_Pressemotiv_1600x900_3d35e5aa0e-130x73.jpg 130w, https:\/\/smago.de\/ws2\/wp-content\/uploads\/2023\/02\/csm_zdf_60Jahre_Pressemotiv_1600x900_3d35e5aa0e-292x164.jpg 292w, https:\/\/smago.de\/ws2\/wp-content\/uploads\/2023\/02\/csm_zdf_60Jahre_Pressemotiv_1600x900_3d35e5aa0e-435x245.jpg 435w\" sizes=\"(max-width: 720px) 100vw, 720px\" \/><figcaption id=\"caption-attachment-197108\" class=\"wp-caption-text\"><em>60 Jahre ZDF: Das Jubil\u00e4umslogo<\/em><\/p>\n<p><em>Foto-Credit: ZDF &#8211; HA Kommunikation<\/em><\/figcaption><\/figure>\n","protected":false},"excerpt":{"rendered":"<p>Lesen Sie HIER ein Gru\u00dfwort von ZDF-Intendant Dr. Norbert Himmler!<\/p>\n","protected":false},"author":2,"featured_media":197108,"comment_status":"open","ping_status":"closed","sticky":false,"template":"","format":"standard","meta":{"_FSMCFIC_featured_image_caption":"","_FSMCFIC_featured_image_nocaption":"","_FSMCFIC_featured_image_hide":""},"categories":[33,128],"tags":[135],"acf":[],"_links":{"self":[{"href":"https:\/\/smago.de\/ws2\/wp-json\/wp\/v2\/posts\/197168"}],"collection":[{"href":"https:\/\/smago.de\/ws2\/wp-json\/wp\/v2\/posts"}],"about":[{"href":"https:\/\/smago.de\/ws2\/wp-json\/wp\/v2\/types\/post"}],"author":[{"embeddable":true,"href":"https:\/\/smago.de\/ws2\/wp-json\/wp\/v2\/users\/2"}],"replies":[{"embeddable":true,"href":"https:\/\/smago.de\/ws2\/wp-json\/wp\/v2\/comments?post=197168"}],"version-history":[{"count":1,"href":"https:\/\/smago.de\/ws2\/wp-json\/wp\/v2\/posts\/197168\/revisions"}],"predecessor-version":[{"id":197169,"href":"https:\/\/smago.de\/ws2\/wp-json\/wp\/v2\/posts\/197168\/revisions\/197169"}],"wp:featuredmedia":[{"embeddable":true,"href":"https:\/\/smago.de\/ws2\/wp-json\/wp\/v2\/media\/197108"}],"wp:attachment":[{"href":"https:\/\/smago.de\/ws2\/wp-json\/wp\/v2\/media?parent=197168"}],"wp:term":[{"taxonomy":"category","embeddable":true,"href":"https:\/\/smago.de\/ws2\/wp-json\/wp\/v2\/categories?post=197168"},{"taxonomy":"post_tag","embeddable":true,"href":"https:\/\/smago.de\/ws2\/wp-json\/wp\/v2\/tags?post=197168"}],"curies":[{"name":"wp","href":"https:\/\/api.w.org\/{rel}","templated":true}]}}