{"id":196940,"date":"2023-02-09T23:59:08","date_gmt":"2023-02-09T22:59:08","guid":{"rendered":"https:\/\/smago.de\/ws2\/?p=196940"},"modified":"2023-02-09T23:50:00","modified_gmt":"2023-02-09T22:50:00","slug":"calvin-kleinen-u-a-fr-10-02-2023-rtl-rtl-turmspringen","status":"publish","type":"post","link":"https:\/\/smago.de\/ws2\/party-schlager\/calvin-kleinen-u-a-fr-10-02-2023-rtl-rtl-turmspringen\/","title":{"rendered":"CALVIN KLEINEN u.a. <br>Fr., 10.02.2023, RTL: &#8222;RTL Turmspringen&#8220;!"},"content":{"rendered":"<p>20:15 Uhr &#8211; 00:00 Uhr!<br \/>\n<!--more--><\/p>\n<p>&nbsp;<\/p>\n<p>&nbsp;<\/p>\n<p>Leichtbekleidete Promis und Ehrgeiz bis unter die Achseln: Auch in 2023 wagen 20 mutige Stars den Sprung ins kalte Wasser. Zuvor gilt hartes Training f\u00fcr den Sieg. Mit dabei sind u.a. Ren\u00e9 Casselly, Fabian Hamb\u00fcchen, Calvin Kleinen, Jolina Mennen, Irina Schlauch sowie Lucy &amp; Nadja von den &#8222;No Angels&#8220;. Die Moderation der spannenden Liveshow aus der Schwimm- und Sprunghalle \u00fcbernehmen wieder Laura Wontorra, Jan K\u00f6ppen und Frank Buschmann.<\/p>\n<p>&nbsp;<\/p>\n<p>&nbsp;<\/p>\n<p>&nbsp;<\/p>\n<figure id=\"attachment_196942\" aria-describedby=\"caption-attachment-196942\" style=\"width: 800px\" class=\"wp-caption alignnone\"><img decoding=\"async\" loading=\"lazy\" class=\"size-large wp-image-196942\" src=\"https:\/\/smago.de\/ws2\/wp-content\/uploads\/2023\/02\/B10EC-800x450.jpg\" alt=\"\" width=\"800\" height=\"450\" srcset=\"https:\/\/smago.de\/ws2\/wp-content\/uploads\/2023\/02\/B10EC-800x450.jpg 800w, https:\/\/smago.de\/ws2\/wp-content\/uploads\/2023\/02\/B10EC-522x294.jpg 522w, https:\/\/smago.de\/ws2\/wp-content\/uploads\/2023\/02\/B10EC-267x150.jpg 267w, https:\/\/smago.de\/ws2\/wp-content\/uploads\/2023\/02\/B10EC-768x432.jpg 768w, https:\/\/smago.de\/ws2\/wp-content\/uploads\/2023\/02\/B10EC-1536x864.jpg 1536w, https:\/\/smago.de\/ws2\/wp-content\/uploads\/2023\/02\/B10EC-2048x1152.jpg 2048w, https:\/\/smago.de\/ws2\/wp-content\/uploads\/2023\/02\/B10EC-392x220.jpg 392w, https:\/\/smago.de\/ws2\/wp-content\/uploads\/2023\/02\/B10EC-130x73.jpg 130w, https:\/\/smago.de\/ws2\/wp-content\/uploads\/2023\/02\/B10EC-791x445.jpg 791w, https:\/\/smago.de\/ws2\/wp-content\/uploads\/2023\/02\/B10EC-870x489.jpg 870w, https:\/\/smago.de\/ws2\/wp-content\/uploads\/2023\/02\/B10EC-292x164.jpg 292w, https:\/\/smago.de\/ws2\/wp-content\/uploads\/2023\/02\/B10EC-435x245.jpg 435w, https:\/\/smago.de\/ws2\/wp-content\/uploads\/2023\/02\/B10EC-895x503.jpg 895w\" sizes=\"(max-width: 800px) 100vw, 800px\" \/><figcaption id=\"caption-attachment-196942\" class=\"wp-caption-text\"><em>Die Moderator:innen Jan K\u00f6ppen, Laura Wontorra und Frank Buschmann (v.li.) moderieren das Live-Sportereignis. (Archivfoto, 2022)<\/em><\/p>\n<p><em>Foto-Credit: RTL \/ Markus Nass<\/em><\/p>\n<p><em>Bitte beachten Sie auch <strong><a href=\"http:\/\/www.tvnow.de\">RTL+<\/a><\/strong>!<\/em><\/figcaption><\/figure>\n<p style=\"text-align: justify;\">\n<p style=\"text-align: justify;\">\n<p style=\"text-align: justify;\">\n<figure id=\"attachment_196943\" aria-describedby=\"caption-attachment-196943\" style=\"width: 800px\" class=\"wp-caption alignnone\"><img decoding=\"async\" loading=\"lazy\" class=\"size-large wp-image-196943\" src=\"https:\/\/smago.de\/ws2\/wp-content\/uploads\/2023\/02\/2CB23-800x534.jpg\" alt=\"\" width=\"800\" height=\"534\" srcset=\"https:\/\/smago.de\/ws2\/wp-content\/uploads\/2023\/02\/2CB23-800x534.jpg 800w, https:\/\/smago.de\/ws2\/wp-content\/uploads\/2023\/02\/2CB23-522x348.jpg 522w, https:\/\/smago.de\/ws2\/wp-content\/uploads\/2023\/02\/2CB23-225x150.jpg 225w, https:\/\/smago.de\/ws2\/wp-content\/uploads\/2023\/02\/2CB23-768x512.jpg 768w, https:\/\/smago.de\/ws2\/wp-content\/uploads\/2023\/02\/2CB23-1536x1025.jpg 1536w, https:\/\/smago.de\/ws2\/wp-content\/uploads\/2023\/02\/2CB23-2048x1366.jpg 2048w, https:\/\/smago.de\/ws2\/wp-content\/uploads\/2023\/02\/2CB23-392x261.jpg 392w, https:\/\/smago.de\/ws2\/wp-content\/uploads\/2023\/02\/2CB23-130x87.jpg 130w, https:\/\/smago.de\/ws2\/wp-content\/uploads\/2023\/02\/2CB23-667x445.jpg 667w, https:\/\/smago.de\/ws2\/wp-content\/uploads\/2023\/02\/2CB23-783x522.jpg 783w, https:\/\/smago.de\/ws2\/wp-content\/uploads\/2023\/02\/2CB23-285x190.jpg 285w, https:\/\/smago.de\/ws2\/wp-content\/uploads\/2023\/02\/2CB23-435x290.jpg 435w, https:\/\/smago.de\/ws2\/wp-content\/uploads\/2023\/02\/2CB23-150x100.jpg 150w, https:\/\/smago.de\/ws2\/wp-content\/uploads\/2023\/02\/2CB23-370x247.jpg 370w\" sizes=\"(max-width: 800px) 100vw, 800px\" \/><figcaption id=\"caption-attachment-196943\" class=\"wp-caption-text\"><\/em> <em>Promis vor dem freien Fall Teilnehmer vom &#8218;RTL Turmspringen&#8216; beim letzter Fototermin vor der Live-Sendung am Fr., 10.02.2023 ab 20:15 Uhr bei RTL<\/em><\/p>\n<p><em>Foto-Credit: RTL \/ Markus Nass<\/em><\/p>\n<p><em>Bitte beachten Sie auch <strong><a href=\"http:\/\/www.tvnow.de\">RTL+<\/a><\/strong>!<\/em><\/figcaption><\/figure>\n<p style=\"text-align: justify;\">\n<p style=\"text-align: justify;\">\n<p style=\"text-align: justify;\">\n<p style=\"text-align: justify;\">\n<figure id=\"attachment_196941\" aria-describedby=\"caption-attachment-196941\" style=\"width: 800px\" class=\"wp-caption alignnone\"><img decoding=\"async\" loading=\"lazy\" class=\"size-large wp-image-196941\" src=\"https:\/\/smago.de\/ws2\/wp-content\/uploads\/2023\/02\/6277E-800x534.jpg\" alt=\"\" width=\"800\" height=\"534\" srcset=\"https:\/\/smago.de\/ws2\/wp-content\/uploads\/2023\/02\/6277E-800x534.jpg 800w, https:\/\/smago.de\/ws2\/wp-content\/uploads\/2023\/02\/6277E-522x348.jpg 522w, https:\/\/smago.de\/ws2\/wp-content\/uploads\/2023\/02\/6277E-225x150.jpg 225w, https:\/\/smago.de\/ws2\/wp-content\/uploads\/2023\/02\/6277E-768x513.jpg 768w, https:\/\/smago.de\/ws2\/wp-content\/uploads\/2023\/02\/6277E-1536x1025.jpg 1536w, https:\/\/smago.de\/ws2\/wp-content\/uploads\/2023\/02\/6277E-2048x1367.jpg 2048w, https:\/\/smago.de\/ws2\/wp-content\/uploads\/2023\/02\/6277E-392x262.jpg 392w, https:\/\/smago.de\/ws2\/wp-content\/uploads\/2023\/02\/6277E-130x87.jpg 130w, https:\/\/smago.de\/ws2\/wp-content\/uploads\/2023\/02\/6277E-667x445.jpg 667w, https:\/\/smago.de\/ws2\/wp-content\/uploads\/2023\/02\/6277E-782x522.jpg 782w, https:\/\/smago.de\/ws2\/wp-content\/uploads\/2023\/02\/6277E-285x190.jpg 285w, https:\/\/smago.de\/ws2\/wp-content\/uploads\/2023\/02\/6277E-435x290.jpg 435w, https:\/\/smago.de\/ws2\/wp-content\/uploads\/2023\/02\/6277E-150x100.jpg 150w, https:\/\/smago.de\/ws2\/wp-content\/uploads\/2023\/02\/6277E-370x247.jpg 370w\" sizes=\"(max-width: 800px) 100vw, 800px\" \/><figcaption id=\"caption-attachment-196941\" class=\"wp-caption-text\"><\/em> <em>Promis vor dem freien Fall Teilnehmer vom &#8218;RTL Turmspringen&#8216; beim letzter Fototermin vor der Live-Sendung am Fr., 10.02.2023 ab 20:15 Uhr bei RTL<\/em><\/p>\n<p><em>Foto-Credit: RTL \/ Markus Nass<\/em><\/p>\n<p><em>Bitte beachten Sie auch <strong><a href=\"http:\/\/www.tvnow.de\">RTL+<\/a><\/strong>!<\/em><\/figcaption><\/figure>\n<p style=\"text-align: justify;\">\n<p style=\"text-align: justify;\">\n","protected":false},"excerpt":{"rendered":"<p>20:15 Uhr &#8211; 00:00 Uhr!<\/p>\n","protected":false},"author":2,"featured_media":196941,"comment_status":"open","ping_status":"closed","sticky":false,"template":"","format":"standard","meta":{"_FSMCFIC_featured_image_caption":"","_FSMCFIC_featured_image_nocaption":"","_FSMCFIC_featured_image_hide":""},"categories":[26,128],"tags":[2805],"acf":[],"_links":{"self":[{"href":"https:\/\/smago.de\/ws2\/wp-json\/wp\/v2\/posts\/196940"}],"collection":[{"href":"https:\/\/smago.de\/ws2\/wp-json\/wp\/v2\/posts"}],"about":[{"href":"https:\/\/smago.de\/ws2\/wp-json\/wp\/v2\/types\/post"}],"author":[{"embeddable":true,"href":"https:\/\/smago.de\/ws2\/wp-json\/wp\/v2\/users\/2"}],"replies":[{"embeddable":true,"href":"https:\/\/smago.de\/ws2\/wp-json\/wp\/v2\/comments?post=196940"}],"version-history":[{"count":1,"href":"https:\/\/smago.de\/ws2\/wp-json\/wp\/v2\/posts\/196940\/revisions"}],"predecessor-version":[{"id":196944,"href":"https:\/\/smago.de\/ws2\/wp-json\/wp\/v2\/posts\/196940\/revisions\/196944"}],"wp:featuredmedia":[{"embeddable":true,"href":"https:\/\/smago.de\/ws2\/wp-json\/wp\/v2\/media\/196941"}],"wp:attachment":[{"href":"https:\/\/smago.de\/ws2\/wp-json\/wp\/v2\/media?parent=196940"}],"wp:term":[{"taxonomy":"category","embeddable":true,"href":"https:\/\/smago.de\/ws2\/wp-json\/wp\/v2\/categories?post=196940"},{"taxonomy":"post_tag","embeddable":true,"href":"https:\/\/smago.de\/ws2\/wp-json\/wp\/v2\/tags?post=196940"}],"curies":[{"name":"wp","href":"https:\/\/api.w.org\/{rel}","templated":true}]}}